{"id":41471,"date":"2014-08-12T07:27:58","date_gmt":"2014-08-12T05:27:58","guid":{"rendered":"http:\/\/stockportal.hu\/?p=41471"},"modified":"2014-08-12T06:34:22","modified_gmt":"2014-08-12T04:34:22","slug":"mol-ina-ugy-harom-ideiglenes-megoldast-kert-az-ina-nak-a-horvat-gazdasagi-miniszter","status":"publish","type":"post","link":"https:\/\/gazdasagportal.hu\/index.php\/mol-ina-ugy-harom-ideiglenes-megoldast-kert-az-ina-nak-a-horvat-gazdasagi-miniszter\/","title":{"rendered":"Mol-INA-\u00fcgy &#8211; H\u00e1rom ideiglenes megold\u00e1st k\u00e9rt az INA-nak a horv\u00e1t gazdas\u00e1gi miniszter"},"content":{"rendered":"<p><strong>H\u00e1rom ideiglenes megold\u00e1st k\u00e9rt az INA-nak a horv\u00e1t \u00e1llam nev\u00e9ben Ivan Vrdoljak gazdas\u00e1gi miniszter P\u00e1rizsban, a Mol \u00e9s az INA k\u00f6z\u00f6tt h\u00e9tf\u0151n indult v\u00e1lasztottb\u00edr\u00f3s\u00e1gi elj\u00e1r\u00e1son &#8211; \u00edrta honlapj\u00e1n a Vecernji List c\u00edm\u0171 z\u00e1gr\u00e1bi napilap.<\/strong><!--more--><br \/>\n<div class=\"ads-in-post1\"><div id=\"gazdasagportal.hu_fullbanner_wideboard\"><\/div>\r\n<\/div>\n<p>    A besz\u00e1mol\u00f3 szerint Vrdoljak \u00e9s a horv\u00e1t \u00e1llamot k\u00e9pvisel\u0151 jog\u00e1szok az elj\u00e1r\u00e1s els\u0151 napj\u00e1n ismertett\u00e9k azokat az \u00e9rveket, amelyek szerint\u00fck azt bizony\u00edtj\u00e1k, hogy t\u00f6rv\u00e9nyellenes a Mollal az INA ir\u00e1ny\u00edt\u00e1si jogair\u00f3l, illetve a g\u00e1z\u00fczlet\u00e1gr\u00f3l k\u00f6t\u00f6tt szerz\u0151d\u00e9s, ez\u00e9rt ideiglenes megold\u00e1sokat k\u00e9rtek a test\u00fclett\u0151l. A Nemzetk\u00f6zi Kereskedelmi Kamara d\u00f6nt\u0151b\u00edr\u00f3s\u00e1g\u00e1t\u00f3l az k\u00e9rik, hogy tiltsa meg a Mol INA-r\u00e9szv\u00e9nyeinek tervezett elad\u00e1s\u00e1t, k\u00e9t horv\u00e1torsz\u00e1gi finom\u00edt\u00f3 bez\u00e1r\u00e1s\u00e1t, valamint a tov\u00e1bbiakban az INA-ban dolgoz\u00f3k elbocs\u00e1t\u00e1s\u00e1t. Ez ut\u00f3bbi k\u00e9r\u00e9st azzal indokolt\u00e1k, hogy a Mol vezet\u00e9s\u00e9nek \u00f6t \u00e9v\u00e9ben a dolgoz\u00f3k 18 sz\u00e1zal\u00e9k\u00e1t, 3500 embert bocs\u00e1tottak el. Emellett Vrdoljak szerint nem fektettek be a finom\u00edt\u00f3kba \u00e9s a horv\u00e1t olajipari v\u00e1llalat fejleszt\u00e9s\u00e9be.<br \/>\n    A horv\u00e1t korm\u00e1ny \u00e9rvel\u00e9se az Ivo Sander egykori minisztereln\u00f6k ellen hozott elmarasztal\u00f3 \u00edt\u00e9leten alapul. A Sanader elleni \u00edt\u00e9let szerint a volt horv\u00e1t korm\u00e1nyf\u0151 p\u00e9nzt fogadott el a Molt\u00f3l, hogy a c\u00e9g megszerezhesse az ir\u00e1ny\u00edt\u00e1si jogokat az INA felett. A Mol t\u00f6bbsz\u00f6r is visszautas\u00edtotta ezt a v\u00e1dat.<br \/>\n    A Vecernji List cikke szerint a Mol \u00e9rvel\u00e9s\u00e9t egy \u00fcgyv\u00e9di csoport ismertette, \u00e9s az \u00fcgyet els\u0151sorban politikai ir\u00e1nyb\u00f3l k\u00f6zel\u00edtett\u00e9k meg.<br \/>\n    Az \u00fajs\u00e1g inform\u00e1ci\u00f3i alapj\u00e1n a p\u00e1rizsi sz\u00e9khely\u0171 nemzetk\u00f6zi gazdas\u00e1gi kamara d\u00f6nt\u0151b\u00edr\u00f3s\u00e1ga egy-k\u00e9t h\u00f3napon bel\u00fcl d\u00f6nthet a horv\u00e1t f\u00e9l ideiglenes megold\u00e1ssal kapcsolatos k\u00e9relm\u00e9r\u0151l.<br \/>\n    A h\u00e9tf\u0151i t\u00e1rgyal\u00e1sokr\u00f3l hivatalosan egyik f\u00e9l sem nyilatkozott, k\u00f6zl\u00e9s\u00fck szerint az\u00e9rt, mert ez m\u00e9g csak az els\u0151 meghallgat\u00e1s volt, \u00e9s az elj\u00e1r\u00e1s ak\u00e1r k\u00e9t \u00e9vig is eltarthat.<br \/>\n    A Reuters h\u00edr\u00fcgyn\u00f6ks\u00e9g tud\u00f3s\u00edt\u00e1sa szerint Ivan Vrdoljak miniszter a horv\u00e1t \u00e1llami telev\u00edzi\u00f3nak P\u00e1rizsb\u00f3l nyilatkozva azt mondta: a t\u00e1rgyal\u00e1sos meg\u00e1llapod\u00e1st r\u00e9szes\u00edtik el\u0151nyben. Szeptemberben folytatn\u00e1k a megbesz\u00e9l\u00e9seket a Mollal, de ha nem tudnak meg\u00e1llapodni, akkor a b\u00edr\u00f3s\u00e1gnak kell d\u00f6ntenie.<br \/>\n    A Slobodna Dalmacija c\u00edm\u0171 napilap honlapj\u00e1n k\u00f6z\u00f6lt inform\u00e1ci\u00f3k szerint a Nemzetk\u00f6zi Kereskedelmi Kamara d\u00f6nt\u0151b\u00edr\u00f3s\u00e1g\u00e1nak hat\u00e1rozatai ellen nem lehet panaszt beny\u00fajtani vagy azokat ut\u00f3lag k\u00e9ts\u00e9gbe vonni.(MTI)<\/p>\n","protected":false},"excerpt":{"rendered":"<p>H\u00e1rom ideiglenes megold\u00e1st k\u00e9rt az INA-nak a horv\u00e1t \u00e1llam nev\u00e9ben Ivan Vrdoljak gazdas\u00e1gi miniszter P\u00e1rizsban, a Mol \u00e9s az INA k\u00f6z\u00f6tt h\u00e9tf\u0151n indult v\u00e1lasztottb\u00edr\u00f3s\u00e1gi elj\u00e1r\u00e1son &#8211; \u00edrta honlapj\u00e1n a Vecernji List c\u00edm\u0171 z\u00e1gr\u00e1bi napilap.<\/p>\n","protected":false},"author":1,"featured_media":26658,"comment_status":"open","ping_status":"closed","sticky":false,"template":"","format":"standard","meta":[],"categories":[146,140],"tags":[],"_links":{"self":[{"href":"https:\/\/gazdasagportal.hu\/index.php\/wp-json\/wp\/v2\/posts\/41471"}],"collection":[{"href":"https:\/\/gazdasagportal.hu\/index.php\/wp-json\/wp\/v2\/posts"}],"about":[{"href":"https:\/\/gazdasagportal.hu\/index.php\/wp-json\/wp\/v2\/types\/post"}],"author":[{"embeddable":true,"href":"https:\/\/gazdasagportal.hu\/index.php\/wp-json\/wp\/v2\/users\/1"}],"replies":[{"embeddable":true,"href":"https:\/\/gazdasagportal.hu\/index.php\/wp-json\/wp\/v2\/comments?post=41471"}],"version-history":[{"count":2,"href":"https:\/\/gazdasagportal.hu\/index.php\/wp-json\/wp\/v2\/posts\/41471\/revisions"}],"predecessor-version":[{"id":41475,"href":"https:\/\/gazdasagportal.hu\/index.php\/wp-json\/wp\/v2\/posts\/41471\/revisions\/41475"}],"wp:featuredmedia":[{"embeddable":true,"href":"https:\/\/gazdasagportal.hu\/index.php\/wp-json\/wp\/v2\/media\/26658"}],"wp:attachment":[{"href":"https:\/\/gazdasagportal.hu\/index.php\/wp-json\/wp\/v2\/media?parent=41471"}],"wp:term":[{"taxonomy":"category","embeddable":true,"href":"https:\/\/gazdasagportal.hu\/index.php\/wp-json\/wp\/v2\/categories?post=41471"},{"taxonomy":"post_tag","embeddable":true,"href":"https:\/\/gazdasagportal.hu\/index.php\/wp-json\/wp\/v2\/tags?post=41471"}],"curies":[{"name":"wp","href":"https:\/\/api.w.org\/{rel}","templated":true}]}}