{"id":41469,"date":"2014-08-11T22:31:50","date_gmt":"2014-08-11T20:31:50","guid":{"rendered":"http:\/\/stockportal.hu\/?p=41469"},"modified":"2014-08-11T21:32:26","modified_gmt":"2014-08-11T19:32:26","slug":"iraki-lazadas-london-harci-gepeket-kuldene-irakba-de-nem-tervez-katonai-akciot","status":"publish","type":"post","link":"https:\/\/gazdasagportal.hu\/index.php\/iraki-lazadas-london-harci-gepeket-kuldene-irakba-de-nem-tervez-katonai-akciot\/","title":{"rendered":"Iraki l\u00e1zad\u00e1s &#8211; London harci g\u00e9peket k\u00fcldene Irakba, de nem tervez katonai akci\u00f3t"},"content":{"rendered":"<p><strong>A brit korm\u00e1ny fontol\u00f3ra vette, hogy Tornado t\u00edpus\u00fa harci rep\u00fcl\u0151g\u00e9peket k\u00fcld az iraki harcok t\u00e9rs\u00e9g\u00e9be, de a g\u00e9pek egyel\u0151re nem venn\u00e9nek r\u00e9szt katonai m\u0171veletekben.<\/strong><!--more--><br \/>\n<div class=\"ads-in-post1\"><div id=\"gazdasagportal.hu_fullbanner_wideboard\"><\/div>\r\n<\/div>\n<p>    A BBC korm\u00e1nyzati \u00e9s hadvezet\u00e9si forr\u00e1sokat id\u00e9z\u0151 h\u00e9tf\u0151i besz\u00e1mol\u00f3ja szerint a brit kir\u00e1lyi l\u00e9gier\u0151 (RAF) g\u00e9pei els\u0151sorban felder\u00edt\u00e9st v\u00e9gezn\u00e9nek, ezzel seg\u00edtve a humanit\u00e1rius seg\u00e9lyeket sz\u00e1ll\u00edt\u00f3 brit rep\u00fcl\u0151g\u00e9pek eljut\u00e1s\u00e1t a harcokt\u00f3l s\u00fajtott iraki orsz\u00e1gr\u00e9szekbe.<br \/>\n    A BBC \u00e9rtes\u00fcl\u00e9se szerint az RAF egyik sz\u00e1ll\u00edt\u00f3g\u00e9pe vas\u00e1rnap nem tudta ledobni az \u00e1ltala Irakba sz\u00e1ll\u00edtott \u00e9lelmiszer- \u00e9s iv\u00f3v\u00edztart\u00e1lyokat, mivel felder\u00edt\u00e9si adatok hi\u00e1ny\u00e1ban f\u00e9l\u0151 volt, hogy a neh\u00e9z tart\u00e1lyok a seg\u00e9lyekre v\u00e1r\u00f3 emberekre zuhannak.<br \/>\n    A Tornado harci g\u00e9pek feladata lenne azoknak a ter\u00fcleteknek a kijel\u00f6l\u00e9se, ahov\u00e1 a sz\u00e1ll\u00edt\u00f3g\u00e9pek fed\u00e9lzet\u00e9r\u0151l biztons\u00e1ggal ledobhat\u00f3k a seg\u00e9lycsomagok.<br \/>\n    Philip Hammond brit k\u00fcl\u00fcgyminiszter h\u00e9tf\u0151n kijelentette, hogy a brit korm\u00e1ny &#8222;jelenleg&#8221; nem sz\u00e1mol katonai szerepv\u00e1llal\u00e1ssal Irakban. Hammond ez\u00e9rt sz\u00fcks\u00e9gtelennek nevezte a parlament visszah\u00edv\u00e1s\u00e1t ny\u00e1ri sz\u00fcnet\u00e9r\u0151l, mert szavai szerint erre csak katonai beavatkoz\u00e1s eset\u00e9n lenne sz\u00fcks\u00e9g, most pedig &#8222;emberiess\u00e9gi beavatkoz\u00e1s&#8221; van folyamatban az Iszl\u00e1m \u00c1llam nev\u0171 sz\u00e9ls\u0151s\u00e9ges fegyveres mil\u00edcia el\u0151l menek\u00fcl\u0151k megseg\u00edt\u00e9s\u00e9re.<br \/>\n    Az elm\u00falt napokban t\u00f6bb als\u00f3h\u00e1zi k\u00e9pvisel\u0151 szorgalmazta a parlament rendk\u00edv\u00fcli \u00fcl\u00e9s\u00e9nek \u00f6sszeh\u00edv\u00e1s\u00e1t az iraki helyzet miatt, \u00e9s azt, hogy a brit l\u00e9gier\u0151 csatlakozzon az Irakban v\u00e9grehajtott amerikai l\u00e9gi hadm\u0171veletekhez.<br \/>\n    A ny\u00e1ri szabads\u00e1g\u00e1t Portug\u00e1li\u00e1ban t\u00f6lt\u0151 brit korm\u00e1nyf\u0151, David Cameron sz\u00f3viv\u0151je azonban meger\u0151s\u00edtette h\u00e9tf\u0151n, hogy nem szerepel a tervek k\u00f6z\u00f6tt a parlament visszah\u00edv\u00e1sa, mivel Nagy-Britannia nem katonai, hanem humanit\u00e1rius tev\u00e9kenys\u00e9get folytat Irakban.(MTI)<\/p>\n","protected":false},"excerpt":{"rendered":"<p>A brit korm\u00e1ny fontol\u00f3ra vette, hogy Tornado t\u00edpus\u00fa harci rep\u00fcl\u0151g\u00e9peket k\u00fcld az iraki harcok t\u00e9rs\u00e9g\u00e9be, de a g\u00e9pek egyel\u0151re nem venn\u00e9nek r\u00e9szt katonai m\u0171veletekben.<\/p>\n","protected":false},"author":1,"featured_media":0,"comment_status":"open","ping_status":"closed","sticky":false,"template":"","format":"standard","meta":[],"categories":[16],"tags":[],"_links":{"self":[{"href":"https:\/\/gazdasagportal.hu\/index.php\/wp-json\/wp\/v2\/posts\/41469"}],"collection":[{"href":"https:\/\/gazdasagportal.hu\/index.php\/wp-json\/wp\/v2\/posts"}],"about":[{"href":"https:\/\/gazdasagportal.hu\/index.php\/wp-json\/wp\/v2\/types\/post"}],"author":[{"embeddable":true,"href":"https:\/\/gazdasagportal.hu\/index.php\/wp-json\/wp\/v2\/users\/1"}],"replies":[{"embeddable":true,"href":"https:\/\/gazdasagportal.hu\/index.php\/wp-json\/wp\/v2\/comments?post=41469"}],"version-history":[{"count":1,"href":"https:\/\/gazdasagportal.hu\/index.php\/wp-json\/wp\/v2\/posts\/41469\/revisions"}],"predecessor-version":[{"id":41470,"href":"https:\/\/gazdasagportal.hu\/index.php\/wp-json\/wp\/v2\/posts\/41469\/revisions\/41470"}],"wp:attachment":[{"href":"https:\/\/gazdasagportal.hu\/index.php\/wp-json\/wp\/v2\/media?parent=41469"}],"wp:term":[{"taxonomy":"category","embeddable":true,"href":"https:\/\/gazdasagportal.hu\/index.php\/wp-json\/wp\/v2\/categories?post=41469"},{"taxonomy":"post_tag","embeddable":true,"href":"https:\/\/gazdasagportal.hu\/index.php\/wp-json\/wp\/v2\/tags?post=41469"}],"curies":[{"name":"wp","href":"https:\/\/api.w.org\/{rel}","templated":true}]}}