{"id":41464,"date":"2014-08-12T05:33:33","date_gmt":"2014-08-12T03:33:33","guid":{"rendered":"http:\/\/stockportal.hu\/?p=41464"},"modified":"2014-08-11T21:24:17","modified_gmt":"2014-08-11T19:24:17","slug":"ukran-valsag-washingtoni-tisztviselo-az-egyesult-allamok-nem-tesz-elhamarkodott-lepeseket","status":"publish","type":"post","link":"https:\/\/gazdasagportal.hu\/index.php\/ukran-valsag-washingtoni-tisztviselo-az-egyesult-allamok-nem-tesz-elhamarkodott-lepeseket\/","title":{"rendered":"Ukr\u00e1n v\u00e1ls\u00e1g &#8211; Washingtoni tisztvisel\u0151: az Egyes\u00fclt \u00c1llamok nem tesz elhamarkodott l\u00e9p\u00e9seket"},"content":{"rendered":"<p><strong>Az Ukrajn\u00e1val szembeni orosz agresszi\u00f3 Washington sz\u00e1m\u00e1ra elfogadhatatlan, de az Egyes\u00fclt \u00c1llamok \u00e9s a NATO nem tesz elhamarkodott katonai l\u00e9p\u00e9seket, nem t\u00f6rt\u00e9nt konkr\u00e9t akci\u00f3 az \u00e9szak-atlanti sz\u00f6vets\u00e9g ter\u00fclete ellen &#8211; mondta h\u00e9tf\u0151n egy vezet\u0151 amerikai k\u00fcl\u00fcgyi tisztvisel\u0151 Washingtonban k\u00fclf\u00f6ldi \u00fajs\u00e1g\u00edr\u00f3knak.<\/strong><!--more--><br \/>\n<div class=\"ads-in-post1\"><div id=\"gazdasagportal.hu_fullbanner_wideboard\"><\/div>\r\n<\/div>\n<p>    Az Egyes\u00fclt \u00c1llamok mindenk\u00e9ppen el akarja ker\u00fclni, hogy az ukrajnai v\u00e1ls\u00e1gb\u00f3l amerikai-orosz k\u00e9rd\u00e9s legyen. Washington semmik\u00e9ppen sem akarja, hogy a l\u00e1zad\u00f3k esetleg lel\u0151jenek egy amerikai pil\u00f3ta n\u00e9lk\u00fcli g\u00e9pet vagy egy\u00e9b technik\u00e1t &#8211; hangzott el a k\u00fcl\u00fcgyminiszt\u00e9rium eur\u00f3pai f\u0151oszt\u00e1ly\u00e1n tartott h\u00e9tf\u0151i h\u00e1tt\u00e9rbesz\u00e9lget\u00e9sen.<br \/>\n    A n\u00e9vtelens\u00e9get k\u00e9r\u0151 tisztvisel\u0151 kifejtette, hogy az Egyes\u00fclt \u00c1llamok m\u00e9g nem z\u00e1rta ki annak a lehet\u0151s\u00e9g\u00e9t, hogy az ukrajnai v\u00e1ls\u00e1ggal kapcsolatban valamilyen form\u00e1ban bevesse a l\u00e9gier\u0151t.<br \/>\n    Az MTI k\u00e9rd\u00e9s\u00e9re v\u00e1laszolva azt mondta, &#8222;tudom\u00e1sa szerint&#8221; jelenleg nincs amerikai technika a l\u00e1zad\u00f3k ter\u00fclete felett.<br \/>\n    Az illet\u00e9kes elmondta, hogy az Egyes\u00fclt \u00c1llamok nem akar egy \u00fajabb eur\u00f3pai h\u00e1bor\u00fat, s ezt Washington t\u00f6bbsz\u00f6r is vil\u00e1goss\u00e1 tette. Szerinte ez\u00e9rt is b\u00e1torodott fel Vlagyimir Putyin orosz eln\u00f6k, aki nemcsak a nemzetk\u00f6zi jogot s\u00e9rtette meg l\u00e9p\u00e9seivel, hanem az amerikai-orosz egy\u00fcttm\u0171k\u00f6d\u00e9si meg\u00e1llapod\u00e1st is.<br \/>\n    A k\u00fcl\u00fcgyi tisztvisel\u0151 kifejtette, hogy a szeptember 4-5-i walesi NATO-cs\u00facstal\u00e1lkoz\u00f3 vezet\u0151 k\u00e9rd\u00e9se lesz az ukr\u00e1n v\u00e1ls\u00e1g, az orosz agresszi\u00f3, a Kr\u00edm f\u00e9lsziget bekebelez\u00e9se \u00e9s a kelet-ukrajnai szakad\u00e1rok t\u00e1mogat\u00e1sa Oroszorsz\u00e1g \u00e1ltal.<br \/>\n    Arra a k\u00e9rd\u00e9sre, hogy milyen eredm\u00e9nyt v\u00e1r Washington a NATO-vezet\u0151k tal\u00e1lkoz\u00f3j\u00e1t\u00f3l, elmondta, a NATO konszenzusos szervezet, a sz\u00f6vets\u00e9gesek csak egym\u00e1ssal egyet\u00e9rt\u00e9sben hat\u00e1rozhatnak fell\u00e9p\u00e9s\u00fckr\u0151l.<br \/>\n    Az &#8222;\u00e1lland\u00f3 t\u00e9rs\u00e9gbeli jelenl\u00e9t&#8221; \u00e9rz\u00e9keltet\u00e9s\u00e9re fontos hadgyakorlatokat \u00e9s k\u00e9pz\u00e9si programokat fognak szervezni, ezenk\u00edv\u00fcl infrastruktur\u00e1lis fejleszt\u00e9sek lesznek az \u00fagynevezett frontvonalbeli orsz\u00e1gokban, a balti \u00e1llamokban, Lengyelorsz\u00e1gban \u00e9s Bulg\u00e1ri\u00e1ban.<br \/>\n    A tisztvisel\u0151 azt is elmondta, hogy az Egyes\u00fclt \u00c1llamok a NATO-k\u00e9pess\u00e9gek fejleszt\u00e9se \u00e9rdek\u00e9ben egyik f\u0151 c\u00e9ljak\u00e9nt meg akarja gy\u0151zni a sz\u00f6vets\u00e9geseket vagy legal\u00e1bbis t\u00f6bbs\u00e9g\u00fcket, hogy ford\u00edts\u00e1k meg a v\u00e9delmi kiad\u00e1sok cs\u00f6kken\u0151 tendenci\u00e1j\u00e1t. Washington azt akarja el\u00e9rni, hogy a NATO orsz\u00e1gok katonai k\u00f6lts\u00e9gvet\u00e9se az elk\u00f6vetkez\u0151 \u00e9vtized v\u00e9g\u00e9re el\u00e9rje hazai \u00f6sszterm\u00e9k\u00fck k\u00e9t sz\u00e1zal\u00e9k\u00e1t.<br \/>\n    A NATO b\u0151v\u00edt\u00e9se kapcs\u00e1n az illet\u00e9kes \u00fagy fogalmazott, hogy ez nem lesz b\u0151v\u00edt\u00e9si cs\u00facs. Ugyanakkor lesz\u00f6gezte, az \u00e9szak-atlanti szervezet b\u0151v\u00edt\u00e9s\u00e9nek folyamata nem z\u00e1rult le, a NATO tov\u00e1bbra is nyitva van, s ezt vil\u00e1goss\u00e1 kell tenni Gr\u00fazia, Montenegr\u00f3 \u00e9s Bosznia-Hercegovina sz\u00e1m\u00e1ra, amelyeknek egyebek k\u00f6z\u00f6tt belbiztons\u00e1gi reformokat kell v\u00e9grehajtaniuk.<br \/>\n    A mal\u00e1j utassz\u00e1ll\u00edt\u00f3 kelet-ukrajnai lezuhan\u00e1sa kapcs\u00e1n arr\u00f3l besz\u00e9lt, hogy sz\u00f6rny\u0171 trag\u00e9dia t\u00f6rt\u00e9nt, sok NATO-orsz\u00e1g \u00e1llampolg\u00e1ra is \u00e9let\u00e9t vesztette. A vizsg\u00e1lat m\u00e9g tart, \u00e9s senki nem gondolja, hogy ez az eset casus belli, vagyis ok h\u00e1bor\u00fa ind\u00edt\u00e1s\u00e1ra.(MTI)<\/p>\n","protected":false},"excerpt":{"rendered":"<p>Az Ukrajn\u00e1val szembeni orosz agresszi\u00f3 Washington sz\u00e1m\u00e1ra elfogadhatatlan, de az Egyes\u00fclt \u00c1llamok \u00e9s a NATO nem tesz elhamarkodott katonai l\u00e9p\u00e9seket, nem t\u00f6rt\u00e9nt konkr\u00e9t akci\u00f3 az \u00e9szak-atlanti sz\u00f6vets\u00e9g ter\u00fclete ellen &#8211; mondta h\u00e9tf\u0151n egy vezet\u0151 amerikai k\u00fcl\u00fcgyi tisztvisel\u0151 Washingtonban k\u00fclf\u00f6ldi \u00fajs\u00e1g\u00edr\u00f3knak.<\/p>\n","protected":false},"author":1,"featured_media":0,"comment_status":"open","ping_status":"closed","sticky":false,"template":"","format":"standard","meta":[],"categories":[139],"tags":[],"_links":{"self":[{"href":"https:\/\/gazdasagportal.hu\/index.php\/wp-json\/wp\/v2\/posts\/41464"}],"collection":[{"href":"https:\/\/gazdasagportal.hu\/index.php\/wp-json\/wp\/v2\/posts"}],"about":[{"href":"https:\/\/gazdasagportal.hu\/index.php\/wp-json\/wp\/v2\/types\/post"}],"author":[{"embeddable":true,"href":"https:\/\/gazdasagportal.hu\/index.php\/wp-json\/wp\/v2\/users\/1"}],"replies":[{"embeddable":true,"href":"https:\/\/gazdasagportal.hu\/index.php\/wp-json\/wp\/v2\/comments?post=41464"}],"version-history":[{"count":1,"href":"https:\/\/gazdasagportal.hu\/index.php\/wp-json\/wp\/v2\/posts\/41464\/revisions"}],"predecessor-version":[{"id":41465,"href":"https:\/\/gazdasagportal.hu\/index.php\/wp-json\/wp\/v2\/posts\/41464\/revisions\/41465"}],"wp:attachment":[{"href":"https:\/\/gazdasagportal.hu\/index.php\/wp-json\/wp\/v2\/media?parent=41464"}],"wp:term":[{"taxonomy":"category","embeddable":true,"href":"https:\/\/gazdasagportal.hu\/index.php\/wp-json\/wp\/v2\/categories?post=41464"},{"taxonomy":"post_tag","embeddable":true,"href":"https:\/\/gazdasagportal.hu\/index.php\/wp-json\/wp\/v2\/tags?post=41464"}],"curies":[{"name":"wp","href":"https:\/\/api.w.org\/{rel}","templated":true}]}}