{"id":41462,"date":"2014-08-12T04:42:28","date_gmt":"2014-08-12T02:42:28","guid":{"rendered":"http:\/\/stockportal.hu\/?p=41462"},"modified":"2014-08-11T21:26:06","modified_gmt":"2014-08-11T19:26:06","slug":"ukran-valsag-kijev-oroszorszag-45-ezer-katonat-vont-ossze-az-ukran-hatarnal","status":"publish","type":"post","link":"https:\/\/gazdasagportal.hu\/index.php\/ukran-valsag-kijev-oroszorszag-45-ezer-katonat-vont-ossze-az-ukran-hatarnal\/","title":{"rendered":"Ukr\u00e1n v\u00e1ls\u00e1g &#8211; Oroszorsz\u00e1g 45 ezer katon\u00e1t vont \u00f6ssze az ukr\u00e1n hat\u00e1rn\u00e1l"},"content":{"rendered":"<p><strong>Oroszorsz\u00e1g folytatja katonai jelenl\u00e9t\u00e9nek n\u00f6vel\u00e9s\u00e9t az ukr\u00e1n hat\u00e1r ment\u00e9n, m\u00e1r 45 ezer katon\u00e1t vont \u00f6ssze a t\u00e9rs\u00e9gben &#8211; jelentette ki h\u00e9tf\u0151n Kijevben az ukr\u00e1n Nemzetv\u00e9delmi \u00e9s Biztons\u00e1gi Tan\u00e1cs (RNBO) sz\u00f3viv\u0151je.<!--more--><\/strong><br \/>\n<div class=\"ads-in-post1\"><div id=\"gazdasagportal.hu_fullbanner_wideboard\"><\/div>\r\n<\/div>\n<p>Andrij Liszenko k\u00f6zl\u00e9se szerint az orosz fegyveres er\u0151k jelent\u0151s mennyis\u00e9g\u0171 hadieszk\u00f6zzel vannak jelen az ukr\u00e1n hat\u00e1r k\u00f6zel\u00e9ben: 160 harckocsival, 1350 p\u00e1nc\u00e9lozott harcj\u00e1rm\u0171vel, 390 t\u00fcz\u00e9rs\u00e9gi fegyverrel, 150 Grad rak\u00e9ta-sorozatvet\u0151vel, 192 katonai rep\u00fcl\u0151g\u00e9ppel \u00e9s t\u00f6bb mint sz\u00e1z helikopterrel.<br \/>\nA sz\u00f3viv\u0151 k\u00f6z\u00f6lte tov\u00e1bb\u00e1, hogy az orosz hadsereg \u00fajabb hadgyakorlatot kezdett a pszkovi ter\u00fcleten, \u00c9sztorsz\u00e1g \u00e9s Lettorsz\u00e1g hat\u00e1r\u00e1t\u00f3l nem messze, mintegy h\u00e1rom ezer katona \u00e9s harminc rep\u00fcl\u0151g\u00e9p bevon\u00e1s\u00e1val.<br \/>\nAz orosz v\u00e9delmi miniszt\u00e9rium p\u00e9nteken jelentette be, hogy befejez\u0151d\u00f6tt az a hadgyakorlat, amelyet D\u00e9l-Oroszorsz\u00e1gban, az ukr\u00e1n hat\u00e1r k\u00f6zel\u00e9ben tartottak a m\u00falt h\u00e9ten.<br \/>\nLiszenko egy kor\u00e1bbi h\u00e9tf\u0151i sajt\u00f3t\u00e1j\u00e9koztat\u00f3j\u00e1n arr\u00f3l sz\u00e1molt be, hogy az ukr\u00e1n fegyveres er\u0151k az elm\u00falt napokban egyszerre n\u00e9gy fel\u0151l t\u00e1madj\u00e1k a szeparatist\u00e1kat: a megyesz\u00e9khelyekn\u00e9l, Donyeckn\u00e9l \u00e9s Luhanszkn\u00e1l, valamint Alcsevszk-Szahanov, illetve Torez-Sznyizsne ir\u00e1nyban. A sz\u00f3viv\u0151 azt mondta, hogy a kelet-ukrajnai szakad\u00e1rok komoly vesztes\u00e9geket szenvedtek, ugyanakkor konkr\u00e9t adatokat nem hozott nyilv\u00e1noss\u00e1gra. \u00c1ll\u00edt\u00e1sa szerint a kelet-ukrajnai szeparatist\u00e1k mellett harcol\u00f3 orosz zsoldosok k\u00f6r\u00e9ben p\u00e1nikhangulat uralkodik, t\u00f6megesen dezert\u00e1lnak.<br \/>\nArszenyij Jacenyuk ukr\u00e1n minisztereln\u00f6k h\u00e9tf\u0151n azt k\u00f6z\u00f6lte \u00fajs\u00e1g\u00edr\u00f3kkal, hogy m\u00e1r 50 ezer f\u0151re n\u0151tt a kelet-ukrajnai szeparatist\u00e1k ellen ind\u00edtott &#8222;terrorellenes hadm\u0171veletben&#8221; r\u00e9szt vev\u0151k l\u00e9tsz\u00e1ma.<br \/>\nKijevben tov\u00e1bbra sem z\u00e1rj\u00e1k ki annak lehet\u0151s\u00e9g\u00e9t, hogy az orosz hadsereg humanit\u00e1rius seg\u00edts\u00e9gny\u00fajt\u00e1s \u00fcr\u00fcgy\u00e9n benyomul Kelet-Ukrajn\u00e1ba.<br \/>\nPetro Porosenko ukr\u00e1n eln\u00f6k a m\u00falt h\u00e9tv\u00e9g\u00e9n kijelentette, hogy Kijev k\u00e9sz elfogadni humanit\u00e1rius seg\u00edts\u00e9get, de csak akkor, ha az egy nemzetk\u00f6zi misszi\u00f3 lesz, kiz\u00e1r\u00f3lag ukr\u00e1n katonai k\u00eds\u00e9rettel, \u00e9s ha az ukr\u00e1n hat\u00e1r\u0151rs\u00e9g \u00e1ltal ellen\u0151rz\u00f6tt \u00e1tkel\u0151helyeken halad \u00e1t.(MTI)<\/p>\n","protected":false},"excerpt":{"rendered":"<p>Oroszorsz\u00e1g folytatja katonai jelenl\u00e9t\u00e9nek n\u00f6vel\u00e9s\u00e9t az ukr\u00e1n hat\u00e1r ment\u00e9n, m\u00e1r 45 ezer katon\u00e1t vont \u00f6ssze a t\u00e9rs\u00e9gben &#8211; jelentette ki h\u00e9tf\u0151n Kijevben az ukr\u00e1n Nemzetv\u00e9delmi \u00e9s Biztons\u00e1gi Tan\u00e1cs (RNBO) sz\u00f3viv\u0151je.<\/p>\n","protected":false},"author":1,"featured_media":0,"comment_status":"open","ping_status":"closed","sticky":false,"template":"","format":"standard","meta":[],"categories":[139],"tags":[],"_links":{"self":[{"href":"https:\/\/gazdasagportal.hu\/index.php\/wp-json\/wp\/v2\/posts\/41462"}],"collection":[{"href":"https:\/\/gazdasagportal.hu\/index.php\/wp-json\/wp\/v2\/posts"}],"about":[{"href":"https:\/\/gazdasagportal.hu\/index.php\/wp-json\/wp\/v2\/types\/post"}],"author":[{"embeddable":true,"href":"https:\/\/gazdasagportal.hu\/index.php\/wp-json\/wp\/v2\/users\/1"}],"replies":[{"embeddable":true,"href":"https:\/\/gazdasagportal.hu\/index.php\/wp-json\/wp\/v2\/comments?post=41462"}],"version-history":[{"count":2,"href":"https:\/\/gazdasagportal.hu\/index.php\/wp-json\/wp\/v2\/posts\/41462\/revisions"}],"predecessor-version":[{"id":41466,"href":"https:\/\/gazdasagportal.hu\/index.php\/wp-json\/wp\/v2\/posts\/41462\/revisions\/41466"}],"wp:attachment":[{"href":"https:\/\/gazdasagportal.hu\/index.php\/wp-json\/wp\/v2\/media?parent=41462"}],"wp:term":[{"taxonomy":"category","embeddable":true,"href":"https:\/\/gazdasagportal.hu\/index.php\/wp-json\/wp\/v2\/categories?post=41462"},{"taxonomy":"post_tag","embeddable":true,"href":"https:\/\/gazdasagportal.hu\/index.php\/wp-json\/wp\/v2\/tags?post=41462"}],"curies":[{"name":"wp","href":"https:\/\/api.w.org\/{rel}","templated":true}]}}