{"id":41456,"date":"2014-08-12T07:57:52","date_gmt":"2014-08-12T05:57:52","guid":{"rendered":"http:\/\/stockportal.hu\/?p=41456"},"modified":"2014-08-11T21:25:30","modified_gmt":"2014-08-11T19:25:30","slug":"ukran-valsag-obamaval-targyalt-az-ukran-elnok-egy-nemzetkozi-humanitarius-missziorol","status":"publish","type":"post","link":"https:\/\/gazdasagportal.hu\/index.php\/ukran-valsag-obamaval-targyalt-az-ukran-elnok-egy-nemzetkozi-humanitarius-missziorol\/","title":{"rendered":"Ukr\u00e1n v\u00e1ls\u00e1g &#8211; Obam\u00e1val t\u00e1rgyalt az ukr\u00e1n eln\u00f6k egy nemzetk\u00f6zi humanit\u00e1rius misszi\u00f3r\u00f3l"},"content":{"rendered":"<p><strong>Petro Porosenko ukr\u00e1n eln\u00f6k Barack Obam\u00e1val folytatott telefonon megbesz\u00e9l\u00e9st h\u00e9tf\u0151n, azt k\u00f6vet\u0151en, hogy Moszkva bejelentette: &#8222;humanit\u00e1rius konvojt&#8221; ind\u00edt Kelet-Ukrajn\u00e1ba.<\/strong><!--more--><br \/>\n<div class=\"ads-in-post1\"><div id=\"gazdasagportal.hu_fullbanner_wideboard\"><\/div>\r\n<\/div>\n<p>    Porosenko sajt\u00f3titk\u00e1ra, Szvjatoszlav Ceholko az ukr\u00e1n-amerikai \u00e1llamf\u0151i megbesz\u00e9l\u00e9sr\u0151l azt \u00edrta Facebook-oldal\u00e1n: Obama t\u00e1mogatta Porosenko azon kezdem\u00e9nyez\u00e9s\u00e9t, hogy a V\u00f6r\u00f6skereszt Nemzetk\u00f6zi Bizotts\u00e1g\u00e1nak \u00e9gisze alatt nemzetk\u00f6zi, azaz eur\u00f3pai uni\u00f3s, n\u00e9met, orosz \u00e9s m\u00e1s k\u00fclf\u00f6ldi partnerek r\u00e9szv\u00e9tel\u00e9vel j\u00f6jj\u00f6n l\u00e9tre humanit\u00e1rius misszi\u00f3, amely seg\u00edts\u00e9get ny\u00fajt a harcok s\u00fajtotta kelet-ukrajnai Luhanszk v\u00e1ros\u00e1nak. A telep\u00fcl\u00e9s nagy r\u00e9sz\u00e9n m\u00e1r t\u00f6bb mint egy hete nincs \u00e1ram- \u00e9s v\u00edzell\u00e1t\u00e1s, fogynak az \u00e9lelmiszer- \u00e9s a gy\u00f3gyszerk\u00e9szletek.<br \/>\n    Kor\u00e1bban Jos\u00e9 Manuel Barroso, az Eur\u00f3pai Bizotts\u00e1g eln\u00f6ke is biztos\u00edtotta Porosenko eln\u00f6k\u00f6t afel\u0151l, hogy az uni\u00f3 t\u00e1mogat egy olyan nemzetk\u00f6zi seg\u00edts\u00e9gny\u00fajt\u00e1st Ukrajn\u00e1nak, amely a nemzetk\u00f6zi norm\u00e1k betart\u00e1sa mellett val\u00f3sul meg.<br \/>\n    Orosz \u00e9s ukr\u00e1n m\u00e9diajelent\u00e9sek ek\u00f6zben a Kreml sajt\u00f3szolg\u00e1lat\u00e1ra hivatkozva arr\u00f3l sz\u00e1moltak be, hogy Vlagyimir Putyin orosz \u00e1llamf\u0151 Barros\u00f3val folytatott h\u00e9tf\u0151i telefonbesz\u00e9lget\u00e9sekor t\u00e1j\u00e9koztatta az uni\u00f3s vezet\u0151t: Oroszorsz\u00e1g &#8222;a V\u00f6r\u00f6skereszt Nemzetk\u00f6zi Bizotts\u00e1g\u00e1nak k\u00e9pvisel\u0151ivel k\u00f6z\u00f6sen humanit\u00e1rius konvojt&#8221; ind\u00edt Ukrajn\u00e1ba.<br \/>\n    Szergej Lavrov orosz k\u00fcl\u00fcgyminiszter ezt megel\u0151z\u0151en azt \u00e1ll\u00edtotta, hogy Moszkva meg\u00e1llapodott Kijevvel a humanit\u00e1rius misszi\u00f3r\u00f3l. Kijevben ezt m\u00e9g nem er\u0151s\u00edtett\u00e9k meg, de nem is c\u00e1folt\u00e1k. Sajt\u00f3jelent\u00e9sek szerint Lavrov ugyanakkor arra a k\u00e9r\u00e9sre, hogy pontos\u00edtsa: az \u00e1ltala bejelentett misszi\u00f3 kiz\u00e1r\u00f3lag orosz lesz-e, igenl\u0151 v\u00e1laszt adott.<br \/>\n    Kijevben tov\u00e1bbra is tartanak att\u00f3l, hogy az orosz hadsereg humanit\u00e1rius seg\u00edts\u00e9gny\u00fajt\u00e1s \u00fcr\u00fcgy\u00e9n benyomul Kelet-Ukrajn\u00e1ba.<br \/>\n    Az ukr\u00e1n eln\u00f6k a m\u00falt h\u00e9tv\u00e9g\u00e9n jelentette ki, hogy Kijev k\u00e9sz elfogadni humanit\u00e1rius seg\u00edts\u00e9get, de csak akkor, ha az egy nemzetk\u00f6zi misszi\u00f3 lesz, kiz\u00e1r\u00f3lag ukr\u00e1n katonai k\u00eds\u00e9rettel, \u00e9s ha az ukr\u00e1n hat\u00e1r\u0151rs\u00e9g \u00e1ltal ellen\u0151rz\u00f6tt \u00e1tkel\u0151helyeken halad \u00e1t.<br \/>\n    K\u00f6zben az ukr\u00e1n Nemzetv\u00e9delmi \u00e9s Biztons\u00e1gi Tan\u00e1cs (RNBO) arra k\u00e9rte a harcok s\u00fajtotta kelet-ukrajnai telep\u00fcl\u00e9seken maradt lakosokat, hogy vonuljanak \u00f3v\u00f3helyre, vigyenek magukkal elegend\u0151 \u00e9lelmiszert, iv\u00f3vizet \u00e9s gy\u00f3gyszereket.(MTI)<\/p>\n","protected":false},"excerpt":{"rendered":"<p>Petro Porosenko ukr\u00e1n eln\u00f6k Barack Obam\u00e1val folytatott telefonon megbesz\u00e9l\u00e9st h\u00e9tf\u0151n, azt k\u00f6vet\u0151en, hogy Moszkva bejelentette: &#8222;humanit\u00e1rius konvojt&#8221; ind\u00edt Kelet-Ukrajn\u00e1ba.<\/p>\n","protected":false},"author":1,"featured_media":0,"comment_status":"open","ping_status":"closed","sticky":false,"template":"","format":"standard","meta":[],"categories":[139],"tags":[],"_links":{"self":[{"href":"https:\/\/gazdasagportal.hu\/index.php\/wp-json\/wp\/v2\/posts\/41456"}],"collection":[{"href":"https:\/\/gazdasagportal.hu\/index.php\/wp-json\/wp\/v2\/posts"}],"about":[{"href":"https:\/\/gazdasagportal.hu\/index.php\/wp-json\/wp\/v2\/types\/post"}],"author":[{"embeddable":true,"href":"https:\/\/gazdasagportal.hu\/index.php\/wp-json\/wp\/v2\/users\/1"}],"replies":[{"embeddable":true,"href":"https:\/\/gazdasagportal.hu\/index.php\/wp-json\/wp\/v2\/comments?post=41456"}],"version-history":[{"count":1,"href":"https:\/\/gazdasagportal.hu\/index.php\/wp-json\/wp\/v2\/posts\/41456\/revisions"}],"predecessor-version":[{"id":41457,"href":"https:\/\/gazdasagportal.hu\/index.php\/wp-json\/wp\/v2\/posts\/41456\/revisions\/41457"}],"wp:attachment":[{"href":"https:\/\/gazdasagportal.hu\/index.php\/wp-json\/wp\/v2\/media?parent=41456"}],"wp:term":[{"taxonomy":"category","embeddable":true,"href":"https:\/\/gazdasagportal.hu\/index.php\/wp-json\/wp\/v2\/categories?post=41456"},{"taxonomy":"post_tag","embeddable":true,"href":"https:\/\/gazdasagportal.hu\/index.php\/wp-json\/wp\/v2\/tags?post=41456"}],"curies":[{"name":"wp","href":"https:\/\/api.w.org\/{rel}","templated":true}]}}