{"id":41454,"date":"2014-08-12T03:34:15","date_gmt":"2014-08-12T01:34:15","guid":{"rendered":"http:\/\/stockportal.hu\/?p=41454"},"modified":"2014-08-11T21:24:58","modified_gmt":"2014-08-11T19:24:58","slug":"riasztottak-a-magyar-gripeneket-egy-brit-utasszallito-miatt","status":"publish","type":"post","link":"https:\/\/gazdasagportal.hu\/index.php\/riasztottak-a-magyar-gripeneket-egy-brit-utasszallito-miatt\/","title":{"rendered":"Riasztott\u00e1k a magyar Gripeneket egy brit utassz\u00e1ll\u00edt\u00f3 miatt"},"content":{"rendered":"<p><strong>Egy brit utassz\u00e1ll\u00edt\u00f3 rep\u00fcl\u0151g\u00e9p miatt riasztott\u00e1k a Gripen vad\u00e1szg\u00e9peit h\u00e9tf\u0151 d\u00e9lut\u00e1n &#8211; k\u00f6z\u00f6lte a Honv\u00e9delmi Miniszt\u00e9rium (HM) az MTI-vel.<\/strong><!--more--><br \/>\n<div class=\"ads-in-post1\"><div id=\"gazdasagportal.hu_fullbanner_wideboard\"><\/div>\r\n<\/div>\n<p>    A k\u00f6zlem\u00e9ny szerint az Egyes\u00fclt Kir\u00e1lys\u00e1gb\u00f3l T\u00f6r\u00f6korsz\u00e1gba tart\u00f3 Airbus A320 t\u00edpus\u00fa utassz\u00e1ll\u00edt\u00f3 rep\u00fcl\u0151g\u00e9p h\u00e9tf\u0151 d\u00e9lut\u00e1n \u00e9rte el a magyar l\u00e9gteret, de a polg\u00e1ri ir\u00e1ny\u00edt\u00e1ssal nem vette fel a r\u00e1di\u00f3kapcsolatot. Mint \u00edrt\u00e1k: a g\u00e9p m\u00e1r N\u00e9metorsz\u00e1g \u00e9s Ausztria felett sem kommunik\u00e1lt a l\u00e9gi ir\u00e1ny\u00edt\u00e1ssal, ez\u00e9rt a NATO l\u00e9gi ir\u00e1ny\u00edt\u00e1si k\u00f6zpontja riaszt\u00e1st rendelt el.<br \/>\n    A k\u00e9t magyar Gripen felsz\u00e1ll\u00e1sa ut\u00e1n p\u00e1r perccel a brit g\u00e9p felvette a r\u00e1di\u00f3kapcsolatot a polg\u00e1ri l\u00e9gi ir\u00e1ny\u00edt\u00e1ssal, \u00edgy a g\u00e9peket visszarendelt\u00e9k.<br \/>\n    A civil utassz\u00e1ll\u00edt\u00f3 ezt k\u00f6vet\u0151en a rep\u00fcl\u00e9si tervnek megfelel\u0151 \u00fatvonalon hagyta el a magyar l\u00e9gter\u00e9t &#8211; \u00edrta a HM.(MTI)<\/p>\n","protected":false},"excerpt":{"rendered":"<p>Egy brit utassz\u00e1ll\u00edt\u00f3 rep\u00fcl\u0151g\u00e9p miatt riasztott\u00e1k a Gripen vad\u00e1szg\u00e9peit h\u00e9tf\u0151 d\u00e9lut\u00e1n &#8211; k\u00f6z\u00f6lte a Honv\u00e9delmi Miniszt\u00e9rium (HM) az MTI-vel.<\/p>\n","protected":false},"author":1,"featured_media":0,"comment_status":"open","ping_status":"closed","sticky":false,"template":"","format":"standard","meta":[],"categories":[12],"tags":[],"_links":{"self":[{"href":"https:\/\/gazdasagportal.hu\/index.php\/wp-json\/wp\/v2\/posts\/41454"}],"collection":[{"href":"https:\/\/gazdasagportal.hu\/index.php\/wp-json\/wp\/v2\/posts"}],"about":[{"href":"https:\/\/gazdasagportal.hu\/index.php\/wp-json\/wp\/v2\/types\/post"}],"author":[{"embeddable":true,"href":"https:\/\/gazdasagportal.hu\/index.php\/wp-json\/wp\/v2\/users\/1"}],"replies":[{"embeddable":true,"href":"https:\/\/gazdasagportal.hu\/index.php\/wp-json\/wp\/v2\/comments?post=41454"}],"version-history":[{"count":1,"href":"https:\/\/gazdasagportal.hu\/index.php\/wp-json\/wp\/v2\/posts\/41454\/revisions"}],"predecessor-version":[{"id":41455,"href":"https:\/\/gazdasagportal.hu\/index.php\/wp-json\/wp\/v2\/posts\/41454\/revisions\/41455"}],"wp:attachment":[{"href":"https:\/\/gazdasagportal.hu\/index.php\/wp-json\/wp\/v2\/media?parent=41454"}],"wp:term":[{"taxonomy":"category","embeddable":true,"href":"https:\/\/gazdasagportal.hu\/index.php\/wp-json\/wp\/v2\/categories?post=41454"},{"taxonomy":"post_tag","embeddable":true,"href":"https:\/\/gazdasagportal.hu\/index.php\/wp-json\/wp\/v2\/tags?post=41454"}],"curies":[{"name":"wp","href":"https:\/\/api.w.org\/{rel}","templated":true}]}}