{"id":41447,"date":"2014-08-12T03:15:44","date_gmt":"2014-08-12T01:15:44","guid":{"rendered":"http:\/\/stockportal.hu\/?p=41447"},"modified":"2014-08-11T21:24:41","modified_gmt":"2014-08-11T19:24:41","slug":"ausztria-otmilliard-eurot-takaritott-meg-az-alacsony-kamatokkal","status":"publish","type":"post","link":"https:\/\/gazdasagportal.hu\/index.php\/ausztria-otmilliard-eurot-takaritott-meg-az-alacsony-kamatokkal\/","title":{"rendered":"Ausztria \u00f6tmilli\u00e1rd eur\u00f3t takar\u00edtott meg az alacsony kamatokkal"},"content":{"rendered":"<p><strong>Ausztria \u00f6tmilli\u00e1rd eur\u00f3t takar\u00edtott meg a v\u00e1ls\u00e1g \u00f3ta az alacsony kamatokkal, ami az \u00e1llamnak kedvez\u0151 ugyan, de a befektet\u0151k sz\u00e1m\u00e1ra az osztr\u00e1k \u00e1llamk\u00f6tv\u00e9nyek alacsony kamatai nem el\u0151ny\u00f6sek.<\/strong><!--more--><br \/>\n<div class=\"ads-in-post1\"><div id=\"gazdasagportal.hu_fullbanner_wideboard\"><\/div>\r\n<\/div>\n<p>    Ausztri\u00e1ban az \u00e1llamk\u00f6tv\u00e9nyek hozama a v\u00e1ls\u00e1g \u00f3ta cs\u00f6kkent, ennek m\u00e9rt\u00e9k\u00e9r\u0151l azonban m\u00e9g nincsenek pontos sz\u00e1m\u00edt\u00e1sok. Ausztria \u00e1llami megtakar\u00edt\u00e1sa \u00e9ves szinten egy- \u00e9s m\u00e1sf\u00e9l milli\u00e1rd eur\u00f3 k\u00f6z\u00f6tt van &#8211; mondta a Raiffeisen vezet\u0151 elemz\u0151je a Die Presse c\u00edm\u0171 osztr\u00e1k konzervat\u00edv napilapnak.<br \/>\n    A szak\u00e9rt\u0151 becsl\u00e9se szerint a k\u00f6vetkez\u0151 \u00f6t-t\u00edz \u00e9vben marad ez a tendencia. A p\u00e9nz\u00fcgyi v\u00e1ls\u00e1g kit\u00f6r\u00e9se \u00f3ta Ausztria megtakar\u00edt\u00e1sa \u00f6t- \u00e9s hatmilli\u00e1rd eur\u00f3 k\u00f6z\u00e9 tehet\u0151. A Bank Austria vezet\u0151 k\u00f6zgazd\u00e1sza a lapnak szint\u00e9n meger\u0151s\u00edtette, hogy Ausztria \u00e9ves szinten egymilli\u00e1rd eur\u00f3t tud megtakar\u00edtani.<br \/>\n    A lap eml\u00e9keztetett a Welt am Sonntag c\u00edm\u0171 n\u00e9met konzervat\u00edv lap \u00edr\u00e1s\u00e1ra, amely szerint N\u00e9metorsz\u00e1g a v\u00e1ls\u00e1g kit\u00f6r\u00e9se \u00f3ta az alacsony kamatokkal 120 milli\u00e1rd eur\u00f3t takar\u00edtott meg. A cikk\u00edr\u00f3 azonban figyelmeztet arra, hogy m\u00edg N\u00e9metorsz\u00e1gban cs\u00f6kken az \u00e1llamad\u00f3ss\u00e1g, addig Ausztri\u00e1ban folyamatosan n\u00f6vekszik.<br \/>\n    A cikk szerz\u0151je kiemeli, hogy az osztr\u00e1k \u00e1llamk\u00f6tv\u00e9nyek alacsony kamatai az\u00e9rt nem el\u0151ny\u00f6sek a befektet\u0151knek, mert sz\u00e1molniuk kell a negat\u00edv re\u00e1lkamatokkal. Megjegyzi: t\u00f6bb \u00e1llam sz\u00e1m\u00e1ra a negat\u00edv re\u00e1lkamat k\u00e9nyelmes megold\u00e1s az ad\u00f3ss\u00e1gteher levet\u00e9s\u00e9ben. Szak\u00e9rt\u0151k szerint most is ez lesz a v\u00e1ls\u00e1gb\u00f3l kivezet\u0151 legval\u00f3sz\u00edn\u0171bb \u00fat.(MTI)<\/p>\n","protected":false},"excerpt":{"rendered":"<p>Ausztria \u00f6tmilli\u00e1rd eur\u00f3t takar\u00edtott meg a v\u00e1ls\u00e1g \u00f3ta az alacsony kamatokkal, ami az \u00e1llamnak kedvez\u0151 ugyan, de a befektet\u0151k sz\u00e1m\u00e1ra az osztr\u00e1k \u00e1llamk\u00f6tv\u00e9nyek alacsony kamatai nem el\u0151ny\u00f6sek.<\/p>\n","protected":false},"author":1,"featured_media":0,"comment_status":"open","ping_status":"closed","sticky":false,"template":"","format":"standard","meta":[],"categories":[12],"tags":[],"_links":{"self":[{"href":"https:\/\/gazdasagportal.hu\/index.php\/wp-json\/wp\/v2\/posts\/41447"}],"collection":[{"href":"https:\/\/gazdasagportal.hu\/index.php\/wp-json\/wp\/v2\/posts"}],"about":[{"href":"https:\/\/gazdasagportal.hu\/index.php\/wp-json\/wp\/v2\/types\/post"}],"author":[{"embeddable":true,"href":"https:\/\/gazdasagportal.hu\/index.php\/wp-json\/wp\/v2\/users\/1"}],"replies":[{"embeddable":true,"href":"https:\/\/gazdasagportal.hu\/index.php\/wp-json\/wp\/v2\/comments?post=41447"}],"version-history":[{"count":1,"href":"https:\/\/gazdasagportal.hu\/index.php\/wp-json\/wp\/v2\/posts\/41447\/revisions"}],"predecessor-version":[{"id":41448,"href":"https:\/\/gazdasagportal.hu\/index.php\/wp-json\/wp\/v2\/posts\/41447\/revisions\/41448"}],"wp:attachment":[{"href":"https:\/\/gazdasagportal.hu\/index.php\/wp-json\/wp\/v2\/media?parent=41447"}],"wp:term":[{"taxonomy":"category","embeddable":true,"href":"https:\/\/gazdasagportal.hu\/index.php\/wp-json\/wp\/v2\/categories?post=41447"},{"taxonomy":"post_tag","embeddable":true,"href":"https:\/\/gazdasagportal.hu\/index.php\/wp-json\/wp\/v2\/tags?post=41447"}],"curies":[{"name":"wp","href":"https:\/\/api.w.org\/{rel}","templated":true}]}}