{"id":41415,"date":"2014-08-11T15:04:43","date_gmt":"2014-08-11T13:04:43","guid":{"rendered":"http:\/\/stockportal.hu\/?p=41415"},"modified":"2014-08-11T17:18:41","modified_gmt":"2014-08-11T15:18:41","slug":"kulfoldi-sajto-magyarorszagrol-handelsblatt-a-reklamadorol-a-hospodarske-noviny-a-tusnadfurdoi-beszedrol","status":"publish","type":"post","link":"https:\/\/gazdasagportal.hu\/index.php\/kulfoldi-sajto-magyarorszagrol-handelsblatt-a-reklamadorol-a-hospodarske-noviny-a-tusnadfurdoi-beszedrol\/","title":{"rendered":"K\u00fclf\u00f6ldi sajt\u00f3 Magyarorsz\u00e1gr\u00f3l &#8211; Handelsblatt \u00e9s Hospod\u00e1rsk\u00e9 Noviny"},"content":{"rendered":"<p><strong>A Handelsblatt c\u00edm\u0171 n\u00e9met \u00fczleti lap h\u00e9tf\u0151i sz\u00e1m\u00e1ban az RTL Group (RTL csoport) helyzet\u00e9r\u0151l k\u00f6z\u00f6lt elemz\u00e9st, amelyben kit\u00e9rt a magyarorsz\u00e1gi rekl\u00e1mad\u00f3ra.<\/strong><!--more--><br \/>\n<div class=\"ads-in-post1\"><div id=\"gazdasagportal.hu_fullbanner_wideboard\"><\/div>\r\n<\/div>\n<p>    A K\u00e9s\u0151i indul\u00e1s a digit\u00e1lis vil\u00e1gba c\u00edm\u0171 budapesti keltez\u00e9s\u0171 \u00edr\u00e1s szerz\u0151je, Hans-Peter Siebenhaar kiemelte, hogy a magyar f\u0151v\u00e1ros &#8222;siv\u00e1r d\u00e9li r\u00e9sz\u00e9n, egy McDonald&#8217;s \u00e9s egy bev\u00e1s\u00e1rl\u00f3k\u00f6zpont k\u00f6z\u00f6tt magasodik a magyar m\u00e9diaszabads\u00e1g utols\u00f3 b\u00e1sty\u00e1ja, az RTL Klub&#8221;, amelynek t\u00f6bbs\u00e9gi tulajdonosa, a n\u00e9met Bertelsmann &#8222;a Deutsche Telekommal ellent\u00e9tben nem adja fel az Orb\u00e1n Viktor vezette jobboldali populista korm\u00e1nnyal folytatott k\u00fczdelmet a m\u00e9diaszabads\u00e1g\u00e9rt&#8221;.<br \/>\n    Hozz\u00e1tette, hogy &#8222;a magyar RTL-le\u00e1nyv\u00e1llalat, amely eddig f\u0151leg olcs\u00f3 sz\u00f3rakoztat\u00e1ssal tett szert jelent\u0151s nyeres\u00e9gre, a politikai nyom\u00e1s ellen\u00e9re a f\u00fcggetlen t\u00e1j\u00e9koztat\u00e1sra t\u00f6rekszik&#8221;.<br \/>\n    Ez a viselked\u00e9s &#8222;Magyarorsz\u00e1gon sokba ker\u00fclhet&#8221; &#8211; jegyezte meg a Handelsblatt szerz\u0151je, kifejtve, hogy &#8222;az \u00faj rekl\u00e1mad\u00f3, amellyel Orb\u00e1n mindenekel\u0151tt az RTL-t akarja terhelni, \u00e9vente 15 milli\u00f3 eur\u00f3ba ker\u00fcl, olyan sok p\u00e9nzbe, amennyit egyetlen m\u00e1s m\u00e9diumnak sem kell fizetnie az uni\u00f3s tagorsz\u00e1gban&#8221;.<br \/>\n     Orb\u00e1n Viktor tusn\u00e1df\u00fcrd\u0151i besz\u00e9d\u00e9r\u0151l \u00edrt komment\u00e1rt Ivan Miklos t\u00f6bbsz\u00f6r\u00f6s volt szlov\u00e1k p\u00e9nz\u00fcgyminiszter a szlov\u00e1k Hospod\u00e1rsk\u00e9 Noviny (HN) gazdas\u00e1gi-k\u00f6z\u00e9leti napilap h\u00e9tf\u0151i sz\u00e1m\u00e1nak.<br \/>\n    A politikus &#8222;Orb\u00e1n Viktor nem liber\u00e1lis orsz\u00e1ga&#8221; c\u00edm\u0171 cikk\u00e9ben \u00fagy v\u00e9lte, &#8222;er\u0151s k\u00e1v\u00e9&#8221; volt a magyar minisztereln\u00f6k azon megnyilatkoz\u00e1sa, amelyben &#8222;ny\u00edltan a nem liber\u00e1lis demokr\u00e1cia mellett foglalt \u00e1ll\u00e1st&#8221; \u00e9s annak csaknem minden r\u00e9szlet\u00e9vel &#8222;k\u00f6nnyen \u00e9s sikeresen lehetne vit\u00e1zni&#8221;.<br \/>\n    Megjegyzi: a liber\u00e1lis demokr\u00e1cia r\u00e9sze a gazdas\u00e1gi szabads\u00e1g, ugyanakkor teljesen vil\u00e1gos, hogy &#8222;Orb\u00e1n nem csup\u00e1n a politikai szabads\u00e1got hanem a gazdas\u00e1gi szabads\u00e1got is korl\u00e1tozni akarja&#8221;. Ezt nem csup\u00e1n a szavai, hanem az \u00e1ltala 2010 \u00f3ta megval\u00f3s\u00edtott int\u00e9zked\u00e9sek is bizony\u00edtj\u00e1k &#8211; jegyezte meg a szlov\u00e1k politikus.<br \/>\n(MTI)<\/p>\n","protected":false},"excerpt":{"rendered":"<p>A Handelsblatt c\u00edm\u0171 n\u00e9met \u00fczleti lap h\u00e9tf\u0151i sz\u00e1m\u00e1ban az RTL Group (RTL csoport) helyzet\u00e9r\u0151l k\u00f6z\u00f6lt elemz\u00e9st, amelyben kit\u00e9rt a magyarorsz\u00e1gi rekl\u00e1mad\u00f3ra.<\/p>\n","protected":false},"author":1,"featured_media":0,"comment_status":"open","ping_status":"closed","sticky":false,"template":"","format":"standard","meta":[],"categories":[19],"tags":[],"_links":{"self":[{"href":"https:\/\/gazdasagportal.hu\/index.php\/wp-json\/wp\/v2\/posts\/41415"}],"collection":[{"href":"https:\/\/gazdasagportal.hu\/index.php\/wp-json\/wp\/v2\/posts"}],"about":[{"href":"https:\/\/gazdasagportal.hu\/index.php\/wp-json\/wp\/v2\/types\/post"}],"author":[{"embeddable":true,"href":"https:\/\/gazdasagportal.hu\/index.php\/wp-json\/wp\/v2\/users\/1"}],"replies":[{"embeddable":true,"href":"https:\/\/gazdasagportal.hu\/index.php\/wp-json\/wp\/v2\/comments?post=41415"}],"version-history":[{"count":2,"href":"https:\/\/gazdasagportal.hu\/index.php\/wp-json\/wp\/v2\/posts\/41415\/revisions"}],"predecessor-version":[{"id":41432,"href":"https:\/\/gazdasagportal.hu\/index.php\/wp-json\/wp\/v2\/posts\/41415\/revisions\/41432"}],"wp:attachment":[{"href":"https:\/\/gazdasagportal.hu\/index.php\/wp-json\/wp\/v2\/media?parent=41415"}],"wp:term":[{"taxonomy":"category","embeddable":true,"href":"https:\/\/gazdasagportal.hu\/index.php\/wp-json\/wp\/v2\/categories?post=41415"},{"taxonomy":"post_tag","embeddable":true,"href":"https:\/\/gazdasagportal.hu\/index.php\/wp-json\/wp\/v2\/tags?post=41415"}],"curies":[{"name":"wp","href":"https:\/\/api.w.org\/{rel}","templated":true}]}}