{"id":41401,"date":"2014-08-11T11:15:21","date_gmt":"2014-08-11T09:15:21","guid":{"rendered":"http:\/\/stockportal.hu\/?p=41401"},"modified":"2014-08-11T11:15:21","modified_gmt":"2014-08-11T09:15:21","slug":"ukran-valsag-tuzersegi-lovedek-talalt-el-egy-donyecki-bortont-sokan-megszoktek","status":"publish","type":"post","link":"https:\/\/gazdasagportal.hu\/index.php\/ukran-valsag-tuzersegi-lovedek-talalt-el-egy-donyecki-bortont-sokan-megszoktek\/","title":{"rendered":"Ukr\u00e1n v\u00e1ls\u00e1g &#8211; T\u00fcz\u00e9rs\u00e9gi l\u00f6ved\u00e9k tal\u00e1lt el egy donyecki b\u00f6rt\u00f6nt, sokan megsz\u00f6ktek"},"content":{"rendered":"<p><strong>T\u00fcz\u00e9rs\u00e9gi l\u00f6ved\u00e9k tal\u00e1lt el egy b\u00f6rt\u00f6nt a kelet-ukrajnai Donyeck v\u00e1ros\u00e1ban vas\u00e1rnap \u00e9jjel. Egy el\u00edt\u00e9lt meghalt, 18 megs\u00e9r\u00fclt, 106 megsz\u00f6k\u00f6tt &#8211; k\u00f6z\u00f6lte h\u00e9tf\u0151n a v\u00e1rosi tan\u00e1cs.<\/strong><!--more--><br \/>\n<div class=\"ads-in-post1\"><div id=\"gazdasagportal.hu_fullbanner_wideboard\"><\/div>\r\n<\/div>\n<p>    A szigor\u00edtott \u0151rizet\u0171 b\u00f6rt\u00f6nben a l\u00f6ved\u00e9k becsap\u00f3d\u00e1sa ut\u00e1n l\u00e1zad\u00e1s t\u00f6rt ki \u00e9s 106 el\u00edt\u00e9lt kihaszn\u00e1lta a szabadul\u00e1s lehet\u0151s\u00e9g\u00e9t. N\u00e9h\u00e1nyan k\u00f6z\u00fcl\u00fck ugyanakkor h\u00e9tf\u0151n reggel visszat\u00e9rtek a b\u00f6rt\u00f6nbe.<br \/>\n    A v\u00e1rosvezet\u00e9s k\u00f6zl\u00e9se szerint h\u00e9tf\u0151n is folytat\u00f3dott a t\u0171zharc Donyeckben a Kijev \u00e1ltal terrorellenesnek nevezett korm\u00e1nyer\u0151k \u00e9s a v\u00e1rost megsz\u00e1llva tart\u00f3 oroszbar\u00e1t szakad\u00e1rok k\u00f6z\u00f6tt.<br \/>\n    M\u00falt szombaton Olekszandr Zaharcsenko, a donyecki szakad\u00e1rok \u00f6nhatalm\u00falag kiki\u00e1ltott &#8222;n\u00e9pk\u00f6zt\u00e1rsas\u00e1g\u00e1nak&#8221; a &#8222;minisztereln\u00f6ke&#8221; azt mondta, hogy k\u00e9szek a t\u0171zsz\u00fcnetre. Ezt azonban azut\u00e1n jelentette be, hogy az ukr\u00e1n fegyveres er\u0151k elfoglaltak egy kulcsfontoss\u00e1g\u00fa telep\u00fcl\u00e9st \u00e9s m\u00e9g szorosabbra vont\u00e1k az ostromgy\u0171r\u0171t a megyek\u00f6zpont k\u00f6r\u00fcl. Zaharcsenko nyilatkozat\u00e1ban ugyanakkor azt hangoztatta, hogy a t\u0171zsz\u00fcnetet a szeparatist\u00e1k humanit\u00e1rius katasztr\u00f3fa elker\u00fcl\u00e9se v\u00e9gett tartj\u00e1k fontosnak.<br \/>\n    Vas\u00e1rnap viszont Andrij Liszenko, az ukr\u00e1n Nemzetv\u00e9delmi \u00e9s Biztons\u00e1gi Tan\u00e1cs (RNBO) sz\u00f3viv\u0151je sajt\u00f3t\u00e1j\u00e9koztat\u00f3j\u00e1n kijelentette, hogy a szakad\u00e1rok eddig a gyakorlatban semmit sem tettek a t\u0171zsz\u00fcnet\u00e9rt.<br \/>\n    Szergej Lavrov orosz k\u00fcl\u00fcgyminiszter vas\u00e1rnap szint\u00e9n fegyvernyugv\u00e1st s\u00fcrgetett. &#8222;A kelet-ukrajnai lakoss\u00e1g humanit\u00e1rius megseg\u00edt\u00e9s\u00e9t lehet\u0151v\u00e9 t\u00e9v\u0151 t\u0171zsz\u00fcnet nem csup\u00e1n lehets\u00e9ges, de egyenesen elengedhetetlen&#8221; &#8211; hangs\u00falyozta.<br \/>\n    Kijevben azonban att\u00f3l tartanak, hogy humanit\u00e1rius seg\u00edts\u00e9gny\u00fajt\u00e1s \u00fcr\u00fcgy\u00e9n orosz csapatok vonulnak be Kelet-Ukrajn\u00e1ba. Oroszorsz\u00e1g azt \u00e1ll\u00edtja, hogy nem akar egyoldal\u00faan fell\u00e9pni. &#8222;Most dolgozunk egy meg\u00e1llapod\u00e1son az ukr\u00e1n f\u00e9llel, a V\u00f6r\u00f6skereszt Nemzetk\u00f6zi Bizotts\u00e1g\u00e1val \u00e9s az ENSZ humanit\u00e1rius szervezeteivel humanit\u00e1rius seg\u00e9ly s\u00fcrg\u0151s eljuttat\u00e1s\u00e1r\u00f3l Donyeck \u00e9s Luhanszk megy\u00e9be&#8221; &#8211; mondta Lavrov.<br \/>\n    Az Egyes\u00fclt \u00c1llamok, Nagy-Britannia \u00e9s N\u00e9metorsz\u00e1g \u00f3va inti Moszkv\u00e1t att\u00f3l, hogy humanit\u00e1rius misszi\u00f3 \u00fcr\u00fcgy\u00e9n b\u00e1rmilyen katonai beavatkoz\u00e1st v\u00e9grehajtson Ukrajn\u00e1ban.(MTI)<\/p>\n","protected":false},"excerpt":{"rendered":"<p>T\u00fcz\u00e9rs\u00e9gi l\u00f6ved\u00e9k tal\u00e1lt el egy b\u00f6rt\u00f6nt a kelet-ukrajnai Donyeck v\u00e1ros\u00e1ban vas\u00e1rnap \u00e9jjel. Egy el\u00edt\u00e9lt meghalt, 18 megs\u00e9r\u00fclt, 106 megsz\u00f6k\u00f6tt &#8211; k\u00f6z\u00f6lte h\u00e9tf\u0151n a v\u00e1rosi tan\u00e1cs.<\/p>\n","protected":false},"author":1,"featured_media":0,"comment_status":"open","ping_status":"closed","sticky":false,"template":"","format":"standard","meta":[],"categories":[139],"tags":[],"_links":{"self":[{"href":"https:\/\/gazdasagportal.hu\/index.php\/wp-json\/wp\/v2\/posts\/41401"}],"collection":[{"href":"https:\/\/gazdasagportal.hu\/index.php\/wp-json\/wp\/v2\/posts"}],"about":[{"href":"https:\/\/gazdasagportal.hu\/index.php\/wp-json\/wp\/v2\/types\/post"}],"author":[{"embeddable":true,"href":"https:\/\/gazdasagportal.hu\/index.php\/wp-json\/wp\/v2\/users\/1"}],"replies":[{"embeddable":true,"href":"https:\/\/gazdasagportal.hu\/index.php\/wp-json\/wp\/v2\/comments?post=41401"}],"version-history":[{"count":1,"href":"https:\/\/gazdasagportal.hu\/index.php\/wp-json\/wp\/v2\/posts\/41401\/revisions"}],"predecessor-version":[{"id":41402,"href":"https:\/\/gazdasagportal.hu\/index.php\/wp-json\/wp\/v2\/posts\/41401\/revisions\/41402"}],"wp:attachment":[{"href":"https:\/\/gazdasagportal.hu\/index.php\/wp-json\/wp\/v2\/media?parent=41401"}],"wp:term":[{"taxonomy":"category","embeddable":true,"href":"https:\/\/gazdasagportal.hu\/index.php\/wp-json\/wp\/v2\/categories?post=41401"},{"taxonomy":"post_tag","embeddable":true,"href":"https:\/\/gazdasagportal.hu\/index.php\/wp-json\/wp\/v2\/tags?post=41401"}],"curies":[{"name":"wp","href":"https:\/\/api.w.org\/{rel}","templated":true}]}}