{"id":41375,"date":"2014-08-11T03:10:37","date_gmt":"2014-08-11T01:10:37","guid":{"rendered":"http:\/\/stockportal.hu\/?p=41375"},"modified":"2014-08-10T20:41:29","modified_gmt":"2014-08-10T18:41:29","slug":"ebola-nem-ebolas-a-nemetorszagban-ebola-fertozes-gyanujaval-korhazba-kerult-beteg","status":"publish","type":"post","link":"https:\/\/gazdasagportal.hu\/index.php\/ebola-nem-ebolas-a-nemetorszagban-ebola-fertozes-gyanujaval-korhazba-kerult-beteg\/","title":{"rendered":"Ebola &#8211; Nem ebol\u00e1s a N\u00e9metorsz\u00e1gban Ebola-fert\u0151z\u00e9s gyan\u00faj\u00e1val k\u00f3rh\u00e1zba ker\u00fclt beteg"},"content":{"rendered":"<p><strong>Nem Ebola-fert\u0151z\u00f6tt a hal\u00e1los betegs\u00e9gre utal\u00f3 t\u00fcnetekkel N\u00e9metorsz\u00e1gban k\u00f3rh\u00e1zba ker\u00fclt f\u00e9rfi.<\/strong><!--more--><br \/>\n<div class=\"ads-in-post1\"><div id=\"gazdasagportal.hu_fullbanner_wideboard\"><\/div>\r\n<\/div>\n<p>     A Hamburg-Eppendorfi Egyetemi Klinika (UKE) sz\u00f3viv\u0151je vas\u00e1rnap a vizsg\u00e1lati eredm\u00e9nyek \u00e9rt\u00e9kel\u00e9se ut\u00e1n elmondta, hogy a p\u00e1ciens &#8222;az eredeti felt\u00e9telez\u00e9ssel ellent\u00e9tben nem Ebola-fert\u0151z\u00e9s, hanem egy k\u00f6z\u00f6ns\u00e9ges v\u00edrusfert\u0151z\u00e9s miatt betegedett meg&#8221;.<br \/>\n    Ugyanakkor az eset megmutatta, hogy Hamburgban az esetleges Ebola-fert\u0151z\u00e9sek kezel\u00e9s\u00e9re kijel\u00f6lt int\u00e9zm\u00e9ny \u00e9s hat\u00f3s\u00e1gok is j\u00f3l felk\u00e9sz\u00fcltek, hiszen mindenki a v\u00e9szhelyzeti forgat\u00f3k\u00f6nyvnek megfelel\u0151en, gyorsan, \u00f6sszehangoltan dolgozott &#8211; tette hozz\u00e1 a sz\u00f3viv\u0151.<br \/>\n    A p\u00e1ciens egy 28 \u00e9ves f\u00e9rfi, aki a Nyugat-Afrik\u00e1ban gyorsan terjed\u0151 j\u00e1rv\u00e1ny egyik g\u00f3cpontjak\u00e9nt sz\u00e1mon tartott Sierra Leone f\u0151v\u00e1ros\u00e1b\u00f3l, Freetownb\u00f3l \u00e9rkezett Hamburgba cs\u00fct\u00f6rt\u00f6k\u00f6n, \u00e9s szombaton ker\u00fclt k\u00f3rh\u00e1zba magas l\u00e1z \u00e9s h\u00e1nyinger &#8211; az Ebola jellemz\u0151 kezdeti t\u00fcnetei &#8211; miatt.<br \/>\n    A f\u00e9rfit ment\u0151aut\u00f3val sz\u00e1ll\u00edtott\u00e1k egy klinik\u00e1ra. Amikor kider\u00fclt, hogy Ebol\u00e1val fert\u0151z\u00f6tt t\u00e9rs\u00e9gb\u0151l \u00e9rkezett, \u00e9s nem tudta megmondani, hogy \u00e9rintkezett-e a v\u00edrussal fert\u0151z\u00f6tt betegekkel, elk\u00fcl\u00f6n\u00edt\u0151be helyezt\u00e9k, majd szombat k\u00e9s\u0151 este rendk\u00edv\u00fcli biztons\u00e1gi int\u00e9zked\u00e9sek mellett \u00e1tsz\u00e1ll\u00edtott\u00e1k az UKE k\u00fcl\u00f6nleges betegs\u00e9gekkel foglalkoz\u00f3 oszt\u00e1ly\u00e1nak elk\u00fcl\u00f6n\u00edtett r\u00e9szleg\u00e9be.<br \/>\n    Akkor m\u00e9g igen val\u00f3sz\u00edn\u0171nek t\u0171nt, hogy a beteg ebol\u00e1s, \u00e9s v\u00e9g\u00fcl csak a tr\u00f3pusi betegs\u00e9gek vizsg\u00e1lat\u00e1val foglalkoz\u00f3 Bernhard Noch Int\u00e9zet (BNITM) szak\u00e9rt\u0151inek seg\u00edts\u00e9g\u00e9vel siker\u00fclt minden k\u00e9ts\u00e9get kiz\u00e1r\u00f3 m\u00f3don meg\u00e1llap\u00edtani, hogy nem Ebola-fert\u0151z\u00e9sr\u0151l van sz\u00f3 &#8211; mondta a klinika sz\u00f3viv\u0151je n\u00e9met h\u00edrport\u00e1lok besz\u00e1mol\u00f3i szerint.<br \/>\n    Az Eg\u00e9szs\u00e9g\u00fcgyi Vil\u00e1gszervezet (WHO) adatai szerint m\u00e1r majdnem ezer ember vesztette \u00e9let\u00e9t a m\u00e1rciusban Guine\u00e1ban kezd\u0151d\u00f6tt, az\u00f3ta pedig Nig\u00e9ri\u00e1ra, Sierra Leon\u00e9ra \u00e9s Lib\u00e9ri\u00e1ra is \u00e1tterjedt Ebola-j\u00e1rv\u00e1nyban. A WHO p\u00e9nteken nemzetk\u00f6zi eg\u00e9szs\u00e9g\u00fcgyi v\u00e9szhelyzetnek nyilv\u00e1n\u00edtotta a nyugat-afrikai j\u00e1rv\u00e1nyt.(MTI)<\/p>\n","protected":false},"excerpt":{"rendered":"<p>Nem Ebola-fert\u0151z\u00f6tt a hal\u00e1los betegs\u00e9gre utal\u00f3 t\u00fcnetekkel N\u00e9metorsz\u00e1gban k\u00f3rh\u00e1zba ker\u00fclt f\u00e9rfi.<\/p>\n","protected":false},"author":1,"featured_media":0,"comment_status":"open","ping_status":"closed","sticky":false,"template":"","format":"standard","meta":[],"categories":[12],"tags":[],"_links":{"self":[{"href":"https:\/\/gazdasagportal.hu\/index.php\/wp-json\/wp\/v2\/posts\/41375"}],"collection":[{"href":"https:\/\/gazdasagportal.hu\/index.php\/wp-json\/wp\/v2\/posts"}],"about":[{"href":"https:\/\/gazdasagportal.hu\/index.php\/wp-json\/wp\/v2\/types\/post"}],"author":[{"embeddable":true,"href":"https:\/\/gazdasagportal.hu\/index.php\/wp-json\/wp\/v2\/users\/1"}],"replies":[{"embeddable":true,"href":"https:\/\/gazdasagportal.hu\/index.php\/wp-json\/wp\/v2\/comments?post=41375"}],"version-history":[{"count":1,"href":"https:\/\/gazdasagportal.hu\/index.php\/wp-json\/wp\/v2\/posts\/41375\/revisions"}],"predecessor-version":[{"id":41376,"href":"https:\/\/gazdasagportal.hu\/index.php\/wp-json\/wp\/v2\/posts\/41375\/revisions\/41376"}],"wp:attachment":[{"href":"https:\/\/gazdasagportal.hu\/index.php\/wp-json\/wp\/v2\/media?parent=41375"}],"wp:term":[{"taxonomy":"category","embeddable":true,"href":"https:\/\/gazdasagportal.hu\/index.php\/wp-json\/wp\/v2\/categories?post=41375"},{"taxonomy":"post_tag","embeddable":true,"href":"https:\/\/gazdasagportal.hu\/index.php\/wp-json\/wp\/v2\/tags?post=41375"}],"curies":[{"name":"wp","href":"https:\/\/api.w.org\/{rel}","templated":true}]}}