{"id":41373,"date":"2014-08-11T05:39:26","date_gmt":"2014-08-11T03:39:26","guid":{"rendered":"http:\/\/stockportal.hu\/?p=41373"},"modified":"2014-08-10T20:40:20","modified_gmt":"2014-08-10T18:40:20","slug":"nemetorszag-120-milliard-eurot-sporolt-a-penzugyi-valsaggal","status":"publish","type":"post","link":"https:\/\/gazdasagportal.hu\/index.php\/nemetorszag-120-milliard-eurot-sporolt-a-penzugyi-valsaggal\/","title":{"rendered":"N\u00e9metorsz\u00e1g 120 milli\u00e1rd eur\u00f3t sp\u00f3rolt a p\u00e9nz\u00fcgyi v\u00e1ls\u00e1ggal"},"content":{"rendered":"<p><strong>N\u00e9metorsz\u00e1g eddig 120 milli\u00e1rd eur\u00f3t takar\u00edtott meg a 2008-ban elm\u00e9ly\u00fclt vil\u00e1gm\u00e9ret\u0171 p\u00e9nz\u00fcgyi v\u00e1ls\u00e1ggal a n\u00e9met \u00e1llampap\u00edrokra fizetend\u0151 kamatok cs\u00f6kken\u00e9se r\u00e9v\u00e9n &#8211; \u00edrta a Welt am Sonntag c\u00edm\u0171 vas\u00e1rnapi n\u00e9met lap a sz\u00f6vets\u00e9gi k\u00f6zponti bank (Bundesbank) egy bels\u0151 elemz\u00e9s\u00e9re hivatkozva.<\/strong><!--more--><br \/>\n<div class=\"ads-in-post1\"><div id=\"gazdasagportal.hu_fullbanner_wideboard\"><\/div>\r\n<\/div>\n<p>A Bundesbank kimutat\u00e1sa szerint a v\u00e1ls\u00e1g el\u0151tti utols\u00f3 \u00e9vben, 2007-ben 4,3 sz\u00e1zal\u00e9k volt a n\u00e9met \u00e1llampap\u00edrok \u00e1tlagos kamata, 2013-ban pedig m\u00e1r csak 2,6 sz\u00e1zal\u00e9k, holott id\u0151k\u00f6zben a n\u00e9met gazdas\u00e1g recesszi\u00f3ban is volt, \u00e9s el\u0151fordult, hogy a GDP-ar\u00e1nyos \u00e1llamh\u00e1ztart\u00e1si hi\u00e1ny meghaladta a 3 sz\u00e1zal\u00e9kos uni\u00f3s hat\u00e1r\u00e9rt\u00e9ket, az \u00e1llamad\u00f3ss\u00e1g pedig v\u00e9gig emelkedett.<br \/>\nA visszaes\u00e9s egyik f\u0151 oka, hogy az Eur\u00f3pai K\u00f6zponti Bank (EKB) az eur\u00f3\u00f6vezetben \u00e1llamad\u00f3ss\u00e1g-v\u00e1ls\u00e1ghoz vezet\u0151 glob\u00e1lis p\u00e9nz\u00fcgyi kr\u00edzis miatt egyre alacsonyabbra sz\u00e1ll\u00edtotta ir\u00e1nyad\u00f3 kamat\u00e1t, ami \u00edgy a 2008 nyar\u00e1n regisztr\u00e1lt 4 sz\u00e1zal\u00e9kr\u00f3l eg\u00e9szen 0,15 sz\u00e1zal\u00e9kra cs\u00f6kkent. A m\u00e1sik f\u0151 ok, hogy a stabilit\u00e1s jelk\u00e9p\u00e9nek sz\u00e1m\u00edt\u00f3 N\u00e9metorsz\u00e1g \u00e1llamk\u00f6tv\u00e9nyei befektet\u00e9si mened\u00e9kk\u00e9 v\u00e1ltak, ami tov\u00e1bb fokozta a kamatcs\u00f6kkent\u0151 hat\u00e1st, p\u00e9ld\u00e1ul 2012-ben rendszeresen voltak olyan \u00e1llampap\u00edr-aukci\u00f3k, amelyeken negat\u00edv hozamszint alakult ki, vagyis a befektet\u0151k fizettek az\u00e9rt, hogy a n\u00e9met \u00e1llam \u0151rizze p\u00e9nz\u00fcket.<br \/>\nMindennek hat\u00e1s\u00e1ra 2008 \u00e9s 2013 k\u00f6z\u00f6tt a sz\u00f6vets\u00e9gi korm\u00e1ny, a tartom\u00e1nyok \u00e9s az \u00f6nkorm\u00e1nyzatok egy\u00fctt 120 milli\u00e1rd eur\u00f3t takar\u00edtottak meg a kamatkiad\u00e1sokon ahhoz viszony\u00edtva, amennyit a 2007-es kamatszint fennmarad\u00e1sa eset\u00e9n kellett volna fizetni.<br \/>\nA p\u00e9nz\u00fcgyi mozg\u00e1st\u00e9r nem tervezett b\u0151v\u00fcl\u00e9se azonban a takar\u00e9koss\u00e1g rov\u00e1s\u00e1ra ment &#8211; \u00edrta a Welt am Sonntag, kiemelve, hogy nemcsak a v\u00e9lem\u00e9ny\u00fcket nyilv\u00e1nosan v\u00e1llal\u00f3 elemz\u0151k, hanem n\u00e9v n\u00e9lk\u00fcl nyilatkozva p\u00e9nz\u00fcgyminiszt\u00e9riumi illet\u00e9kesek is azt mondj\u00e1k, hogy az ut\u00f3bbi \u00e9veket nem az \u00e1llamh\u00e1ztart\u00e1s fenntarthat\u00f3s\u00e1g\u00e1t szolg\u00e1l\u00f3 l\u00e9p\u00e9sek jellemezt\u00e9k, hanem az \u00e1llamh\u00e1ztart\u00e1st k\u00f6z\u00e9pt\u00e1von s\u00falyosan megterhel\u0151 \u00faj szoci\u00e1lis juttat\u00e1sok kialakul\u00e1sa.(MTI)<\/p>\n","protected":false},"excerpt":{"rendered":"<p>N\u00e9metorsz\u00e1g eddig 120 milli\u00e1rd eur\u00f3t takar\u00edtott meg a 2008-ban elm\u00e9ly\u00fclt vil\u00e1gm\u00e9ret\u0171 p\u00e9nz\u00fcgyi v\u00e1ls\u00e1ggal a n\u00e9met \u00e1llampap\u00edrokra fizetend\u0151 kamatok cs\u00f6kken\u00e9se r\u00e9v\u00e9n &#8211; \u00edrta a Welt am Sonntag c\u00edm\u0171 vas\u00e1rnapi n\u00e9met lap a sz\u00f6vets\u00e9gi k\u00f6zponti bank (Bundesbank) egy bels\u0151 elemz\u00e9s\u00e9re hivatkozva.<\/p>\n","protected":false},"author":1,"featured_media":0,"comment_status":"open","ping_status":"closed","sticky":false,"template":"","format":"standard","meta":[],"categories":[8],"tags":[],"_links":{"self":[{"href":"https:\/\/gazdasagportal.hu\/index.php\/wp-json\/wp\/v2\/posts\/41373"}],"collection":[{"href":"https:\/\/gazdasagportal.hu\/index.php\/wp-json\/wp\/v2\/posts"}],"about":[{"href":"https:\/\/gazdasagportal.hu\/index.php\/wp-json\/wp\/v2\/types\/post"}],"author":[{"embeddable":true,"href":"https:\/\/gazdasagportal.hu\/index.php\/wp-json\/wp\/v2\/users\/1"}],"replies":[{"embeddable":true,"href":"https:\/\/gazdasagportal.hu\/index.php\/wp-json\/wp\/v2\/comments?post=41373"}],"version-history":[{"count":1,"href":"https:\/\/gazdasagportal.hu\/index.php\/wp-json\/wp\/v2\/posts\/41373\/revisions"}],"predecessor-version":[{"id":41374,"href":"https:\/\/gazdasagportal.hu\/index.php\/wp-json\/wp\/v2\/posts\/41373\/revisions\/41374"}],"wp:attachment":[{"href":"https:\/\/gazdasagportal.hu\/index.php\/wp-json\/wp\/v2\/media?parent=41373"}],"wp:term":[{"taxonomy":"category","embeddable":true,"href":"https:\/\/gazdasagportal.hu\/index.php\/wp-json\/wp\/v2\/categories?post=41373"},{"taxonomy":"post_tag","embeddable":true,"href":"https:\/\/gazdasagportal.hu\/index.php\/wp-json\/wp\/v2\/tags?post=41373"}],"curies":[{"name":"wp","href":"https:\/\/api.w.org\/{rel}","templated":true}]}}