{"id":41356,"date":"2014-08-10T15:31:57","date_gmt":"2014-08-10T13:31:57","guid":{"rendered":"http:\/\/stockportal.hu\/?p=41356"},"modified":"2014-08-10T14:15:50","modified_gmt":"2014-08-10T12:15:50","slug":"a-jovo-heten-is-tobbszor-lehet-zapor-zivatar","status":"publish","type":"post","link":"https:\/\/gazdasagportal.hu\/index.php\/a-jovo-heten-is-tobbszor-lehet-zapor-zivatar\/","title":{"rendered":"A j\u00f6v\u0151 h\u00e9ten is t\u00f6bbsz\u00f6r lehet z\u00e1por, zivatar"},"content":{"rendered":"<p><strong>A j\u00f6v\u0151 h\u00e9ten is folytat\u00f3dik a v\u00e1ltoz\u00e9kony id\u0151. Sok naps\u00fct\u00e9sre \u00e9s 34 Celsius-fokos melegre, de heves zivatarra, j\u00e9ges\u0151re, felh\u0151szakad\u00e1sra is sz\u00e1m\u00edtani lehet. A h\u00e9t v\u00e9g\u00e9re m\u00e9rs\u00e9kl\u0151dik a nappali felmeleged\u00e9s, n\u00e9hol csak 20 fokig emelkedik majd a h\u0151m\u00e9rs\u00e9klet &#8211; olvashat\u00f3 az Orsz\u00e1gos Meteorol\u00f3giai Szolg\u00e1lat vas\u00e1rnap az MTI-hez eljuttatott orsz\u00e1gos, k\u00f6z\u00e9pt\u00e1v\u00fa el\u0151rejelz\u00e9s\u00e9ben.<\/strong><!--more--><br \/>\n<div class=\"ads-in-post1\"><div id=\"gazdasagportal.hu_fullbanner_wideboard\"><\/div>\r\n<\/div>\n<p>    H\u00e9tf\u0151 reggel alapvet\u0151en der\u00fclt lesz az \u00e9g, naps\u00fct\u00e9s lesz az id\u0151. A d\u00e9li, kora d\u00e9lut\u00e1ni \u00f3r\u00e1kt\u00f3l viszont a nyugati \u00e9s az \u00e9szaki megy\u00e9kben sz\u00f3rv\u00e1nyosan z\u00e1porokra, zivatarokra lehet sz\u00e1m\u00edtani. Helyenk\u00e9nt felh\u0151szakad\u00e1s, j\u00e9ges\u0151 is lehet. Az \u00c9szak-Dun\u00e1nt\u00falon meger\u0151s\u00f6dik a sz\u00e9l, zivatar k\u00f6rnyezet\u00e9ben \u00e1tmenetileg viharos sz\u00e9ll\u00f6k\u00e9sek is lehetnek. A legalacsonyabb h\u0151m\u00e9rs\u00e9klet 15 \u00e9s 21, a legmagasabb h\u0151m\u00e9rs\u00e9klet 27 \u00e9s 34 fok k\u00f6z\u00f6tt val\u00f3sz\u00edn\u0171, \u00e9szaknyugaton lesz a h\u0171v\u00f6sebb.<br \/>\n    Kedden a v\u00e1ltoz\u00f3 felh\u0151zet mellett az orsz\u00e1g \u00e9szaki, \u00e9szaknyugati harmad\u00e1n kevesebb, m\u00e1sutt t\u00f6bb lesz a naps\u00fct\u00e9s. Helyenk\u00e9nt &#8211; nagyobb val\u00f3sz\u00edn\u0171s\u00e9ggel az \u00e9szaki megy\u00e9kben &#8211; el\u0151fordulhat z\u00e1por, zivatar. T\u00f6bbnyire m\u00e9rs\u00e9kelt marad a l\u00e9gmozg\u00e1s, de zivatar k\u00f6rny\u00e9k\u00e9n er\u0151s vagy viharos sz\u00e9ll\u00f6k\u00e9sek is lehetnek. A leghidegebb \u00f3r\u00e1kban 15-21 fok lehet. Nappal 24-33 fokig emelkedik a h\u0151m\u00e9rs\u00e9klet, d\u00e9lkeleten lesz a melegebb.<br \/>\n    Szerd\u00e1ra virrad\u00f3 \u00e9jjel \u00e1tmenetileg t\u00f6bb helyen fordulhat el\u0151 z\u00e1por, zivatar, er\u0151s vagy viharos sz\u00e9ll\u00f6k\u00e9sekkel. Napk\u00f6zben m\u00e9rs\u00e9kl\u0151dik a sz\u00e9l \u00e9s gomolyfelh\u0151s, napos id\u0151 val\u00f3sz\u00edn\u0171, ink\u00e1bb csak az \u00c9szaki-k\u00f6z\u00e9phegys\u00e9gben lehet z\u00e1por, zivatar. A minimum-h\u0151m\u00e9rs\u00e9klet 15 \u00e9s 22, a maximum-h\u0151m\u00e9rs\u00e9klet 25 \u00e9s 34 fok k\u00f6z\u00f6tt alakul, a melegebb d\u00e9lkeleten lesz.<br \/>\n    Cs\u00fct\u00f6rt\u00f6k\u00f6n a t\u00f6bb-kevesebb naps\u00fct\u00e9s mellett t\u00f6bb helyen sz\u00e1m\u00edtani lehet z\u00e1porra, zivatarra. Felh\u0151szakad\u00e1s, j\u00e9ges\u0151 is lehet viharos sz\u00e9ll\u00f6k\u00e9sekkel, de zivatart\u00f3l f\u00fcggetlen\u00fcl is t\u00f6bbfel\u00e9 meger\u0151s\u00f6dik a sz\u00e9l. A legalacsonyabb h\u0151m\u00e9rs\u00e9klet 15 \u00e9s 21, a legmagasabb h\u0151m\u00e9rs\u00e9klet 22 \u00e9s 32 fok k\u00f6z\u00f6tt alakul, a melegebb d\u00e9lkeleten lesz.<br \/>\n    P\u00e9nteken \u00e9s szombaton t\u00f6bb \u00f3r\u00e1ra kis\u00fct a nap, helyenk\u00e9nt el\u0151fordulhat z\u00e1pores\u0151, zivatar. N\u00e9hol meger\u0151s\u00f6dik a sz\u00e9l. P\u00e9nteken a minimum-h\u0151m\u00e9rs\u00e9klet 12 \u00e9s 17, a maximum-h\u0151m\u00e9rs\u00e9klet 22 \u00e9s 27 fok k\u00f6z\u00f6tt alakul. Szombaton a leghidegebb \u00f3r\u00e1kban 10-15 fok lehet, nappal 22-27 fokig melegszik a leveg\u0151.<br \/>\n    Vas\u00e1rnap is naps\u00fct\u00e9ses lesz az id\u0151, de n\u00e9hol tov\u00e1bbra is lehet z\u00e1por, esetleg zivatar, t\u00f6bbfel\u00e9 meger\u0151s\u00f6dik a sz\u00e9l is. A legalacsonyabb h\u0151m\u00e9rs\u00e9klet 12 \u00e9s 17 fok k\u00f6z\u00f6tt alakul. Nappal 20-25 fokig melegszik a leveg\u0151.(MTI)<\/p>\n","protected":false},"excerpt":{"rendered":"<p>A j\u00f6v\u0151 h\u00e9ten is folytat\u00f3dik a v\u00e1ltoz\u00e9kony id\u0151. Sok naps\u00fct\u00e9sre \u00e9s 34 Celsius-fokos melegre, de heves zivatarra, j\u00e9ges\u0151re, felh\u0151szakad\u00e1sra is sz\u00e1m\u00edtani lehet. A h\u00e9t v\u00e9g\u00e9re m\u00e9rs\u00e9kl\u0151dik a nappali felmeleged\u00e9s, n\u00e9hol csak 20 fokig emelkedik majd a h\u0151m\u00e9rs\u00e9klet &#8211; olvashat\u00f3 az Orsz\u00e1gos Meteorol\u00f3giai Szolg\u00e1lat vas\u00e1rnap az MTI-hez eljuttatott orsz\u00e1gos, k\u00f6z\u00e9pt\u00e1v\u00fa el\u0151rejelz\u00e9s\u00e9ben.<\/p>\n","protected":false},"author":1,"featured_media":0,"comment_status":"open","ping_status":"closed","sticky":false,"template":"","format":"standard","meta":[],"categories":[4,151],"tags":[],"_links":{"self":[{"href":"https:\/\/gazdasagportal.hu\/index.php\/wp-json\/wp\/v2\/posts\/41356"}],"collection":[{"href":"https:\/\/gazdasagportal.hu\/index.php\/wp-json\/wp\/v2\/posts"}],"about":[{"href":"https:\/\/gazdasagportal.hu\/index.php\/wp-json\/wp\/v2\/types\/post"}],"author":[{"embeddable":true,"href":"https:\/\/gazdasagportal.hu\/index.php\/wp-json\/wp\/v2\/users\/1"}],"replies":[{"embeddable":true,"href":"https:\/\/gazdasagportal.hu\/index.php\/wp-json\/wp\/v2\/comments?post=41356"}],"version-history":[{"count":1,"href":"https:\/\/gazdasagportal.hu\/index.php\/wp-json\/wp\/v2\/posts\/41356\/revisions"}],"predecessor-version":[{"id":41357,"href":"https:\/\/gazdasagportal.hu\/index.php\/wp-json\/wp\/v2\/posts\/41356\/revisions\/41357"}],"wp:attachment":[{"href":"https:\/\/gazdasagportal.hu\/index.php\/wp-json\/wp\/v2\/media?parent=41356"}],"wp:term":[{"taxonomy":"category","embeddable":true,"href":"https:\/\/gazdasagportal.hu\/index.php\/wp-json\/wp\/v2\/categories?post=41356"},{"taxonomy":"post_tag","embeddable":true,"href":"https:\/\/gazdasagportal.hu\/index.php\/wp-json\/wp\/v2\/tags?post=41356"}],"curies":[{"name":"wp","href":"https:\/\/api.w.org\/{rel}","templated":true}]}}