{"id":41349,"date":"2014-08-10T10:26:10","date_gmt":"2014-08-10T08:26:10","guid":{"rendered":"http:\/\/stockportal.hu\/?p=41349"},"modified":"2014-08-10T10:26:10","modified_gmt":"2014-08-10T08:26:10","slug":"ebola-az-eddigi-vizsgalatok-nem-erositettek-meg-a-fertozesgyanut-a-nemetorszagban-kezelt-betegnel","status":"publish","type":"post","link":"https:\/\/gazdasagportal.hu\/index.php\/ebola-az-eddigi-vizsgalatok-nem-erositettek-meg-a-fertozesgyanut-a-nemetorszagban-kezelt-betegnel\/","title":{"rendered":"Ebola &#8211; Az eddigi vizsg\u00e1latok nem er\u0151s\u00edtett\u00e9k meg a fert\u0151z\u00e9sgyan\u00fat a N\u00e9metorsz\u00e1gban kezelt betegn\u00e9l"},"content":{"rendered":"<p><strong>Nem er\u0151s\u00edtett\u00e9k meg az Ebola-fert\u0151z\u00e9s gyan\u00faj\u00e1t a vas\u00e1rnap reggelig elv\u00e9gzett vizsg\u00e1latok annak a f\u00e9rfinak az eset\u00e9ben, akit a hal\u00e1los betegs\u00e9gre utal\u00f3 t\u00fcntetek miatt kezelnek N\u00e9metorsz\u00e1gban.<\/strong><!--more--><br \/>\n<div class=\"ads-in-post1\"><div id=\"gazdasagportal.hu_fullbanner_wideboard\"><\/div>\r\n<\/div>\n<p>    A hamburg-eppendorfi egyetemi klinika (UKE) sz\u00f3viv\u0151j\u00e9nek t\u00e1j\u00e9koztat\u00e1sa szerint a p\u00e1ciens vas\u00e1rnap reggel \u00f3ta m\u00e1r nincs elk\u00fcl\u00f6n\u00edt\u0151ben.<br \/>\n    A 28 \u00e9ves f\u00e9rfi a Nyugat-Afrik\u00e1ban gyorsan terjed\u0151 j\u00e1rv\u00e1ny egyik g\u00f3cpontjak\u00e9nt sz\u00e1mon tartott Sierra Leone f\u0151v\u00e1ros\u00e1b\u00f3l, Freetownb\u00f3l \u00e9rkezett Hamburgba cs\u00fct\u00f6rt\u00f6k\u00f6n, \u00e9s szombaton ker\u00fclt k\u00f3rh\u00e1zba magas l\u00e1z \u00e9s h\u00e1nyinger &#8211; az Ebola jellemz\u0151 kezdeti t\u00fcnetei &#8211; miatt.<br \/>\n    A Bild c\u00edm\u0171 lap online kiad\u00e1s\u00e1ban megjelent besz\u00e1mol\u00f3 szerint a f\u00e9rfit ment\u0151aut\u00f3val sz\u00e1ll\u00edtott\u00e1k egy klinik\u00e1ra, \u00e9s amikor kider\u00fclt, hogy  Ebol\u00e1val fert\u0151z\u00f6tt t\u00e9rs\u00e9gb\u0151l \u00e9rkezett, \u00e9s nem tudta megmondani, hogy  \u00e9rintkezett-e a v\u00edrussal fert\u0151z\u00f6tt betegekkel, elk\u00fcl\u00f6n\u00edt\u0151be helyezt\u00e9k, majd szombat k\u00e9s\u0151 este rendk\u00edv\u00fcli biztons\u00e1gi int\u00e9zked\u00e9sek mellett \u00e1tsz\u00e1ll\u00edtott\u00e1k az UKE k\u00fcl\u00f6nleges betegs\u00e9gekkel foglalkoz\u00f3 oszt\u00e1ly\u00e1nak elk\u00fcl\u00f6n\u00edtett r\u00e9szleg\u00e9be.<br \/>\n    A Bild vas\u00e1rnapi kiad\u00e1sa, a Bild am Sonntag szerint a hamburgi esett\u0151l f\u00fcggetlen\u00fcl a napokban egy Ebol\u00e1val fert\u0151z\u00f6tt beteg \u00e9rkezhet kezel\u00e9sre N\u00e9metorsz\u00e1gba. R\u00e9szleteket m\u00e9g nem tudni, csak annyi sejthet\u0151, hogy egy n\u0151r\u0151l van sz\u00f3 &#8211; \u00edrta a lap. \u00c9rtes\u00fcl\u00e9s\u00e9t egyel\u0151re az eg\u00e9szs\u00e9g\u00fcgyi miniszt\u00e9rium \u00e9s a Robert Koch orsz\u00e1gos j\u00e1rv\u00e1ny\u00fcgyi int\u00e9zet (RKI) sem er\u0151s\u00edtette meg.<br \/>\n    Amennyiben a lap\u00e9rtes\u00fcl\u00e9s helyt\u00e1ll\u00f3nak bizonyul, N\u00e9metorsz\u00e1g lehet Spanyolorsz\u00e1g ut\u00e1n a m\u00e1sodik eur\u00f3pai \u00e1llam, ahol Ebola-beteget kezelnek. Madridban, Spanyolorsz\u00e1g f\u0151v\u00e1ros\u00e1ban cs\u00fct\u00f6rt\u00f6k \u00f3ta egy misszion\u00e1riust kezelnek, aki Lib\u00e9ri\u00e1ban fert\u0151z\u0151d\u00f6tt meg a hal\u00e1los v\u00edrussal.<br \/>\n    Az Eg\u00e9szs\u00e9g\u00fcgyi Vil\u00e1gszervezet (WHO) adatai szerint m\u00e1r majdnem ezer ember vesztette \u00e9let\u00e9t a m\u00e1rciusban Guine\u00e1ban kezd\u0151d\u00f6tt, az\u00f3ta pedig Nig\u00e9ri\u00e1ra, Sierra Leon\u00e9ra \u00e9s Lib\u00e9ri\u00e1ra is \u00e1tterjedt Ebola-j\u00e1rv\u00e1nyban. A WHO p\u00e9nteken nemzetk\u00f6zi eg\u00e9szs\u00e9g\u00fcgyi v\u00e9szhelyzetnek nyilv\u00e1n\u00edtotta a nyugat-afrikai j\u00e1rv\u00e1nyt.(MTI)<\/p>\n","protected":false},"excerpt":{"rendered":"<p>Nem er\u0151s\u00edtett\u00e9k meg az Ebola-fert\u0151z\u00e9s gyan\u00faj\u00e1t a vas\u00e1rnap reggelig elv\u00e9gzett vizsg\u00e1latok annak a f\u00e9rfinak az eset\u00e9ben, akit a hal\u00e1los betegs\u00e9gre utal\u00f3 t\u00fcntetek miatt kezelnek N\u00e9metorsz\u00e1gban.<\/p>\n","protected":false},"author":1,"featured_media":0,"comment_status":"open","ping_status":"closed","sticky":false,"template":"","format":"standard","meta":[],"categories":[12],"tags":[],"_links":{"self":[{"href":"https:\/\/gazdasagportal.hu\/index.php\/wp-json\/wp\/v2\/posts\/41349"}],"collection":[{"href":"https:\/\/gazdasagportal.hu\/index.php\/wp-json\/wp\/v2\/posts"}],"about":[{"href":"https:\/\/gazdasagportal.hu\/index.php\/wp-json\/wp\/v2\/types\/post"}],"author":[{"embeddable":true,"href":"https:\/\/gazdasagportal.hu\/index.php\/wp-json\/wp\/v2\/users\/1"}],"replies":[{"embeddable":true,"href":"https:\/\/gazdasagportal.hu\/index.php\/wp-json\/wp\/v2\/comments?post=41349"}],"version-history":[{"count":1,"href":"https:\/\/gazdasagportal.hu\/index.php\/wp-json\/wp\/v2\/posts\/41349\/revisions"}],"predecessor-version":[{"id":41350,"href":"https:\/\/gazdasagportal.hu\/index.php\/wp-json\/wp\/v2\/posts\/41349\/revisions\/41350"}],"wp:attachment":[{"href":"https:\/\/gazdasagportal.hu\/index.php\/wp-json\/wp\/v2\/media?parent=41349"}],"wp:term":[{"taxonomy":"category","embeddable":true,"href":"https:\/\/gazdasagportal.hu\/index.php\/wp-json\/wp\/v2\/categories?post=41349"},{"taxonomy":"post_tag","embeddable":true,"href":"https:\/\/gazdasagportal.hu\/index.php\/wp-json\/wp\/v2\/tags?post=41349"}],"curies":[{"name":"wp","href":"https:\/\/api.w.org\/{rel}","templated":true}]}}