{"id":41343,"date":"2014-08-10T10:06:42","date_gmt":"2014-08-10T08:06:42","guid":{"rendered":"http:\/\/stockportal.hu\/?p=41343"},"modified":"2014-08-10T10:06:42","modified_gmt":"2014-08-10T08:06:42","slug":"gazai-konfliktus-elakadtak-a-kairoi-targyalasok-szorvanyos-harcok-del-izraelben","status":"publish","type":"post","link":"https:\/\/gazdasagportal.hu\/index.php\/gazai-konfliktus-elakadtak-a-kairoi-targyalasok-szorvanyos-harcok-del-izraelben\/","title":{"rendered":"G\u00e1zai konfliktus \u2013 Elakadtak a kair\u00f3i t\u00e1rgyal\u00e1sok, sz\u00f3rv\u00e1nyos harcok D\u00e9l-Izraelben"},"content":{"rendered":"<p><strong>Kair\u00f3ban elakadtak a t\u00e1rgyal\u00e1sok a tart\u00f3s t\u0171zsz\u00fcnetr\u0151l, mert Izrael nem hajland\u00f3 egyezkedni addig, am\u00edg a G\u00e1zai \u00f6vezetb\u0151l rak\u00e9t\u00e1kkal t\u00e1madj\u00e1k ter\u00fclet\u00e9t &#8211; k\u00f6z\u00f6lt\u00e9k vas\u00e1rnap Jeruzs\u00e1lemben.<\/strong><!--more--><br \/>\n<div class=\"ads-in-post1\"><div id=\"gazdasagportal.hu_fullbanner_wideboard\"><\/div>\r\n<\/div>\n<p>    Az izraeliek p\u00e9nteken sz\u00fcntett\u00e9k be a megbesz\u00e9l\u00e9seket \u00e9s hagyt\u00e1k el a t\u00e1rgyal\u00e1sok helysz\u00edn\u00e9\u00fcl szolg\u00e1l\u00f3 Egyiptomot. Ennek oka az volt, hogy a Ham\u00e1sz radik\u00e1lis palesztin mozgalom nem hosszabb\u00edtotta meg a h\u00e1romnapos ideiglenes t\u0171zsz\u00fcnetet, \u00e9s \u00fajraind\u00edtotta a zsid\u00f3 \u00e1llam elleni rak\u00e9tat\u00e1mad\u00e1sokat.<br \/>\n    M\u00fasza Abu Marz\u00fak, a Ham\u00e1sz politikai szervezet\u00e9nek g\u00e1zai vezet\u0151je a Facebook k\u00f6z\u00f6ss\u00e9gi oldalra feltett bejegyz\u00e9s\u00e9ben azt \u00edrta, hogy a k\u00f6vetkez\u0151 napon d\u0151l el a t\u00e1rgyal\u00e1sok sorsa. Az izraeli katonai r\u00e1di\u00f3 id\u00e9zte Azzam al-Ahmad, a palesztin k\u00fcld\u00f6tts\u00e9g vezet\u0151j\u00e9t, aki szerint, &#8222;ha Izrael nem t\u00e9r vissza, akkor m\u00e1r vas\u00e1rnap elhagyj\u00e1k Kair\u00f3t\u201d.<br \/>\n    A g\u00e1zai fegyveres szervezetek szombaton is rak\u00e9t\u00e1kkal l\u0151tt\u00e9k a szomsz\u00e9dos izraeli ter\u00fcleteket, Jeruzs\u00e1lem pedig l\u00e9gi \u00e9s sz\u00e1razf\u00f6ldi t\u00fcz\u00e9rs\u00e9gi csap\u00e1sokkal v\u00e1laszolt, \u00e9jszaka f\u0151k\u00e9nt a Ham\u00e1sz \u00e1ll\u00e1sait l\u0151tte G\u00e1zav\u00e1rosban.<br \/>\n    Az \u00f6vezet melletti kibucok lak\u00f3inak nagy r\u00e9sze nem hajland\u00f3 hazak\u00f6lt\u00f6zni otthon\u00e1ba a tov\u00e1bbra a rak\u00e9ta- \u00e9s aknat\u00e1mad\u00e1sok miatt. A Nahal \u00d3z nev\u0171 kibuc lak\u00f3i egys\u00e9gesen megtagadt\u00e1k a visszat\u00e9r\u00e9st. K\u00f6z\u00f6lt\u00e9k, mindaddig az orsz\u00e1g \u00e9szaki r\u00e9sz\u00e9n maradnak, am\u00edg nem \u00e1ll helyre a nyugalom lak\u00f3hely\u00fck\u00f6n.<br \/>\n    A kair\u00f3i t\u00e1rgyal\u00e1sok az\u00e9rt szakadtak meg, mert a Ham\u00e1sz az Izrael \u00e9s Egyiptom \u00e1ltal 2007-ben, a Ham\u00e1sz er\u0151szakos g\u00e1zai hatalom\u00e1tv\u00e9telekor k\u00f6z\u00f6sen meghirdetett g\u00e1zai blok\u00e1d azonnali, teljes felold\u00e1s\u00e1t k\u00f6veteli, de Izrael csak akkor hajland\u00f3 megnyitni az \u00f6vezet hat\u00e1rait, ha a Ham\u00e1sz beleegyezik azok ellen\u0151rz\u00e9s\u00e9be, valamint a palesztin szervezetek lefegyverz\u00e9s\u00e9be.<br \/>\n    Izraelben \u201ekif\u00e1raszt\u00f3 h\u00e1bor\u00fanak\u201d nevezik a Ham\u00e1sznak azt a taktik\u00e1j\u00e1t, hogy sz\u00f3rv\u00e1nyosan l\u00f6vi az \u00f6vezettel szomsz\u00e9dos ter\u00fcleteket. Egy n\u00e9vtelen\u00fcl nyilatkoz\u00f3 jeruzs\u00e1lemi vezet\u0151 a k\u00f6zszolg\u00e1lati r\u00e1di\u00f3 szerint azt mondta, hogy \u201eha a Ham\u00e1sz Izrael kif\u00e1raszt\u00e1s\u00e1ra t\u00f6rekszik, abba saj\u00e1t maga fog jobban belef\u00e1radni.\u201d(MTI)<\/p>\n","protected":false},"excerpt":{"rendered":"<p>Kair\u00f3ban elakadtak a t\u00e1rgyal\u00e1sok a tart\u00f3s t\u0171zsz\u00fcnetr\u0151l, mert Izrael nem hajland\u00f3 egyezkedni addig, am\u00edg a G\u00e1zai \u00f6vezetb\u0151l rak\u00e9t\u00e1kkal t\u00e1madj\u00e1k ter\u00fclet\u00e9t &#8211; k\u00f6z\u00f6lt\u00e9k vas\u00e1rnap Jeruzs\u00e1lemben.<\/p>\n","protected":false},"author":1,"featured_media":0,"comment_status":"open","ping_status":"closed","sticky":false,"template":"","format":"standard","meta":[],"categories":[16],"tags":[],"_links":{"self":[{"href":"https:\/\/gazdasagportal.hu\/index.php\/wp-json\/wp\/v2\/posts\/41343"}],"collection":[{"href":"https:\/\/gazdasagportal.hu\/index.php\/wp-json\/wp\/v2\/posts"}],"about":[{"href":"https:\/\/gazdasagportal.hu\/index.php\/wp-json\/wp\/v2\/types\/post"}],"author":[{"embeddable":true,"href":"https:\/\/gazdasagportal.hu\/index.php\/wp-json\/wp\/v2\/users\/1"}],"replies":[{"embeddable":true,"href":"https:\/\/gazdasagportal.hu\/index.php\/wp-json\/wp\/v2\/comments?post=41343"}],"version-history":[{"count":1,"href":"https:\/\/gazdasagportal.hu\/index.php\/wp-json\/wp\/v2\/posts\/41343\/revisions"}],"predecessor-version":[{"id":41344,"href":"https:\/\/gazdasagportal.hu\/index.php\/wp-json\/wp\/v2\/posts\/41343\/revisions\/41344"}],"wp:attachment":[{"href":"https:\/\/gazdasagportal.hu\/index.php\/wp-json\/wp\/v2\/media?parent=41343"}],"wp:term":[{"taxonomy":"category","embeddable":true,"href":"https:\/\/gazdasagportal.hu\/index.php\/wp-json\/wp\/v2\/categories?post=41343"},{"taxonomy":"post_tag","embeddable":true,"href":"https:\/\/gazdasagportal.hu\/index.php\/wp-json\/wp\/v2\/tags?post=41343"}],"curies":[{"name":"wp","href":"https:\/\/api.w.org\/{rel}","templated":true}]}}