{"id":41326,"date":"2014-08-09T21:36:28","date_gmt":"2014-08-09T19:36:28","guid":{"rendered":"http:\/\/stockportal.hu\/?p=41326"},"modified":"2014-08-09T20:47:56","modified_gmt":"2014-08-09T18:47:56","slug":"zarolas-az-im-a-tarca-szamara-eloirt-osszeg-csokkenteset-kezdemenyezte","status":"publish","type":"post","link":"https:\/\/gazdasagportal.hu\/index.php\/zarolas-az-im-a-tarca-szamara-eloirt-osszeg-csokkenteset-kezdemenyezte\/","title":{"rendered":"Z\u00e1rol\u00e1s &#8211; Az IM a t\u00e1rca sz\u00e1m\u00e1ra el\u0151\u00edrt \u00f6sszeg cs\u00f6kkent\u00e9s\u00e9t kezdem\u00e9nyezte"},"content":{"rendered":"<p><strong>Az Igazs\u00e1g\u00fcgyi Miniszt\u00e9rium (IM) azt kezdem\u00e9nyezte, hogy a t\u00e1rca sz\u00e1m\u00e1ra el\u0151\u00edrt z\u00e1rol\u00e1st 1,2 milli\u00f3 forinttal cs\u00f6kkents\u00e9k &#8211; der\u00fcl ki az igazs\u00e1g\u00fcgyi miniszternek a parlament honlapj\u00e1n k\u00f6zz\u00e9tett v\u00e1lasz\u00e1b\u00f3l. Tr\u00f3cs\u00e1nyi L\u00e1szl\u00f3 indokl\u00e1sa szerint a t\u00e1rca eset\u00e9ben az \u00f6sszeg meghat\u00e1roz\u00e1sakor egy olyan int\u00e9zm\u00e9nyt is sz\u00e1m\u00edt\u00e1sba vettek, amely az \u00faj korm\u00e1nyzati strukt\u00far\u00e1ban a Minisztereln\u00f6ks\u00e9ghez ker\u00fclt.<\/strong><!--more--><br \/>\n<div class=\"ads-in-post1\"><div id=\"gazdasagportal.hu_fullbanner_wideboard\"><\/div>\r\n<\/div>\n<p>    Varga Mih\u00e1ly j\u00falius 17-\u00e9n jelentette be: a korm\u00e1ny 110 milli\u00e1rd forintot z\u00e1rol a korm\u00e1nyzati kiad\u00e1sokb\u00f3l, hogy biztons\u00e1ggal teljes\u00edthet\u0151 legyen a 2,9 sz\u00e1zal\u00e9kos hi\u00e1ny. A 2014. \u00e9vi hi\u00e1nyc\u00e9l tart\u00e1s\u00e1hoz sz\u00fcks\u00e9ges int\u00e9zked\u00e9sekr\u0151l sz\u00f3l\u00f3 korm\u00e1nyhat\u00e1rozat alapj\u00e1n a miniszt\u00e9riumok k\u00f6z\u00fcl a legnagyobb z\u00e1rol\u00e1si k\u00f6telezetts\u00e9g az Emberi Er\u0151forr\u00e1sok Miniszt\u00e9rium\u00e1ra jut mintegy 9,671 milli\u00e1rd forinttal, a Nemzetgazdas\u00e1gi Miniszt\u00e9riumnak 8,378, a F\u00f6ldm\u0171vel\u00e9s\u00fcgyi Miniszt\u00e9riumnak 5,552 milli\u00e1rd forint z\u00e1rol\u00e1s\u00e1r\u00f3l kell gondoskodnia.<br \/>\n    Ugyancsak jelent\u0151s a Honv\u00e9delmi Miniszt\u00e9riumot (3,253 milli\u00e1rd), a Nemzeti Fejleszt\u00e9si Miniszt\u00e9riumot (2,881 milli\u00e1rd), a Bel\u00fcgyminiszt\u00e9riumot (2,726 milli\u00e1rd) \u00e9s a Minisztereln\u00f6ks\u00e9get (1,446 milli\u00e1rd forint) \u00e9rint\u0151 z\u00e1rol\u00e1s. A K\u00fclgazdas\u00e1gi \u00e9s K\u00fcl\u00fcgyminiszt\u00e9riumnak 536,2 milli\u00f3 forintot kell megtakar\u00edtania, m\u00edg a legkevesebb z\u00e1rol\u00e1st (271,1 milli\u00f3 forintot) az Igazs\u00e1g\u00fcgyi Miniszt\u00e9riumn\u00e1l rendelte el a korm\u00e1ny.<br \/>\n    Az igazs\u00e1g\u00fcgyi t\u00e1rcavezet\u0151t\u0151l Harangoz\u00f3 Tam\u00e1s szocialista orsz\u00e1ggy\u0171l\u00e9si k\u00e9pvisel\u0151 \u00e9rdekl\u0151d\u00f6tt a IM-et \u00e9rint\u0151 int\u00e9zked\u00e9s v\u00e9grehajt\u00e1s\u00e1r\u00f3l. Tr\u00f3cs\u00e1nyi L\u00e1szl\u00f3 \u00edr\u00e1sbeli v\u00e1lasza szerint a legnagyobb \u00f6sszeget, 160 milli\u00f3 100 ezer forintot a t\u00e1rca fel\u00fcgyelete al\u00e1 tartoz\u00f3 szervezetek \u00e9s szakmai programok t\u00e1mogat\u00e1s\u00e1n\u00e1l, 53 milli\u00f3 forintot pedig a fejezeti \u00e1ltal\u00e1nos tartal\u00e9k terh\u00e9re z\u00e1roltatn\u00e1nak. Ezen fel\u00fcl a t\u00e1rca igazgat\u00e1s\u00e1n\u00e1l t\u00f6bb mint 28 milli\u00f3 forintos megtakar\u00edt\u00e1st javasolt a miniszter, m\u00edg a &#8222;K\u00f6z\u00e9p-kelet eur\u00f3pai region\u00e1lis egy\u00fcttm\u0171k\u00f6d\u00e9s 2014&#8221; keret\u00f6sszege 20 milli\u00f3 forinttal lehet kevesebb. Ezen fel\u00fcl az Igazs\u00e1g\u00fcgyi Szak\u00e9rt\u0151i \u00e9s Kutat\u00f3 Int\u00e9zetek k\u00f6lts\u00e9gvet\u00e9s\u00e9ben 8,5 milli\u00f3 forintos z\u00e1rol\u00e1st javasolt a miniszter.<br \/>\n    Tr\u00f3cs\u00e1nyi L\u00e1szl\u00f3 kit\u00e9rt arra is, hogy a t\u00e1rc\u00e1t \u00e9rint\u0151 t\u00f6bb mint 271 milli\u00f3 forintos z\u00e1rol\u00e1s meghat\u00e1roz\u00e1sakor az IM-n\u00e9l vett\u00e9k figyelembe a K\u00f6zpolitikai Kutat\u00e1sok Int\u00e9zet\u00e9t is, noha az egy j\u00fanius 30-iki korm\u00e1nyhat\u00e1rozat alapj\u00e1n a Minisztereln\u00f6ks\u00e9ghez ker\u00fclt. &#8222;Ez\u00e9rt az Igazs\u00e1g\u00fcgyi Miniszt\u00e9rium kezdem\u00e9nyezte a Nemzetgazdas\u00e1gi Miniszt\u00e9riumn\u00e1l az el\u0151\u00edrt \u00f6sszegb\u0151l 1,2 milli\u00f3 forint tekintet\u00e9ben a fejezetek k\u00f6z\u00f6tti nullszald\u00f3s \u00e1trendez\u00e9st&#8221; &#8211; \u00edrta Tr\u00f3cs\u00e1nyi L\u00e1szl\u00f3, hozz\u00e1t\u00e9ve: a t\u00e1rca z\u00e1rol\u00e1si javaslat\u00e1nak j\u00f3v\u00e1hagy\u00e1sa m\u00e9g folyamatban van.<br \/>\n    \u00cdr\u00e1sbeli v\u00e1lasz\u00e1ban &#8211; a t\u00f6bbi miniszterhez hasonl\u00f3an &#8211; Tr\u00f3cs\u00e1nyi L\u00e1szl\u00f3 is kiemelte, hogy a z\u00e1rol\u00e1s el\u0151vigy\u00e1zatoss\u00e1gi int\u00e9zked\u00e9s, amelynek c\u00e9lja, hogy teljes biztons\u00e1ggal, az esetleges kock\u00e1zatokat is ellens\u00falyozva tarthat\u00f3 legyen a 2,9 sz\u00e1zal\u00e9kos hi\u00e1nyc\u00e9l az \u00e1llamad\u00f3ss\u00e1g n\u00f6veked\u00e9se n\u00e9lk\u00fcl. A takar\u00e9koss\u00e1gi int\u00e9zked\u00e9sek nem jelentenek terhet a lakoss\u00e1g sz\u00e1m\u00e1ra, \u00e9s nem \u00e9rintik az \u00f6nkorm\u00e1nyzatoknak \u00e9s a v\u00e1llalkoz\u00e1soknak jut\u00f3 forr\u00e1sokat, t\u00e1mogat\u00e1sokat. A z\u00e1rolt \u00f6sszegek tov\u00e1bbi sors\u00e1r\u00f3l a korm\u00e1ny az \u00e9v v\u00e9g\u00e9n hat\u00e1roz &#8211; eml\u00e9keztetett.(MTI)<\/p>\n","protected":false},"excerpt":{"rendered":"<p>Az Igazs\u00e1g\u00fcgyi Miniszt\u00e9rium (IM) azt kezdem\u00e9nyezte, hogy a t\u00e1rca sz\u00e1m\u00e1ra el\u0151\u00edrt z\u00e1rol\u00e1st 1,2 milli\u00f3 forinttal cs\u00f6kkents\u00e9k &#8211; der\u00fcl ki az igazs\u00e1g\u00fcgyi miniszternek a parlament honlapj\u00e1n k\u00f6zz\u00e9tett v\u00e1lasz\u00e1b\u00f3l. Tr\u00f3cs\u00e1nyi L\u00e1szl\u00f3 indokl\u00e1sa szerint a t\u00e1rca eset\u00e9ben az \u00f6sszeg meghat\u00e1roz\u00e1sakor egy olyan int\u00e9zm\u00e9nyt is sz\u00e1m\u00edt\u00e1sba vettek, amely az \u00faj korm\u00e1nyzati strukt\u00far\u00e1ban a Minisztereln\u00f6ks\u00e9ghez ker\u00fclt.<\/p>\n","protected":false},"author":1,"featured_media":0,"comment_status":"open","ping_status":"closed","sticky":false,"template":"","format":"standard","meta":[],"categories":[19],"tags":[],"_links":{"self":[{"href":"https:\/\/gazdasagportal.hu\/index.php\/wp-json\/wp\/v2\/posts\/41326"}],"collection":[{"href":"https:\/\/gazdasagportal.hu\/index.php\/wp-json\/wp\/v2\/posts"}],"about":[{"href":"https:\/\/gazdasagportal.hu\/index.php\/wp-json\/wp\/v2\/types\/post"}],"author":[{"embeddable":true,"href":"https:\/\/gazdasagportal.hu\/index.php\/wp-json\/wp\/v2\/users\/1"}],"replies":[{"embeddable":true,"href":"https:\/\/gazdasagportal.hu\/index.php\/wp-json\/wp\/v2\/comments?post=41326"}],"version-history":[{"count":1,"href":"https:\/\/gazdasagportal.hu\/index.php\/wp-json\/wp\/v2\/posts\/41326\/revisions"}],"predecessor-version":[{"id":41327,"href":"https:\/\/gazdasagportal.hu\/index.php\/wp-json\/wp\/v2\/posts\/41326\/revisions\/41327"}],"wp:attachment":[{"href":"https:\/\/gazdasagportal.hu\/index.php\/wp-json\/wp\/v2\/media?parent=41326"}],"wp:term":[{"taxonomy":"category","embeddable":true,"href":"https:\/\/gazdasagportal.hu\/index.php\/wp-json\/wp\/v2\/categories?post=41326"},{"taxonomy":"post_tag","embeddable":true,"href":"https:\/\/gazdasagportal.hu\/index.php\/wp-json\/wp\/v2\/tags?post=41326"}],"curies":[{"name":"wp","href":"https:\/\/api.w.org\/{rel}","templated":true}]}}