{"id":41321,"date":"2014-08-09T16:03:49","date_gmt":"2014-08-09T14:03:49","guid":{"rendered":"http:\/\/stockportal.hu\/?p=41321"},"modified":"2014-08-09T09:15:13","modified_gmt":"2014-08-09T07:15:13","slug":"obama-amerika-szamara-onmaga-jelenti-a-legnagyobb-fenyegetest","status":"publish","type":"post","link":"https:\/\/gazdasagportal.hu\/index.php\/obama-amerika-szamara-onmaga-jelenti-a-legnagyobb-fenyegetest\/","title":{"rendered":"Obama: Amerika sz\u00e1m\u00e1ra \u00f6nmaga jelenti a legnagyobb fenyeget\u00e9st"},"content":{"rendered":"<p><strong>Amerika sz\u00e1m\u00e1ra \u00f6nmaga jelenti a legnagyobb fenyeget\u00e9st &#8211; jelentette ki Barack Obama a The New York Times online kiad\u00e1s\u00e1ban helyi id\u0151 szerint p\u00e9ntek este megjelent interj\u00faj\u00e1ban.<\/strong><!--more--><br \/>\n<div class=\"ads-in-post1\"><div id=\"gazdasagportal.hu_fullbanner_wideboard\"><\/div>\r\n<\/div>\n<p>    &#8222;Olyan sok dolog van, ami sz\u00e1munkra, mint orsz\u00e1g sz\u00e1m\u00e1ra j\u00f3 ir\u00e1nyba halad &#8211; az \u00faj energiaforr\u00e1sokt\u00f3l kezdve az innov\u00e1ci\u00f3n \u00e1t a gazdas\u00e1g n\u00f6veked\u00e9s\u00e9ig &#8211; de sohasem fogjuk kihaszn\u00e1lni a teljes potenci\u00e1lunkat, ha a k\u00e9t p\u00e1rtunk nem teszi mag\u00e1v\u00e1 azt a szeml\u00e9letm\u00f3dot, amit a s\u00edit\u00e1kt\u00f3l, a szunnit\u00e1kt\u00f3l \u00e9s a kurdokt\u00f3l vagy az izraeliekt\u0151l \u00e9s a palesztinokt\u00f3l elv\u00e1runk: nincs vesztes \u00e9s gy\u0151ztes \u00e9s egy\u00fctt kell m\u0171k\u00f6dni&#8221; &#8211; mondta az eln\u00f6k.<br \/>\n    Szavai szerint az amerikai politika &#8222;m\u0171k\u00f6d\u00e9sk\u00e9ptelen&#8221; \u00e9s annak szerepl\u0151inek okulniuk kellene a K\u00f6zel-Kelet &#8222;sz\u00f6rny\u0171 megosztotts\u00e1gaib\u00f3l&#8221;, amelyek arra figyelmeztetnek, hogy a t\u00e1rsadalmak nem m\u0171k\u00f6dnek akkor, a politikai frakci\u00f3k nem engednek poz\u00edci\u00f3ikb\u00f3l.<br \/>\n    Mik\u00f6zben alapvet\u0151en a republik\u00e1nus sz\u00e9ls\u0151jobbot v\u00e1dolta a kompromisszumok megtorped\u00f3z\u00e1sa miatt, Barack Obama elismerte, hogy a v\u00e1laszt\u00f3k\u00f6rzetek hat\u00e1rainak manipulat\u00edv megh\u00faz\u00e1sa, a m\u00e9dia balkaniz\u00e1l\u00f3d\u00e1sa \u00e9s kontroll\u00e1latlan p\u00e9nzek megjelen\u00e9se a politik\u00e1ban &#8222;jobban al\u00e1akn\u00e1zza azt a k\u00e9pess\u00e9g\u00fcnket, hogy szemben\u00e9zz\u00fcnk a nagy kih\u00edv\u00e1sokkal, mint b\u00e1rmilyen k\u00fclf\u00f6ldi ellens\u00e9g&#8221; &#8211; mondta.<br \/>\n    Az eln\u00f6k arra figyelmeztetett, hogy Vlagyimir Putyin eln\u00f6k a nyugati szankci\u00f3k ellen\u00e9re b\u00e1rmikor &#8222;behatolhat&#8221; Ukrajn\u00e1ba \u00e9s ha ezt megteszi, akkor az \u0151 eln\u00f6ks\u00e9ge alatt m\u00e1r &#8222;sokkal nehezebb lesz megpr\u00f3b\u00e1lni megtal\u00e1lni az utat, amely visszavezet a kooperat\u00edv \u00e9s m\u0171k\u00f6d\u0151 kapcsolathoz&#8221;.<br \/>\n    Irakr\u00f3l sz\u00f3lva Obama lesz\u00f6gezte, hogy az Egyes\u00fclt \u00c1llamok l\u00e9giereje nem lesz a s\u00edit\u00e1k\u00e9, de egyetlen m\u00e1s csoportosul\u00e1s\u00e9, \u00edgy a kurdok\u00e9 sem, \u00e9s hogy nem vez\u00e9nyel oda vissza harcol\u00f3 egys\u00e9geket. Kijelentette, hogy Amerika nem tudja megtenni az irakiak sz\u00e1m\u00e1ra azt, amit \u0151k maguk nem akarnak. Ezzel kapcsolatban ugyanakkor elismerte, hogy az amerikai l\u00e9gier\u0151 az\u00e9rt nem m\u00e9rt azonnal Irak-szerte csap\u00e1st az Iraki \u00e9s Levantei Iszl\u00e1m \u00c1llam (ILI\u00c1) elnevez\u00e9s\u0171 sz\u00e9ls\u0151s\u00e9ges er\u0151re, mert nem akarta cs\u00f6kkenteni a N\u00fari al-M\u00e1liki iraki minisztereln\u00f6kre nehezed\u0151 nyom\u00e1st.<br \/>\n    &#8222;Strat\u00e9giai \u00e9rdek\u00fcnk az ILI\u00c1 visszaszor\u00edt\u00e1sa. Nem fogjuk megengedni nekik, hogy valami kalif\u00e1tust l\u00e9tes\u00edtsenek Sz\u00edri\u00e1ban \u00e9s Irakban, de ezt csak akkor tudjuk megtenni, ha tudjuk, hogy olyan partnereink vannak a helysz\u00ednen, akik k\u00e9pesek kit\u00f6lteni az \u0171rt&#8221; &#8211; mondta.<br \/>\n    Az amerikai csapatok meghi\u00fasult folyamatos iraki \u00e1llom\u00e1soztat\u00e1s\u00e1ra vonatkoz\u00f3 k\u00e9rd\u00e9sre \u00fagy v\u00e1laszolt, hogy arra sosem lett volna sz\u00fcks\u00e9g, ha a s\u00edita t\u00f6bbs\u00e9g &#8222;nem pazarolta volna el a lehet\u0151s\u00e9get&#8221;, hogy megossza a hatalmat a szunnit\u00e1kkal \u00e9s a kurdokkal.<br \/>\n    Az iraki \u00e9s sz\u00edriai szunnit\u00e1kr\u00f3l sz\u00f3lva \u00fagy v\u00e9lekedett, hogy am\u00edg nem siker\u00fcl megtal\u00e1lni azt a formul\u00e1t, amely az \u0151 t\u00f6rekv\u00e9seiket is kiel\u00e9g\u00edten\u00e9, addig \u00f3hatatlanul megmaradnak a probl\u00e9m\u00e1k. Az iraki s\u00edita t\u00f6bbs\u00e9g ezt csak most kezdi el meg\u00e9rteni. Az eln\u00f6k szerint noha az ILI\u00c1 nem volt vonz\u00f3 az \u00e1tlagos szunnit\u00e1k sz\u00e1m\u00e1ra, az m\u00e9gis ki tudta t\u00f6lteni a v\u00e1kuumot.<br \/>\n    Ir\u00e1nr\u00f3l sz\u00f3lva \u00fagy v\u00e9lekedett, hogy az iszl\u00e1m k\u00f6zt\u00e1rsas\u00e1gban v\u00e9gre meg\u00e9rtett\u00e9k, hogy hossz\u00fa t\u00e1von buk\u00e1sra \u00edt\u00e9lt az az \u00e1ll\u00e1spont, ha az iraki s\u00edit\u00e1k maximalista poz\u00edci\u00f3ra t\u00f6rekednek.<br \/>\n    Obama \u00e1br\u00e1ndnak min\u0151s\u00edtette azt a felvet\u00e9st, hogy a sz\u00edriai felkel\u0151k felfegyverz\u00e9se \u00e9rdemben v\u00e1ltoztatott volna az orsz\u00e1gban kialakult helyzeten. Mint mondta, sosem volt igazi opci\u00f3 a civileknek a j\u00f3l felszerelt, Oroszorsz\u00e1g, Ir\u00e1n \u00e9s a libanoni s\u00edita Hezbollah mil\u00edcia \u00e1ltal is t\u00e1mogatott \u00e1llammal szembeni felfegyverz\u00e9se, \u00e9s hogy az amerikai korm\u00e1ny csak \u00fcggyel-bajjal tal\u00e1l olyan vil\u00e1gi sz\u00edriai felkel\u0151ket, akiket fel tudna szerelni \u00e9s ki tudna k\u00e9pezni.<br \/>\n    Az eln\u00f6k kijelentette, hogy a K\u00f6zel-Keleten \u00e9s m\u00e1s r\u00e9gi\u00f3kban Amerika csak olyan m\u00e9rt\u00e9kben v\u00e1llal nagyobb szerepet, ahogyan a helyi k\u00f6z\u00f6ss\u00e9gek elk\u00f6telezik magukat egy olyan befogad\u00f3 politika mellett, amelyben nincsenek gy\u0151ztesek \u00e9s legy\u0151z\u00f6ttek.<br \/>\n    Az eln\u00f6k szerint helyes d\u00f6nt\u00e9s volt a t\u00f6megm\u00e9sz\u00e1rl\u00e1s megakad\u00e1lyoz\u00e1sa \u00e9rdek\u00e9ben intervenci\u00f3t ind\u00edtani L\u00edbi\u00e1ban, de kijelentette, hogy a k\u00fclpolitika ter\u00e9n azt sajn\u00e1lja a legjobban, hogy azt nem k\u00f6vette a helysz\u00ednen nemzetk\u00f6zi seg\u00edts\u00e9gny\u00fajt\u00e1s a demokratikus \u00e1tmenethez.<br \/>\n    &#8222;Ez az a lecke, amit most minden alkalommal felid\u00e9zek, amikor felteszem a k\u00e9rd\u00e9st, hogy be kell-e avatkoznunk \u00e9s van-e v\u00e1laszunk a k\u00f6vetkez\u0151 napra is&#8221; &#8211; mondta Barack Obama.<br \/>\n    Izraelr\u0151l sz\u00f3lva kijelentette: &#8222;\u00dagy gondolom, a k\u00e9rd\u00e9s val\u00f3j\u00e1ban az, hogy hogyan \u00e9l t\u00fal Izrael. \u00c9s hogy lehet l\u00e9trehozni egy olyan Izrael \u00c1llamot, amely fenntartja a demokratikus \u00e9s polg\u00e1ri hagyom\u00e1nyait. Hogyan lehet meg\u0151rizni egy olyan zsid\u00f3 \u00e1llamot, amely visszat\u00fckr\u00f6zi Izrael alap\u00edt\u00f3inak legjobb \u00e9rt\u00e9keit is. \u00c9s k\u00f6vetkezetesen hiszem, hogy ennek \u00e9rdek\u00e9ben meg kell tal\u00e1lni a m\u00f3dj\u00e1t a palesztinokkal val\u00f3 b\u00e9k\u00e9s egym\u00e1s mellet \u00e9l\u00e9snek&#8230; El kell ismerni, hogy vannak jogos k\u00f6vetel\u00e9seik, \u00e9s hogy ez az \u0151 f\u00f6ldj\u00fck \u00e9s ter\u00fclet\u00fck is&#8221; &#8211; fogalmazott az amerikai eln\u00f6k.(MTI)<\/p>\n","protected":false},"excerpt":{"rendered":"<p>Amerika sz\u00e1m\u00e1ra \u00f6nmaga jelenti a legnagyobb fenyeget\u00e9st &#8211; jelentette ki Barack Obama a The New York Times online kiad\u00e1s\u00e1ban helyi id\u0151 szerint p\u00e9ntek este megjelent interj\u00faj\u00e1ban.<\/p>\n","protected":false},"author":1,"featured_media":0,"comment_status":"open","ping_status":"closed","sticky":false,"template":"","format":"standard","meta":[],"categories":[13],"tags":[],"_links":{"self":[{"href":"https:\/\/gazdasagportal.hu\/index.php\/wp-json\/wp\/v2\/posts\/41321"}],"collection":[{"href":"https:\/\/gazdasagportal.hu\/index.php\/wp-json\/wp\/v2\/posts"}],"about":[{"href":"https:\/\/gazdasagportal.hu\/index.php\/wp-json\/wp\/v2\/types\/post"}],"author":[{"embeddable":true,"href":"https:\/\/gazdasagportal.hu\/index.php\/wp-json\/wp\/v2\/users\/1"}],"replies":[{"embeddable":true,"href":"https:\/\/gazdasagportal.hu\/index.php\/wp-json\/wp\/v2\/comments?post=41321"}],"version-history":[{"count":1,"href":"https:\/\/gazdasagportal.hu\/index.php\/wp-json\/wp\/v2\/posts\/41321\/revisions"}],"predecessor-version":[{"id":41322,"href":"https:\/\/gazdasagportal.hu\/index.php\/wp-json\/wp\/v2\/posts\/41321\/revisions\/41322"}],"wp:attachment":[{"href":"https:\/\/gazdasagportal.hu\/index.php\/wp-json\/wp\/v2\/media?parent=41321"}],"wp:term":[{"taxonomy":"category","embeddable":true,"href":"https:\/\/gazdasagportal.hu\/index.php\/wp-json\/wp\/v2\/categories?post=41321"},{"taxonomy":"post_tag","embeddable":true,"href":"https:\/\/gazdasagportal.hu\/index.php\/wp-json\/wp\/v2\/tags?post=41321"}],"curies":[{"name":"wp","href":"https:\/\/api.w.org\/{rel}","templated":true}]}}