{"id":41307,"date":"2014-08-09T06:57:08","date_gmt":"2014-08-09T04:57:08","guid":{"rendered":"http:\/\/stockportal.hu\/?p=41307"},"modified":"2014-08-08T22:38:23","modified_gmt":"2014-08-08T20:38:23","slug":"iraki-lazadas-ujabb-amerikai-legicsapasok-az-iszlamistak-ellen","status":"publish","type":"post","link":"https:\/\/gazdasagportal.hu\/index.php\/iraki-lazadas-ujabb-amerikai-legicsapasok-az-iszlamistak-ellen\/","title":{"rendered":"Iraki l\u00e1zad\u00e1s &#8211; \u00dajabb amerikai l\u00e9gicsap\u00e1sok az iszlamist\u00e1k ellen"},"content":{"rendered":"<p><strong>Az Egyes\u00fclt \u00c1llamok Erb\u00edl k\u00f6zel\u00e9ben dr\u00f3ncsap\u00e1st hajtott v\u00e9gre az Iszl\u00e1m \u00c1llam (I\u00c1) elnevez\u00e9s\u0171 sz\u00e9ls\u0151s\u00e9ges mil\u00edcia egy aknavet\u0151\u00e1ll\u00e1sa ellen, n\u00e9gy F-18-as vad\u00e1szbomb\u00e1z\u00f3 pedig egy konvojt \u00e9s egy m\u00e1sik aknavet\u0151\u00e1ll\u00e1st t\u00e1madott &#8211; k\u00f6z\u00f6lte p\u00e9nteken a Pentagon.<!--more--><\/strong><br \/>\n<div class=\"ads-in-post1\"><div id=\"gazdasagportal.hu_fullbanner_wideboard\"><\/div>\r\n<\/div>\n<p>    Ez volt a nap folyam\u00e1n az amerikai csap\u00e1sok m\u00e1sodik hull\u00e1ma.<br \/>\n    Kor\u00e1bban k\u00e9t F\/A-18-as ugyancsak az \u00e9szak-iraki kurd auton\u00f3m ter\u00fclet sz\u00e9khelye, Erb\u00edl k\u00f6zel\u00e9ben 500 fontos (mintegy 227 kilogrammos) l\u00e9zerir\u00e1ny\u00edt\u00e1s\u00fa bomb\u00e1kkal m\u00e9rt csap\u00e1st az iszlamist\u00e1k egy \u00f6nj\u00e1r\u00f3 t\u00fcz\u00e9rs\u00e9gi l\u00f6veg\u00e9re.<br \/>\n    Barack Obama eln\u00f6k cs\u00fct\u00f6rt\u00f6k este jelentette be: enged\u00e9lyezte, hogy sz\u00fcks\u00e9g eset\u00e9n l\u00e9gicsap\u00e1sokat m\u00e9rjenek Irakban az iszlamista sz\u00e9ls\u0151s\u00e9gesekre az amerikai alkalmazottak &#8211; katon\u00e1k, diplomat\u00e1k &#8211; v\u00e9delm\u00e9ben, tov\u00e1bb\u00e1 humanit\u00e1rius seg\u00edts\u00e9gny\u00fajt\u00e1st rendelt el a vall\u00e1si kisebbs\u00e9gek elleni potenci\u00e1lis n\u00e9pirt\u00e1s megakad\u00e1lyoz\u00e1sa \u00e9rdek\u00e9ben.(MTI)<\/p>\n","protected":false},"excerpt":{"rendered":"<p>Az Egyes\u00fclt \u00c1llamok Erb\u00edl k\u00f6zel\u00e9ben dr\u00f3ncsap\u00e1st hajtott v\u00e9gre az Iszl\u00e1m \u00c1llam (I\u00c1) elnevez\u00e9s\u0171 sz\u00e9ls\u0151s\u00e9ges mil\u00edcia egy aknavet\u0151\u00e1ll\u00e1sa ellen, n\u00e9gy F-18-as vad\u00e1szbomb\u00e1z\u00f3 pedig egy konvojt \u00e9s egy m\u00e1sik aknavet\u0151\u00e1ll\u00e1st t\u00e1madott &#8211; k\u00f6z\u00f6lte p\u00e9nteken a Pentagon.<\/p>\n","protected":false},"author":1,"featured_media":0,"comment_status":"open","ping_status":"closed","sticky":false,"template":"","format":"standard","meta":[],"categories":[16],"tags":[],"_links":{"self":[{"href":"https:\/\/gazdasagportal.hu\/index.php\/wp-json\/wp\/v2\/posts\/41307"}],"collection":[{"href":"https:\/\/gazdasagportal.hu\/index.php\/wp-json\/wp\/v2\/posts"}],"about":[{"href":"https:\/\/gazdasagportal.hu\/index.php\/wp-json\/wp\/v2\/types\/post"}],"author":[{"embeddable":true,"href":"https:\/\/gazdasagportal.hu\/index.php\/wp-json\/wp\/v2\/users\/1"}],"replies":[{"embeddable":true,"href":"https:\/\/gazdasagportal.hu\/index.php\/wp-json\/wp\/v2\/comments?post=41307"}],"version-history":[{"count":1,"href":"https:\/\/gazdasagportal.hu\/index.php\/wp-json\/wp\/v2\/posts\/41307\/revisions"}],"predecessor-version":[{"id":41308,"href":"https:\/\/gazdasagportal.hu\/index.php\/wp-json\/wp\/v2\/posts\/41307\/revisions\/41308"}],"wp:attachment":[{"href":"https:\/\/gazdasagportal.hu\/index.php\/wp-json\/wp\/v2\/media?parent=41307"}],"wp:term":[{"taxonomy":"category","embeddable":true,"href":"https:\/\/gazdasagportal.hu\/index.php\/wp-json\/wp\/v2\/categories?post=41307"},{"taxonomy":"post_tag","embeddable":true,"href":"https:\/\/gazdasagportal.hu\/index.php\/wp-json\/wp\/v2\/tags?post=41307"}],"curies":[{"name":"wp","href":"https:\/\/api.w.org\/{rel}","templated":true}]}}