{"id":41303,"date":"2014-08-09T05:51:49","date_gmt":"2014-08-09T03:51:49","guid":{"rendered":"http:\/\/stockportal.hu\/?p=41303"},"modified":"2014-08-08T22:32:36","modified_gmt":"2014-08-08T20:32:36","slug":"ukran-valsag-kijev-buntetointezkedesekkel-akarja-sujtani-az-ukrajnai-szeparatizmus-tamogatoit","status":"publish","type":"post","link":"https:\/\/gazdasagportal.hu\/index.php\/ukran-valsag-kijev-buntetointezkedesekkel-akarja-sujtani-az-ukrajnai-szeparatizmus-tamogatoit\/","title":{"rendered":"Ukr\u00e1n v\u00e1ls\u00e1g &#8211; Kijev b\u00fcntet\u0151int\u00e9zked\u00e9sekkel akarja s\u00fajtani az ukrajnai szeparatizmus t\u00e1mogat\u00f3it"},"content":{"rendered":"<p><strong>Az ukr\u00e1n korm\u00e1ny t\u00f6rv\u00e9nyjavaslatot terjeszt a parlament el\u00e9, amelynek alapj\u00e1n b\u00fcntet\u0151int\u00e9zked\u00e9sekkel s\u00fajtja az ukrajnai &#8222;terrorizmust&#8221; \u00e9s a Kr\u00edm f\u00e9lsziget Oroszorsz\u00e1g \u00e1ltali elcsatol\u00e1s\u00e1t finansz\u00edroz\u00f3 term\u00e9szetes \u00e9s jogi szem\u00e9lyeket.<\/strong><!--more--><br \/>\n<div class=\"ads-in-post1\"><div id=\"gazdasagportal.hu_fullbanner_wideboard\"><\/div>\r\n<\/div>\n<p>    Ezt Arszenyij Jacenyuk ukr\u00e1n minisztereln\u00f6k jelentette be Kijevben, a korm\u00e1ny p\u00e9nteki z\u00e1rt \u00fcl\u00e9se ut\u00e1n tartott sajt\u00f3t\u00e1j\u00e9koztat\u00f3j\u00e1n. A korm\u00e1nyf\u0151 nem z\u00e1rta ki annak lehet\u0151s\u00e9g\u00e9t, hogy az int\u00e9zked\u00e9s kiterjed majd az Eur\u00f3p\u00e1ba ir\u00e1nyul\u00f3 orosz f\u00f6ldg\u00e1z Ukrajn\u00e1n kereszt\u00fcl t\u00f6rt\u00e9n\u0151 sz\u00e1ll\u00edt\u00e1s\u00e1ra is.<br \/>\n    Jacenyuk elmondta, hogy a t\u00f6rv\u00e9nyjavaslatban felsorolt 26 f\u00e9le b\u00fcntet\u0151int\u00e9zked\u00e9s k\u00f6z\u00f6tt van mindenf\u00e9le tranzit le\u00e1ll\u00edt\u00e1s\u00e1nak lehet\u0151s\u00e9ge az orsz\u00e1g ter\u00fclet\u00e9n kereszt\u00fcl, bele\u00e9rtve a l\u00e9gik\u00f6zleked\u00e9st \u00e9s a nyersanyagok sz\u00e1ll\u00edt\u00e1s\u00e1t is.<br \/>\n    A szankci\u00f3k kiterjedhetnek tov\u00e1bb\u00e1 a list\u00e1ra ker\u00fcl\u0151 szem\u00e9lyek gazdas\u00e1gi, kereskedelmi tev\u00e9kenys\u00e9g\u00e9nek megtilt\u00e1s\u00e1ra \u00e9s bankbet\u00e9teik befagyaszt\u00e1s\u00e1ra. A tilalom vonatkozhat privatiz\u00e1ci\u00f3ra, licenszekre, m\u0171sorsug\u00e1rz\u00e1sra, illetve internetes szolg\u00e1ltat\u00e1sra is.<br \/>\n    A minisztereln\u00f6k rem\u00e9ny\u00e9t fejezte ki, hogy a parlament a k\u00f6vetkez\u0151, azaz j\u00f6v\u0151 keddi plen\u00e1ris \u00fcl\u00e9s\u00e9n elfogadja a t\u00f6rv\u00e9nyjavaslatot. Az el\u0151terjeszt\u00e9s \u00e9rtelm\u00e9ben ezt k\u00f6vet\u0151en a korm\u00e1ny javaslata alapj\u00e1n a Nemzetv\u00e9delmi \u00e9s Biztons\u00e1gi Tan\u00e1cs (RNBO) \u00e1ll\u00edtja \u00f6ssze a szankci\u00f3kkal s\u00fajtand\u00f3k list\u00e1j\u00e1t.<br \/>\n    Jacenyuk k\u00f6z\u00f6lte, hogy a korm\u00e1ny 65 jogi szem\u00e9ly felv\u00e9tel\u00e9t javasolja a tan\u00e1csnak a szankci\u00f3s list\u00e1ra. Ezek alapvet\u0151en olyan orosz tulajdonban l\u00e9v\u0151 v\u00e1llalatok \u00e9s egy\u00e9b jogi szem\u00e9lyek, amelyek t\u00e1mogatj\u00e1k \u00e9s finansz\u00edrozz\u00e1k az ukrajnai &#8222;terrorizmust&#8221; &#8211; azaz a kelet-ukrajnai szeparatist\u00e1k tev\u00e9kenys\u00e9g\u00e9t -, \u00e9s k\u00f6zvetlen kapcsolatban \u00e1llnak az ukr\u00e1n \u00e1llam ter\u00fclet\u00e9n elk\u00f6vetett b\u0171ncselekm\u00e9nyekkel &#8211; mondta a minisztereln\u00f6k.<br \/>\n    Kijev terrorist\u00e1knak tekinti a kelet-ukrajnai Donyeck \u00e9s Luhanszk megye Ukrajn\u00e1t\u00f3l val\u00f3 elszakad\u00e1s\u00e1\u00e9rt k\u00fczd\u0151 oroszbar\u00e1t szakad\u00e1rokat, akikkel szemben \u00e1prilis k\u00f6zep\u00e9n kezdett &#8222;terrorellenes hadm\u0171veletet&#8221;, hogy visszaszerezze az ellen\u0151rz\u00e9st az \u00e1ltaluk elfoglalt ter\u00fcletek f\u00f6l\u00f6tt.(MTI)<\/p>\n","protected":false},"excerpt":{"rendered":"<p>Az ukr\u00e1n korm\u00e1ny t\u00f6rv\u00e9nyjavaslatot terjeszt a parlament el\u00e9, amelynek alapj\u00e1n b\u00fcntet\u0151int\u00e9zked\u00e9sekkel s\u00fajtja az ukrajnai &#8222;terrorizmust&#8221; \u00e9s a Kr\u00edm f\u00e9lsziget Oroszorsz\u00e1g \u00e1ltali elcsatol\u00e1s\u00e1t finansz\u00edroz\u00f3 term\u00e9szetes \u00e9s jogi szem\u00e9lyeket.<\/p>\n","protected":false},"author":1,"featured_media":0,"comment_status":"open","ping_status":"closed","sticky":false,"template":"","format":"standard","meta":[],"categories":[139],"tags":[],"_links":{"self":[{"href":"https:\/\/gazdasagportal.hu\/index.php\/wp-json\/wp\/v2\/posts\/41303"}],"collection":[{"href":"https:\/\/gazdasagportal.hu\/index.php\/wp-json\/wp\/v2\/posts"}],"about":[{"href":"https:\/\/gazdasagportal.hu\/index.php\/wp-json\/wp\/v2\/types\/post"}],"author":[{"embeddable":true,"href":"https:\/\/gazdasagportal.hu\/index.php\/wp-json\/wp\/v2\/users\/1"}],"replies":[{"embeddable":true,"href":"https:\/\/gazdasagportal.hu\/index.php\/wp-json\/wp\/v2\/comments?post=41303"}],"version-history":[{"count":1,"href":"https:\/\/gazdasagportal.hu\/index.php\/wp-json\/wp\/v2\/posts\/41303\/revisions"}],"predecessor-version":[{"id":41304,"href":"https:\/\/gazdasagportal.hu\/index.php\/wp-json\/wp\/v2\/posts\/41303\/revisions\/41304"}],"wp:attachment":[{"href":"https:\/\/gazdasagportal.hu\/index.php\/wp-json\/wp\/v2\/media?parent=41303"}],"wp:term":[{"taxonomy":"category","embeddable":true,"href":"https:\/\/gazdasagportal.hu\/index.php\/wp-json\/wp\/v2\/categories?post=41303"},{"taxonomy":"post_tag","embeddable":true,"href":"https:\/\/gazdasagportal.hu\/index.php\/wp-json\/wp\/v2\/tags?post=41303"}],"curies":[{"name":"wp","href":"https:\/\/api.w.org\/{rel}","templated":true}]}}