{"id":41301,"date":"2014-08-09T04:41:28","date_gmt":"2014-08-09T02:41:28","guid":{"rendered":"http:\/\/stockportal.hu\/?p=41301"},"modified":"2014-08-08T22:31:16","modified_gmt":"2014-08-08T20:31:16","slug":"az-amerikai-legiero-csapast-mert-az-iszlam-allamnak-a-kurd-eroket-tamado-tuzersegere","status":"publish","type":"post","link":"https:\/\/gazdasagportal.hu\/index.php\/az-amerikai-legiero-csapast-mert-az-iszlam-allamnak-a-kurd-eroket-tamado-tuzersegere\/","title":{"rendered":"Az amerikai l\u00e9gier\u0151 csap\u00e1st m\u00e9rt az Iszl\u00e1m \u00c1llamnak a kurd er\u0151ket t\u00e1mad\u00f3 t\u00fcz\u00e9rs\u00e9g\u00e9re"},"content":{"rendered":"<p><strong>Az amerikai l\u00e9gier\u0151 csap\u00e1st m\u00e9rt az Iszl\u00e1m \u00c1llam (I\u00c1) sz\u00e9ls\u0151s\u00e9ges csoportnak a kurd er\u0151ket t\u00e1mad\u00f3 t\u00fcz\u00e9rs\u00e9gi \u00e1ll\u00e1saira \u00c9szak-Irakban &#8211; jelentette be p\u00e9nteken az amerikai v\u00e9delmi miniszt\u00e9rium.<\/strong><!--more--><br \/>\n<div class=\"ads-in-post1\"><div id=\"gazdasagportal.hu_fullbanner_wideboard\"><\/div>\r\n<\/div>\n<p>    Ez fordulatot jelent Washington Irak-politik\u00e1j\u00e1ban: az amerikai most el\u0151sz\u00f6r t\u00e1madt\u00e1k k\u00f6zvetlen\u00fcl a sz\u00e9ls\u0151s\u00e9geseket, amelyek nagy ter\u00fcleteket h\u00f3d\u00edtottak meg Irakban, valamint Sz\u00edri\u00e1ban.<br \/>\n    Amerikai rep\u00fcl\u0151g\u00e9pek l\u00e9gicsap\u00e1st m\u00e9rtek Erbiln\u00e9l az Iszl\u00e1m \u00c1llam t\u00fcz\u00e9rs\u00e9g\u00e9re, amely t\u00e1madta azt a t\u00e1maszpontot is, ahol amerikai katon\u00e1k is tart\u00f3zkodnak &#8211; k\u00f6z\u00f6lte John Kirby ellentengernagy, a Pentagon sz\u00f3viv\u0151je.<br \/>\n    Hozz\u00e1tette, hogy k\u00e9t F\/A18 t\u00edpus\u00fa vad\u00e1szbomb\u00e1z\u00f3 az \u00e9szak-iraki kurd auton\u00f3m ter\u00fclet sz\u00e9khelye, Erbil k\u00f6zel\u00e9ben 500 fontos (mintegy 227 kilogrammos) l\u00e9zerir\u00e1ny\u00edt\u00e1s\u00fa bomb\u00e1kkal m\u00e9rt csap\u00e1st az iszlamist\u00e1k egy \u00f6nj\u00e1r\u00f3 t\u00fcz\u00e9rs\u00e9gi l\u00f6veg\u00e9re.<br \/>\n    Az Egyes\u00fclt \u00c1llamoknak konzul\u00e1tusa \u00e9s 40 katonai tan\u00e1csad\u00f3ja m\u0171k\u00f6dik Erbilben.<br \/>\n    Az amerikai v\u00e9delmi miniszt\u00e9rium illet\u00e9kesei szerint a k\u00e9t harci g\u00e9p a m\u00e9g j\u00faniusban a Perzsa-\u00f6b\u00f6lbe vez\u00e9nyelt George H.W. Bush rep\u00fcl\u0151g\u00e9p-hordoz\u00f3r\u00f3l sz\u00e1llt fel, a k\u00f6zel-keleti \u00e9s a k\u00f6z\u00e9p-\u00e1zsiai t\u00e9rs\u00e9g\u00e9rt felel\u0151s amerikai K\u00f6z\u00e9ps\u0151 Parancsnoks\u00e1g (CENTCOM) utas\u00edt\u00e1s\u00e1ra. A Pentagon a tov\u00e1bbiakban az F\/A18-asok mellett a r\u00e9gi\u00f3ban \u00e1llom\u00e1soz\u00f3 F-16-osokat is be fog vetni, a seg\u00e9lysz\u00e1ll\u00edtm\u00e1nyokat pedig a Kuvaitban \u00e1llom\u00e1soz\u00f3 rep\u00fcl\u0151g\u00e9pekkel juttatja c\u00e9lba.<br \/>\n    Chuck Hagel Indi\u00e1ban tart\u00f3zkod\u00f3 v\u00e9delmi miniszter kijelentette, hogy az amerikai hader\u0151 elegend\u0151 h\u00edrszerz\u00e9si inform\u00e1ci\u00f3val rendelkezik ahhoz, hogy l\u00e9gicsap\u00e1sokat m\u00e9rjen az I\u00c1 egys\u00e9geire, ha azok az amerikai \u00e9rdekeket, vagy az \u00c9szak-Irak hegyeibe menek\u00fclt t\u00f6bb ezer menek\u00fcltet vesz\u00e9lyeztetik. Hagel szerint az amerikai sz\u00e1ll\u00edt\u00f3g\u00e9pekr\u0151l ejt\u0151erny\u0151vel ledobott 72 raklapnyi v\u00edz \u00e9s \u00e9lelmiszer k\u00f6z\u00fcl t\u00f6bb mint 60 el is jutott a r\u00e1szorul\u00f3khoz.<br \/>\n    Barack Obama amerikai eln\u00f6k cs\u00fct\u00f6rt\u00f6k este jelentette be, hogy enged\u00e9lyezte az iszlamista sz\u00e9ls\u0151s\u00e9gesek elleni l\u00e9gicsap\u00e1sokat Irakban az amerikai alkalmazottak &#8211; katon\u00e1k, diplomat\u00e1k &#8211; v\u00e9delm\u00e9ben, tov\u00e1bb\u00e1 a vall\u00e1si kisebbs\u00e9gek elleni potenci\u00e1lis n\u00e9pirt\u00e1s megakad\u00e1lyoz\u00e1sa \u00e9rdek\u00e9ben humanit\u00e1rius seg\u00edts\u00e9gny\u00fajt\u00e1st rendelt el.<br \/>\n     A l\u00e9gicsap\u00e1sok fordulatot jelentenek Washington Irak-politik\u00e1j\u00e1ban. Az Egyes\u00fclt \u00c1llamok egy csaknem egy \u00e9vtizeden \u00e1t tart\u00f3 h\u00e1bor\u00faskod\u00e1s ut\u00e1n 2011 v\u00e9g\u00e9n kivonta katonai er\u0151it az arab orsz\u00e1gb\u00f3l. Obama j\u00fanius \u00f3ta t\u00f6bb sz\u00e1z katon\u00e1t \u00e9s tenger\u00e9szgyalogost vez\u00e9nyelt Irakba tan\u00e1csad\u00f3i feladatok ell\u00e1t\u00e1sra \u00e9s amerikai k\u00e9pviseletek v\u00e9delm\u00e9nek meger\u0151s\u00edt\u00e9s\u00e9re. A katonai fell\u00e9p\u00e9s j\u00f3v\u00e1hagy\u00e1s\u00e1t cs\u00fct\u00f6rt\u00f6k\u00f6n bejelentve az eln\u00f6k mindazon\u00e1ltal kiz\u00e1rta az amerikai sz\u00e1razf\u00f6ldi katonai szerepv\u00e1llal\u00e1s lehet\u0151s\u00e9g\u00e9t.(MTI)<\/p>\n","protected":false},"excerpt":{"rendered":"<p>Az amerikai l\u00e9gier\u0151 csap\u00e1st m\u00e9rt az Iszl\u00e1m \u00c1llam (I\u00c1) sz\u00e9ls\u0151s\u00e9ges csoportnak a kurd er\u0151ket t\u00e1mad\u00f3 t\u00fcz\u00e9rs\u00e9gi \u00e1ll\u00e1saira \u00c9szak-Irakban &#8211; jelentette be p\u00e9nteken az amerikai v\u00e9delmi miniszt\u00e9rium.<\/p>\n","protected":false},"author":1,"featured_media":0,"comment_status":"open","ping_status":"closed","sticky":false,"template":"","format":"standard","meta":[],"categories":[16],"tags":[],"_links":{"self":[{"href":"https:\/\/gazdasagportal.hu\/index.php\/wp-json\/wp\/v2\/posts\/41301"}],"collection":[{"href":"https:\/\/gazdasagportal.hu\/index.php\/wp-json\/wp\/v2\/posts"}],"about":[{"href":"https:\/\/gazdasagportal.hu\/index.php\/wp-json\/wp\/v2\/types\/post"}],"author":[{"embeddable":true,"href":"https:\/\/gazdasagportal.hu\/index.php\/wp-json\/wp\/v2\/users\/1"}],"replies":[{"embeddable":true,"href":"https:\/\/gazdasagportal.hu\/index.php\/wp-json\/wp\/v2\/comments?post=41301"}],"version-history":[{"count":1,"href":"https:\/\/gazdasagportal.hu\/index.php\/wp-json\/wp\/v2\/posts\/41301\/revisions"}],"predecessor-version":[{"id":41302,"href":"https:\/\/gazdasagportal.hu\/index.php\/wp-json\/wp\/v2\/posts\/41301\/revisions\/41302"}],"wp:attachment":[{"href":"https:\/\/gazdasagportal.hu\/index.php\/wp-json\/wp\/v2\/media?parent=41301"}],"wp:term":[{"taxonomy":"category","embeddable":true,"href":"https:\/\/gazdasagportal.hu\/index.php\/wp-json\/wp\/v2\/categories?post=41301"},{"taxonomy":"post_tag","embeddable":true,"href":"https:\/\/gazdasagportal.hu\/index.php\/wp-json\/wp\/v2\/tags?post=41301"}],"curies":[{"name":"wp","href":"https:\/\/api.w.org\/{rel}","templated":true}]}}