{"id":41278,"date":"2014-08-08T13:03:10","date_gmt":"2014-08-08T11:03:10","guid":{"rendered":"http:\/\/stockportal.hu\/?p=41278"},"modified":"2014-08-08T13:03:10","modified_gmt":"2014-08-08T11:03:10","slug":"orosz-embargo-mkik-magyar-orosz-tagozat-celszeru-lenne-osszehivni-a-magyar-orosz-kormanykozi-bizottsagot","status":"publish","type":"post","link":"https:\/\/gazdasagportal.hu\/index.php\/orosz-embargo-mkik-magyar-orosz-tagozat-celszeru-lenne-osszehivni-a-magyar-orosz-kormanykozi-bizottsagot\/","title":{"rendered":"Orosz embarg\u00f3 &#8211; MKIK magyar-orosz tagozat: c\u00e9lszer\u0171 lenne \u00f6sszeh\u00edvni a magyar-orosz korm\u00e1nyk\u00f6zi bizotts\u00e1got"},"content":{"rendered":"<p><strong>A Magyar Kereskedelmi \u00e9s Iparkamara (MKIK) magyar-orosz tagozata szerint c\u00e9lszer\u0171 lenne \u00f6sszeh\u00edvni a magyar-orosz korm\u00e1nyk\u00f6zi bizotts\u00e1g \u00fcl\u00e9s\u00e9t okt\u00f3berben a kialakult helyzet \u00e1ttekint\u00e9s\u00e9re &#8211; mondta T\u00f3th Imre, a tagozat eln\u00f6ke p\u00e9nteken a test\u00fclet \u00fcl\u00e9s\u00e9n, ahol az orosz szankci\u00f3k magyarorsz\u00e1gi k\u00f6vetkezm\u00e9nyeit elemezt\u00e9k a tagv\u00e1llalatok.<\/strong><!--more--><br \/>\n<div class=\"ads-in-post1\"><div id=\"gazdasagportal.hu_fullbanner_wideboard\"><\/div>\r\n<\/div>\n<p>\u00a0\u00a0\u00a0\u00a0T\u00f3th Imre szerint az orosz gazdas\u00e1gi kapcsolatokat \u00e9rint\u0151 szankci\u00f3k sokkal kem\u00e9nyebb hat\u00e1ssal lesznek az \u00fczleti kapcsolatokra, az Eur\u00f3pai Uni\u00f3 \u00e9s a magyar gazdas\u00e1gra, mint ahogyan azt az elemz\u0151k v\u00e1rj\u00e1k.<br \/>\n\u00a0\u00a0\u00a0\u00a0A tagozat eln\u00f6ke hangs\u00falyozta: fenn\u00e1ll a vesz\u00e9lye annak, hogy a szankci\u00f3k bevezet\u00e9s\u00e9vel \u00fczleti kapcsolatok szakadnak meg, sz\u00fcnetelnek, neh\u00e9z lesz a jelenlegi helyzetet vissza\u00e1ll\u00edtani.<br \/>\n\u00a0\u00a0\u00a0\u00a0T\u00f3th Imre elmondta, a k\u00f6rnyez\u0151 orsz\u00e1gok kamar\u00e1ival konzult\u00e1lva \u00fagy l\u00e1tj\u00e1k, hogy a szankci\u00f3kat komolyan kell venni, \u00e9s a v\u00e1llalkoz\u00e1soknak t\u00f6rv\u00e9nytisztel\u0151 m\u00f3don kell hozz\u00e1\u00e1llni.<br \/>\n\u00a0\u00a0\u00a0\u00a0Naivit\u00e1s azt hinni, hogy a szankci\u00f3 csak Oroszorsz\u00e1got \u00e9rinti kedvez\u0151tlen\u00fcl &#8211; mutatott r\u00e1 a tagozat eln\u00f6ke, hozz\u00e1t\u00e9ve: negat\u00edvan \u00e9rinti majd az eg\u00e9sz Eur\u00f3pai Uni\u00f3 gazdas\u00e1g\u00e1t, k\u00f6zt\u00fck a magyar GDP alakul\u00e1s\u00e1t &#8211; szerinte -, cs\u00edr\u00e1j\u00e1ban lass\u00edthatja le a kibontakoz\u00f3ban l\u00e9v\u0151 gazdas\u00e1gi n\u00f6veked\u00e9st.<br \/>\n\u00a0\u00a0\u00a0\u00a0A kamara tagozat\u00e1nak eln\u00f6ke \u00fagy \u00e9rt\u00e9kelte, hogy a cs\u00f6kken\u0151 orosz piaci lehet\u0151s\u00e9gek a nemzetk\u00f6zi \u00e9s hazai nagyv\u00e1llalatokat, kisv\u00e1llalatokat egyar\u00e1nt \u00e9rintik, p\u00e9ldak\u00e9nt eml\u00edtette a Molt, az OTP-t, az MVM-et, illetve a magyar besz\u00e1ll\u00edt\u00f3kat alkalmaz\u00f3 nemzetk\u00f6zi aut\u00f3gy\u00e1rt\u00f3kat, mez\u0151gazdas\u00e1gi g\u00e9pgy\u00e1rt\u00f3kat. A kamara sz\u00e1m\u00edt\u00e1sa szerint az Oroszorsz\u00e1gba ir\u00e1nyul\u00f3 magyar export 20-25 sz\u00e1zal\u00e9k\u00e1t mintegy ezer hazai kis- \u00e9s k\u00f6z\u00e9pv\u00e1llalkoz\u00e1s adja &#8211; \u00e9rvelt a tagozat eln\u00f6ke.<br \/>\n\u00a0\u00a0\u00a0\u00a0K\u00e1d\u00e1r Andr\u00e1s, a d\u00e9loroszorsz\u00e1gi r\u00e9gi\u00f3ban m\u0171k\u00f6d\u0151 magyar szakdiplomata a tagozat \u00fcl\u00e9s\u00e9n elmondta, hogy \u00e9rz\u0151dik a kedvez\u0151tlen folyamat a szankci\u00f3k miatt a t\u00e9rs\u00e9gben. T\u00e1j\u00e9koztat\u00e1sa szerint m\u00edg 2010-ben a d\u00e9loroszorsz\u00e1gi r\u00e9gi\u00f3ban 44 milli\u00f3 doll\u00e1rt tett ki a magyar c\u00e9gek k\u00f6zvetlen forgalma az ottani c\u00e9gekkel, 2013-ban 127 milli\u00f3 doll\u00e1rt volt a k\u00e9toldal\u00fa kereskedelem, ennek 75 sz\u00e1zal\u00e9ka magyar export, 2014. els\u0151 negyed\u00e9v\u00e9ben a magyar export 19 sz\u00e1zal\u00e9kkal b\u0151v\u00fclt 2013. els\u0151 negyed\u00e9v\u00e9hez k\u00e9pest, ugyanakkor 2014 m\u00e1sodik negyed\u00e9vben lenull\u00e1z\u00f3dott a t\u00f6bblet, \u00e9s 16 sz\u00e1zal\u00e9kos visszaes\u00e9s k\u00f6vetkezett be az el\u0151z\u0151 \u00e9v m\u00e1sodik negyed\u00e9v\u00e9hez viszony\u00edta.<br \/>\n\u00a0\u00a0\u00a0\u00a0K\u00e1d\u00e1r Andr\u00e1s azt tan\u00e1csolta a c\u00e9geknek, hogy v\u00e1mtarifasz\u00e1mok alapj\u00e1n vizsg\u00e1lj\u00e1k \u00e1t a oroszorsz\u00e1gi korl\u00e1toz\u00e1s alatt l\u00e9v\u0151 term\u00e9keket, \u00e9s ezt egyeztess\u00e9k a jelenlegi orosz partnerrel is.<br \/>\n\u00a0\u00a0\u00a0\u00a0T\u00f3th Imre, a tagozat eln\u00f6ke az MTI-nek elmondta, hogy magyar-orosz vegyesv\u00e1llalatok l\u00e9trehoz\u00e1s\u00e1t javasolj\u00e1k \u00e9s szorgalmazz\u00e1k, mert ilyen form\u00e1ban az orosz piac k\u00f6nnyebben kezelhet\u0151.<br \/>\n\u00a0\u00a0\u00a0\u00a0A tagozat tagv\u00e1llalatai elt\u00e9r\u0151 tapasztalatokr\u00f3l sz\u00e1moltak be a szankci\u00f3k eddigi hat\u00e1s\u00e1r\u00f3l.<br \/>\n\u00a0\u00a0\u00a0\u00a0Az \u00e9p\u00edt\u0151iparban m\u0171k\u00f6d\u0151k \u00fagy l\u00e1tj\u00e1k, hogy b\u00e1r az orosz \u00e1llami megrendel\u00e9sben egyre ink\u00e1bb a ppp-konstrukci\u00f3k (public\u2013private partnership, vagyis a k\u00f6z- \u00e9s a mag\u00e1nszf\u00e9ra egy\u00fcttm\u0171k\u00f6d\u00e9se) jelennek majd meg, de folytat\u00f3dnak a nagy infrastruktur\u00e1lis beruh\u00e1z\u00e1sok. A magyar v\u00e1llalatok a nyertes orosz konzorciumok r\u00e9v\u00e9n tudnak majd tov\u00e1bbra is munk\u00e1t v\u00e1llalni.<br \/>\n\u00a0\u00a0\u00a0\u00a0Ezzel szemben az \u00e9lelmiszerkereskedelmi c\u00e9gek k\u00e9pvisel\u0151i arr\u00f3l sz\u00e1moltak be, hogy eddigi kereskedelmi partnereik harmadik piacr\u00f3l, p\u00e9ld\u00e1ul Szerbi\u00e1b\u00f3l sz\u00e1rmaz\u00f3 term\u00e9keket keresnek.<\/p>\n","protected":false},"excerpt":{"rendered":"<p>A Magyar Kereskedelmi \u00e9s Iparkamara (MKIK) magyar-orosz tagozata szerint c\u00e9lszer\u0171 lenne \u00f6sszeh\u00edvni a magyar-orosz korm\u00e1nyk\u00f6zi bizotts\u00e1g \u00fcl\u00e9s\u00e9t okt\u00f3berben a kialakult helyzet \u00e1ttekint\u00e9s\u00e9re &#8211; mondta T\u00f3th Imre, a tagozat eln\u00f6ke p\u00e9nteken a test\u00fclet \u00fcl\u00e9s\u00e9n, ahol az orosz szankci\u00f3k magyarorsz\u00e1gi k\u00f6vetkezm\u00e9nyeit elemezt\u00e9k a tagv\u00e1llalatok.<\/p>\n","protected":false},"author":1,"featured_media":0,"comment_status":"open","ping_status":"closed","sticky":false,"template":"","format":"standard","meta":[],"categories":[139],"tags":[],"_links":{"self":[{"href":"https:\/\/gazdasagportal.hu\/index.php\/wp-json\/wp\/v2\/posts\/41278"}],"collection":[{"href":"https:\/\/gazdasagportal.hu\/index.php\/wp-json\/wp\/v2\/posts"}],"about":[{"href":"https:\/\/gazdasagportal.hu\/index.php\/wp-json\/wp\/v2\/types\/post"}],"author":[{"embeddable":true,"href":"https:\/\/gazdasagportal.hu\/index.php\/wp-json\/wp\/v2\/users\/1"}],"replies":[{"embeddable":true,"href":"https:\/\/gazdasagportal.hu\/index.php\/wp-json\/wp\/v2\/comments?post=41278"}],"version-history":[{"count":1,"href":"https:\/\/gazdasagportal.hu\/index.php\/wp-json\/wp\/v2\/posts\/41278\/revisions"}],"predecessor-version":[{"id":41279,"href":"https:\/\/gazdasagportal.hu\/index.php\/wp-json\/wp\/v2\/posts\/41278\/revisions\/41279"}],"wp:attachment":[{"href":"https:\/\/gazdasagportal.hu\/index.php\/wp-json\/wp\/v2\/media?parent=41278"}],"wp:term":[{"taxonomy":"category","embeddable":true,"href":"https:\/\/gazdasagportal.hu\/index.php\/wp-json\/wp\/v2\/categories?post=41278"},{"taxonomy":"post_tag","embeddable":true,"href":"https:\/\/gazdasagportal.hu\/index.php\/wp-json\/wp\/v2\/tags?post=41278"}],"curies":[{"name":"wp","href":"https:\/\/api.w.org\/{rel}","templated":true}]}}