{"id":41270,"date":"2014-08-08T12:03:42","date_gmt":"2014-08-08T10:03:42","guid":{"rendered":"http:\/\/stockportal.hu\/?p=41270"},"modified":"2014-08-08T10:43:17","modified_gmt":"2014-08-08T08:43:17","slug":"irak-obama-engedelyezte-a-celzott-legicsapasokat-az-amerikaiak-vedelmeben","status":"publish","type":"post","link":"https:\/\/gazdasagportal.hu\/index.php\/irak-obama-engedelyezte-a-celzott-legicsapasokat-az-amerikaiak-vedelmeben\/","title":{"rendered":"Irak &#8211; Obama enged\u00e9lyezte a c\u00e9lzott l\u00e9gicsap\u00e1sokat az amerikaiak v\u00e9delm\u00e9ben"},"content":{"rendered":"<p><strong>Barack Obama amerikai eln\u00f6k bejelentette, hogy Irakban enged\u00e9lyezte az iszlamista sz\u00e9ls\u0151s\u00e9gesek elleni l\u00e9gicsap\u00e1sokat az amerikai alkalmazottak &#8211; a katon\u00e1k \u00e9s a diplomat\u00e1k &#8211; v\u00e9delm\u00e9ben \u00e9s azt, hogy a jazidi vall\u00e1si kisebbs\u00e9g elleni n\u00e9pirt\u00e1s megakad\u00e1lyoz\u00e1sa \u00e9rdek\u00e9ben humanit\u00e1rius seg\u00edts\u00e9gny\u00fajt\u00e1st rendelt el.<\/strong><!--more--><br \/>\n<div class=\"ads-in-post1\"><div id=\"gazdasagportal.hu_fullbanner_wideboard\"><\/div>\r\n<\/div>\n<p>    Az eln\u00f6k a Feh\u00e9r H\u00e1zb\u00f3l helyi id\u0151 szerint cs\u00fct\u00f6rt\u00f6k k\u00e9s\u0151 este \u00e9l\u0151ben k\u00f6zvet\u00edtett besz\u00e9d\u00e9ben arr\u00f3l nem tett eml\u00edt\u00e9st, hogy ilyen katonai akci\u00f3 m\u00e1r lezajlott volna. Mint mondta, felhatalmazta az amerikai hader\u0151t arra, hogy c\u00e9lzott csap\u00e1sokat m\u00e9rjen a dzsih\u00e1dista milit\u00e1nsokra, ha azok az iraki kurdok f\u0151v\u00e1rosa, Erbil fel\u00e9 nyomulnak &#8211; itt sajt\u00f3jelent\u00e9sek szerint 40 amerikai tan\u00e1csad\u00f3 seg\u00edti a v\u00e9d\u0151ket -, vagy ha b\u00e1rhol az orsz\u00e1gban amerikaiakat fenyegetnek.<br \/>\n    &#8222;\u00c9berek k\u00edv\u00e1nunk lenni \u00e9s cselekedni, ha ezek a terrorist\u00e1k b\u00e1rhol Irakban az alkalmazottjainkat vagy l\u00e9tes\u00edtm\u00e9nyeinket fenyegetik, bele\u00e9rtve az erbili konzul\u00e1tusunkat \u00e9s a bagdadi nagyk\u00f6vets\u00e9g\u00fcnket&#8221; &#8211; mondta.<br \/>\n    Az Iszl\u00e1m \u00c1llam (I\u00c1) elnevez\u00e9s\u0171 sz\u00e9ls\u0151s\u00e9ges szunnita fegyveresei a h\u00e9tv\u00e9g\u00e9n s\u00falyos veres\u00e9get m\u00e9rtek a kurd er\u0151kre, \u00e9s mintegy f\u00e9l\u00f3r\u00e1nyi aut\u00f3\u00fatra k\u00f6zel\u00edtett\u00e9k meg Erbilt. T\u00f6bb t\u00edzezernyi jazidi h\u00edv\u0151 a Szindzs\u00e1r k\u00f6rny\u00e9ki hegyekbe menek\u00fclt.<br \/>\n    A l\u00e9gicsap\u00e1sok az Egyes\u00fclt \u00c1llamok els\u0151 katonai m\u0171veletei lesznek Irakban az\u00f3ta, hogy 2011 v\u00e9g\u00e9n, nyolc\u00e9vi h\u00e1bor\u00faskod\u00e1s ut\u00e1n kivonta onnan a csapatait. Hetekkel ezel\u0151tt Obama t\u00f6bb sz\u00e1z katonai tan\u00e1csad\u00f3t k\u00fcld\u00f6tt Irakba \u00e9s meger\u0151s\u00edtette az amerikai diplom\u00e1ciai k\u00e9pviseletek v\u00e9delm\u00e9t. Cs\u00fct\u00f6rt\u00f6ki telev\u00edzi\u00f3s besz\u00e9d\u00e9ben az eln\u00f6k egy\u00fattal azt is lesz\u00f6gezte, hogy nem fog ism\u00e9t amerikai harci alakulatokat k\u00fcldeni Irakba \u00e9s nem hagyja, hogy az Egyes\u00fclt \u00c1llamokat \u00fajabb h\u00e1bor\u00faba r\u00e1ngass\u00e1k bele.<br \/>\n    &#8222;M\u00e9g ha t\u00e1mogatjuk is az irakiakat a terrorist\u00e1k ellen folytatott harcban, amerikai csapatok nem t\u00e9rnek vissza Irakba harcolni&#8221; &#8211; sz\u00f6gezte le.<br \/>\n    Az amerikai v\u00e9delmi miniszt\u00e9rium k\u00f6z\u00f6lte, hogy 72 k\u00f6tegnyi \u00e9lelmiszert \u00e9s vizet dobtak le ejt\u0151erny\u0151n az iszlamist\u00e1k el\u0151l menek\u00fcl\u0151 irakiaknak.<br \/>\n    Joe Biden amerikai aleln\u00f6k cs\u00fct\u00f6rt\u00f6k\u00f6n telefonos megbesz\u00e9l\u00e9st folytatott Masz\u00fad Barzani iraki kurd eln\u00f6kkel Erbil v\u00e9delm\u00e9r\u0151l, valamint a jezidi menek\u00fcltek helyzet\u00e9r\u0151l. A Feh\u00e9r H\u00e1z k\u00f6zlem\u00e9nye szerint Biden tolm\u00e1csolta Obama felaj\u00e1nl\u00e1s\u00e1t a fenyegetett vall\u00e1si kisebbs\u00e9g humanit\u00e1rius seg\u00e9lyez\u00e9s\u00e9vel kapcsolatban, \u00e9s meger\u0151s\u00edtette az eln\u00f6k az ir\u00e1nti elk\u00f6telezetts\u00e9g\u00e9t, hogy minden sz\u00fcks\u00e9ges l\u00e9p\u00e9st megtegyen az Erbilben tal\u00e1lhat\u00f3 amerikaiak v\u00e9delm\u00e9ben, bele\u00e9rtve a l\u00e9gicsap\u00e1sokat is.<br \/>\n    Egy, a neve elhallgat\u00e1s\u00e1t k\u00e9r\u0151 amerikai illet\u00e9kes k\u00f6z\u00f6lte, hogy az Egyes\u00fclt \u00c1llamok katonai t\u00e1mogat\u00e1st ny\u00fajt az iraki kurdoknak.<br \/>\n    John Kerry amerikai k\u00fcl\u00fcgyminiszter is k\u00f6zlem\u00e9nyt adott ki, amelyben lesz\u00f6gezte, hogy az Egyes\u00fclt \u00c1llamok cselekv\u0151en \u00e9s vezet\u0151 szerepben l\u00e9p fel az I\u00c1 jelentette fenyeget\u00e9ssel szemben \u00e9s hogy &#8222;a vil\u00e1g nem n\u00e9zheti t\u00e9tlen\u00fcl \u00e1rtatlanok hal\u00e1l\u00e1t&#8221;. Kerry szerint Washington egyeztetni fog region\u00e1lis sz\u00f6vets\u00e9geseivel \u00e9s a nemzetk\u00f6zi k\u00f6z\u00f6ss\u00e9ggel, hogy seg\u00edtsen Iraknak szembesz\u00e1llni az I\u00c1 brut\u00e1lis ideol\u00f3gi\u00e1j\u00e1val, amely &#8222;s\u00falyos fenyeget\u00e9st jelnet Irakra, a t\u00e9rs\u00e9gre \u00e9s az Egyes\u00fclt \u00c1llamokra n\u00e9zve&#8221;.<br \/>\n    S\u00fcrgette, hogy az I\u00c1 tart\u00f3s megf\u00e9kez\u00e9se \u00e9rdek\u00e9ben &#8222;Irak val\u00f3di vezet\u0151&#8221; fogjanak \u00f6ssze \u00e9s olyan gyorsan, ahogyan azt alkotm\u00e1ny \u00e1ltal lehet\u0151v\u00e9 teszi, alak\u00edtsanak meg egy befogad\u00f3 korm\u00e1nyt \u00e9s v\u00e1lasszanak minisztereln\u00f6k\u00f6t.(MTI)<\/p>\n","protected":false},"excerpt":{"rendered":"<p>Barack Obama amerikai eln\u00f6k bejelentette, hogy Irakban enged\u00e9lyezte az iszlamista sz\u00e9ls\u0151s\u00e9gesek elleni l\u00e9gicsap\u00e1sokat az amerikai alkalmazottak &#8211; a katon\u00e1k \u00e9s a diplomat\u00e1k &#8211; v\u00e9delm\u00e9ben \u00e9s azt, hogy a jazidi vall\u00e1si kisebbs\u00e9g elleni n\u00e9pirt\u00e1s megakad\u00e1lyoz\u00e1sa \u00e9rdek\u00e9ben humanit\u00e1rius seg\u00edts\u00e9gny\u00fajt\u00e1st rendelt el.<\/p>\n","protected":false},"author":1,"featured_media":0,"comment_status":"open","ping_status":"closed","sticky":false,"template":"","format":"standard","meta":[],"categories":[16],"tags":[],"_links":{"self":[{"href":"https:\/\/gazdasagportal.hu\/index.php\/wp-json\/wp\/v2\/posts\/41270"}],"collection":[{"href":"https:\/\/gazdasagportal.hu\/index.php\/wp-json\/wp\/v2\/posts"}],"about":[{"href":"https:\/\/gazdasagportal.hu\/index.php\/wp-json\/wp\/v2\/types\/post"}],"author":[{"embeddable":true,"href":"https:\/\/gazdasagportal.hu\/index.php\/wp-json\/wp\/v2\/users\/1"}],"replies":[{"embeddable":true,"href":"https:\/\/gazdasagportal.hu\/index.php\/wp-json\/wp\/v2\/comments?post=41270"}],"version-history":[{"count":1,"href":"https:\/\/gazdasagportal.hu\/index.php\/wp-json\/wp\/v2\/posts\/41270\/revisions"}],"predecessor-version":[{"id":41271,"href":"https:\/\/gazdasagportal.hu\/index.php\/wp-json\/wp\/v2\/posts\/41270\/revisions\/41271"}],"wp:attachment":[{"href":"https:\/\/gazdasagportal.hu\/index.php\/wp-json\/wp\/v2\/media?parent=41270"}],"wp:term":[{"taxonomy":"category","embeddable":true,"href":"https:\/\/gazdasagportal.hu\/index.php\/wp-json\/wp\/v2\/categories?post=41270"},{"taxonomy":"post_tag","embeddable":true,"href":"https:\/\/gazdasagportal.hu\/index.php\/wp-json\/wp\/v2\/tags?post=41270"}],"curies":[{"name":"wp","href":"https:\/\/api.w.org\/{rel}","templated":true}]}}