{"id":41268,"date":"2014-08-08T11:22:40","date_gmt":"2014-08-08T09:22:40","guid":{"rendered":"http:\/\/stockportal.hu\/?p=41268"},"modified":"2014-08-08T10:39:21","modified_gmt":"2014-08-08T08:39:21","slug":"gazai-konfliktus-a-gazai-ovezetbol-ismet-raketakkal-lovik-izraelt","status":"publish","type":"post","link":"https:\/\/gazdasagportal.hu\/index.php\/gazai-konfliktus-a-gazai-ovezetbol-ismet-raketakkal-lovik-izraelt\/","title":{"rendered":"G\u00e1zai konfliktus &#8211; A G\u00e1zai \u00f6vezetb\u0151l ism\u00e9t rak\u00e9t\u00e1kkal l\u00f6vik Izraelt"},"content":{"rendered":"<p><strong>A h\u00e1romnapos t\u0171zsz\u00fcnet lej\u00e1rta ut\u00e1ni percekben \u00fajrakezd\u0151dtek a g\u00e1zai rak\u00e9tat\u00e1mad\u00e1sok Izrael ellen &#8211; jelentette p\u00e9nteken az izraeli katonai r\u00e1di\u00f3.<\/strong><!--more--><br \/>\n<div class=\"ads-in-post1\"><div id=\"gazdasagportal.hu_fullbanner_wideboard\"><\/div>\r\n<\/div>\n<p>    A G\u00e1zai \u00f6vezettel szomsz\u00e9dos nyolc telep\u00fcl\u00e9s fel\u00e9 l\u0151ttek rak\u00e9t\u00e1kat. Askelon f\u00f6l\u00f6tt a Vaskupola l\u00e9gv\u00e9delmi rendszer ellenrak\u00e9t\u00e1ja semmis\u00edtett meg egy, a v\u00e1ros ir\u00e1ny\u00e1ba c\u00e9lzott l\u00f6ved\u00e9ket a t\u0171zsz\u00fcnet lej\u00e1rta ut\u00e1ni percekben, k\u00f6z\u00e9p-eur\u00f3pai id\u0151 szerint reggel 7 \u00f3ra ut\u00e1n.<br \/>\n    A palesztin csoportok Kair\u00f3ban nem egyeztek bele a t\u0171zsz\u00fcnet meghosszabb\u00edt\u00e1s\u00e1ba, de folytatj\u00e1k a t\u00e1rgyal\u00e1sokat &#8211; k\u00f6z\u00f6lte az arab m\u00e9di\u00e1val Sz\u00e1mi Abu Zuhri, a Ham\u00e1sz sz\u00e9ls\u0151s\u00e9ges palesztin szervezet sz\u00f3viv\u0151je. &#8222;Nem egyezt\u00fcnk bele a t\u0171zsz\u00fcnetbe, folytatjuk a harcot&#8221; &#8211; \u00e1ll k\u00f6zlem\u00e9ny\u00fckben.<br \/>\n    Az Askelonra l\u0151tt rak\u00e9t\u00e1k\u00e9rt az Iszl\u00e1m Dzsih\u00e1d v\u00e1llalta a felel\u0151ss\u00e9get. Bejelentett\u00e9k, hogy h\u00e1rom Grad t\u00edpus\u00fa rak\u00e9t\u00e1t l\u0151ttek az \u00f6vezettel szomsz\u00e9dos v\u00e1rosra.<br \/>\n    Azz\u00e1m al-Ahmad, a kair\u00f3i palesztin deleg\u00e1ci\u00f3 vezet\u0151je azt mondta telefonon a The Times of Israel c\u00edm\u0171 angol nyelv\u0171 honlapnak, hogy t\u00e1rgyal\u00f3 deleg\u00e1ci\u00f3ja Kair\u00f3ban marad \u00e9s a k\u00f6vetkez\u0151 napokban d\u00f6nt a fegyvernyugv\u00e1sr\u00f3l sz\u00f3l\u00f3 megbesz\u00e9l\u00e9sek folytat\u00e1s\u00e1r\u00f3l.<br \/>\n    G\u00e1l Berger, a k\u00f6zszolg\u00e1lati r\u00e1di\u00f3 szak\u00e9rt\u0151je szerint a Ham\u00e1sz megpr\u00f3b\u00e1l visszat\u00e9rni eredeti c\u00e9lj\u00e1hoz, hogy rak\u00e9t\u00e1k \u00e9s ellenrak\u00e9t\u00e1k t\u00fcz\u00e9ben folytasson t\u00e1rgyal\u00e1sokat a fegyvernyugv\u00e1sr\u00f3l. Egyiptom \u00e9s Izrael az egyezked\u00e9s kezdete el\u0151tt a rak\u00e9t\u00e1k le\u00e1ll\u00edt\u00e1s\u00e1t k\u00f6vetelte.(MTI)<\/p>\n","protected":false},"excerpt":{"rendered":"<p>A h\u00e1romnapos t\u0171zsz\u00fcnet lej\u00e1rta ut\u00e1ni percekben \u00fajrakezd\u0151dtek a g\u00e1zai rak\u00e9tat\u00e1mad\u00e1sok Izrael ellen &#8211; jelentette p\u00e9nteken az izraeli katonai r\u00e1di\u00f3.<\/p>\n","protected":false},"author":1,"featured_media":0,"comment_status":"open","ping_status":"closed","sticky":false,"template":"","format":"standard","meta":[],"categories":[16],"tags":[],"_links":{"self":[{"href":"https:\/\/gazdasagportal.hu\/index.php\/wp-json\/wp\/v2\/posts\/41268"}],"collection":[{"href":"https:\/\/gazdasagportal.hu\/index.php\/wp-json\/wp\/v2\/posts"}],"about":[{"href":"https:\/\/gazdasagportal.hu\/index.php\/wp-json\/wp\/v2\/types\/post"}],"author":[{"embeddable":true,"href":"https:\/\/gazdasagportal.hu\/index.php\/wp-json\/wp\/v2\/users\/1"}],"replies":[{"embeddable":true,"href":"https:\/\/gazdasagportal.hu\/index.php\/wp-json\/wp\/v2\/comments?post=41268"}],"version-history":[{"count":1,"href":"https:\/\/gazdasagportal.hu\/index.php\/wp-json\/wp\/v2\/posts\/41268\/revisions"}],"predecessor-version":[{"id":41269,"href":"https:\/\/gazdasagportal.hu\/index.php\/wp-json\/wp\/v2\/posts\/41268\/revisions\/41269"}],"wp:attachment":[{"href":"https:\/\/gazdasagportal.hu\/index.php\/wp-json\/wp\/v2\/media?parent=41268"}],"wp:term":[{"taxonomy":"category","embeddable":true,"href":"https:\/\/gazdasagportal.hu\/index.php\/wp-json\/wp\/v2\/categories?post=41268"},{"taxonomy":"post_tag","embeddable":true,"href":"https:\/\/gazdasagportal.hu\/index.php\/wp-json\/wp\/v2\/tags?post=41268"}],"curies":[{"name":"wp","href":"https:\/\/api.w.org\/{rel}","templated":true}]}}