{"id":41266,"date":"2014-08-08T12:57:48","date_gmt":"2014-08-08T10:57:48","guid":{"rendered":"http:\/\/stockportal.hu\/?p=41266"},"modified":"2014-08-08T10:42:51","modified_gmt":"2014-08-08T08:42:51","slug":"gazai-konfliktus-a-hamasz-nem-hosszabbitja-meg-a-tuzszunetet","status":"publish","type":"post","link":"https:\/\/gazdasagportal.hu\/index.php\/gazai-konfliktus-a-hamasz-nem-hosszabbitja-meg-a-tuzszunetet\/","title":{"rendered":"G\u00e1zai konfliktus &#8211; A Ham\u00e1sz nem hosszabb\u00edtja meg a t\u0171zsz\u00fcnetet"},"content":{"rendered":"<p><strong>A Ham\u00e1sz nem hosszabb\u00edtja meg a t\u0171zsz\u00fcnetet, mert Izrael nem teljes\u00edti a k\u00f6vetel\u00e9seit. Ezt p\u00e9nteken Kair\u00f3ban jelentette be a G\u00e1zai \u00f6vezetet ir\u00e1ny\u00edt\u00f3 radik\u00e1lis palesztin szervezet k\u00e9pvisel\u0151je.<\/strong><!--more--><br \/>\n<div class=\"ads-in-post1\"><div id=\"gazdasagportal.hu_fullbanner_wideboard\"><\/div>\r\n<\/div>\n<p>    A g\u00e1zai konfliktusban szemben \u00e1ll\u00f3 felek k\u00f6z\u00f6tt h\u00e1rom nappal ezel\u0151tt \u00e9letbe l\u00e9pett fegyvernyugv\u00e1s k\u00f6z\u00e9p-eur\u00f3pai id\u0151 szerint reggel 7 \u00f3rakor j\u00e1rt le.<br \/>\n    A Ham\u00e1sz k\u00e9t vezet\u0151je mellett az Iszl\u00e1m Dzsih\u00e1d Kair\u00f3ban tart\u00f3zkod\u00f3 egyik vezet\u0151je is k\u00f6z\u00f6lte, hogy szervezete a fegyvernyugv\u00e1s meghosszabb\u00edt\u00e1sa ellen d\u00f6nt\u00f6tt, de n\u00e9h\u00e1ny perccel az id\u0151pont lej\u00e1rta el\u0151tt m\u00e9g teljes volt a bizonytalans\u00e1g a k\u00e9rd\u00e9sben, mert az izraeli H\u00e1\u00e1rec c\u00edm\u0171 \u00fajs\u00e1g \u00e9rtes\u00fcl\u00e9se szerint m\u00e9gis siker\u00fclt meg\u00e1llapodni Kair\u00f3ban a t\u0171zsz\u00fcnet h\u00e1romnapos meghosszabb\u00edt\u00e1s\u00e1ban, csak m\u00e9g nem jelent meg az err\u0151l sz\u00f3l\u00f3 k\u00f6zlem\u00e9ny.<br \/>\n    Palesztin forr\u00e1sok szerint Kair\u00f3ban k\u00f6r\u00fclbel\u00fcl hat \u00f3r\u00e1n \u00e1t tartott cs\u00fct\u00f6rt\u00f6k est\u00e9t\u0151l p\u00e9ntek hajnalig a megbesz\u00e9l\u00e9s a palesztin k\u00fcld\u00f6tts\u00e9g \u00e9s az Izraellel k\u00f6zvet\u00edt\u0151 egyiptomi h\u00edrszerz\u00e9s vezet\u0151je k\u00f6z\u00f6tt. Az izraeli deleg\u00e1ci\u00f3 elhagyta az egyiptomi f\u0151v\u00e1rost, miut\u00e1n nem siker\u00fclt \u00e1tt\u00f6r\u00e9st el\u00e9rnie a t\u00e1rgyal\u00e1sokon.<br \/>\n    Az izraeli hadsereg k\u00f6zben bejelentette: h\u00e1rom \u00f3r\u00e1val a t\u0171zsz\u00fcnet hivatalos v\u00e9ge el\u0151tt k\u00e9t rak\u00e9t\u00e1t l\u0151ttek ki a d\u00e9li orsz\u00e1gr\u00e9szre a palesztin enkl\u00e1v\u00e9b\u00f3l. A &#8222;terrorist\u00e1k&#8221; megs\u00e9rtett\u00e9k a t\u0171zsz\u00fcnetet &#8211; k\u00f6z\u00f6lte a hadsereg egy Twitter-\u00fczenetben.<br \/>\n    A Ham\u00e1sz c\u00e1folta \u00e9s hazugs\u00e1gnak nevezte, hogy hajnalban k\u00e9t rak\u00e9t\u00e1t l\u0151tt volna az \u00f6vezettel szomsz\u00e9dos Eskol ir\u00e1ny\u00e1ba.<br \/>\n    Az izraeli hadsereg arra k\u00e9sz\u00fcl, hogy a Ham\u00e1sz rak\u00e9t\u00e1k sorozat\u00e1val pr\u00f3b\u00e1lja majd bemutatni, hogy tov\u00e1bbra is \u00fct\u0151k\u00e9pes \u00e9s el\u00e9g rak\u00e9t\u00e1ja van a harc \u00fajrakezd\u00e9s\u00e9hez. &#8222;Fontos, hogy a k\u00f6vetkez\u0151 \u00f3r\u00e1kban \u00e9berek legy\u00fcnk&#8221;, mondta Gili Senh\u00e1v, az izraeli hadsereg tisztje a k\u00f6zszolg\u00e1lati r\u00e1di\u00f3ban \u00e9s arra k\u00e9rte a lakoss\u00e1got, hogy tov\u00e1bbra is tarts\u00e1k be az elm\u00falt h\u00f3nap polg\u00e1ri v\u00e9delmi szab\u00e1lyait.<br \/>\n    A r\u00e1di\u00f3 szerint a l\u00e9gier\u0151 egy \u00faj, Ham\u00e1sz elleni c\u00e9lpontokb\u00f3l \u00e1ll\u00f3 lista alapj\u00e1n er\u0151s bomb\u00e1z\u00e1sokkal fog v\u00e1laszolni a g\u00e1zai rak\u00e9tat\u00e1mad\u00e1sok fel\u00faj\u00edt\u00e1s\u00e1ra. Az Er\u0151s Szikla hadm\u0171velet cs\u00facspontj\u00e1n beh\u00edvott 82 ezer tartal\u00e9kosb\u00f3l mintegy negyvenezer katon\u00e1t m\u00e9g nem szereltek le.(MTI)<\/p>\n","protected":false},"excerpt":{"rendered":"<p>A Ham\u00e1sz nem hosszabb\u00edtja meg a t\u0171zsz\u00fcnetet, mert Izrael nem teljes\u00edti a k\u00f6vetel\u00e9seit. Ezt p\u00e9nteken Kair\u00f3ban jelentette be a G\u00e1zai \u00f6vezetet ir\u00e1ny\u00edt\u00f3 radik\u00e1lis palesztin szervezet k\u00e9pvisel\u0151je.<\/p>\n","protected":false},"author":1,"featured_media":0,"comment_status":"open","ping_status":"closed","sticky":false,"template":"","format":"standard","meta":[],"categories":[16],"tags":[],"_links":{"self":[{"href":"https:\/\/gazdasagportal.hu\/index.php\/wp-json\/wp\/v2\/posts\/41266"}],"collection":[{"href":"https:\/\/gazdasagportal.hu\/index.php\/wp-json\/wp\/v2\/posts"}],"about":[{"href":"https:\/\/gazdasagportal.hu\/index.php\/wp-json\/wp\/v2\/types\/post"}],"author":[{"embeddable":true,"href":"https:\/\/gazdasagportal.hu\/index.php\/wp-json\/wp\/v2\/users\/1"}],"replies":[{"embeddable":true,"href":"https:\/\/gazdasagportal.hu\/index.php\/wp-json\/wp\/v2\/comments?post=41266"}],"version-history":[{"count":1,"href":"https:\/\/gazdasagportal.hu\/index.php\/wp-json\/wp\/v2\/posts\/41266\/revisions"}],"predecessor-version":[{"id":41267,"href":"https:\/\/gazdasagportal.hu\/index.php\/wp-json\/wp\/v2\/posts\/41266\/revisions\/41267"}],"wp:attachment":[{"href":"https:\/\/gazdasagportal.hu\/index.php\/wp-json\/wp\/v2\/media?parent=41266"}],"wp:term":[{"taxonomy":"category","embeddable":true,"href":"https:\/\/gazdasagportal.hu\/index.php\/wp-json\/wp\/v2\/categories?post=41266"},{"taxonomy":"post_tag","embeddable":true,"href":"https:\/\/gazdasagportal.hu\/index.php\/wp-json\/wp\/v2\/tags?post=41266"}],"curies":[{"name":"wp","href":"https:\/\/api.w.org\/{rel}","templated":true}]}}