{"id":41260,"date":"2014-08-08T10:15:01","date_gmt":"2014-08-08T08:15:01","guid":{"rendered":"http:\/\/stockportal.hu\/?p=41260"},"modified":"2014-08-08T09:49:21","modified_gmt":"2014-08-08T07:49:21","slug":"irak-amerikai-media-megkezdodott-a-humanitarius-segelyakcio","status":"publish","type":"post","link":"https:\/\/gazdasagportal.hu\/index.php\/irak-amerikai-media-megkezdodott-a-humanitarius-segelyakcio\/","title":{"rendered":"Irak &#8211; Amerikai m\u00e9dia: megkezd\u0151d\u00f6tt a humanit\u00e1rius seg\u00e9lyakci\u00f3"},"content":{"rendered":"<p><strong>Az Egyes\u00fclt \u00c1llamok \u00c9szak-Irakban megkezdte a l\u00e9gi humanit\u00e1rius seg\u00e9lyakci\u00f3t az iszlamista milit\u00e1nsok \u00e1ltal fenyegetett kisebbs\u00e9gi csoportok t\u00e1mogat\u00e1s\u00e1ra &#8211; k\u00f6z\u00f6lte a CNN h\u00edrtelev\u00edzi\u00f3val helyi id\u0151 szerint cs\u00fct\u00f6rt\u00f6k\u00f6n egy n\u00e9vtelen\u00fcl nyilatkoz\u00f3 amerikai korm\u00e1nyzati tiszts\u00e9gvisel\u0151.<\/strong><!--more--><br \/>\n<div class=\"ads-in-post1\"><div id=\"gazdasagportal.hu_fullbanner_wideboard\"><\/div>\r\n<\/div>\n<p>    Az akci\u00f3 konkr\u00e9t r\u00e9szletei azonban egyel\u0151re nem vil\u00e1gosak. Hivatalos forr\u00e1sokb\u00f3l \u00fagy t\u00e1j\u00e9koztattak t\u00f6bb amerikai m\u00e9diumot, hogy Barack Obama elrendelte ugyan a seg\u00edts\u00e9gny\u00fajt\u00e1st, \u00e1m az \u00e9lelmiszer, a v\u00edz \u00e9s a gy\u00f3gyszerek ledob\u00e1sa az els\u0151 h\u00edrad\u00e1sokkal ellent\u00e9tben m\u00e9g nem kezd\u0151d\u00f6tt el.<br \/>\n    Amerikai m\u00e9diajelent\u00e9sek szerint a humanit\u00e1rius akci\u00f3t amerikai l\u00e9gicsap\u00e1sokat is k\u00eds\u00e9rt\u00e9k Irakban, \u00e1m ezt a Pentagon sz\u00f3viv\u0151je c\u00e1folta. &#8222;Nem t\u00f6rt\u00e9nt ilyen akci\u00f3&#8221; &#8211; jelentette ki John Kirby ellentengernagy.<br \/>\n    Az \u00e1ll\u00edt\u00f3lagos amerikai bomb\u00e1z\u00e1sokr\u00f3l iraki \u00e9s kurd hivatalos szem\u00e9lyekre hivatkozva sz\u00e1molt be a The New York Times \u00e9s a The Wall Street Journal. A CNN-t ezzel szemben az amerikai v\u00e9delmi miniszt\u00e9riumb\u00f3l \u00fagy t\u00e1j\u00e9koztatt\u00e1k, hogy az iraki l\u00e9gier\u0151 v\u00e9gzett a sz\u00e9ls\u0151s\u00e9gesek k\u00e9t parancsnok\u00e1val. A Pentagon t\u00e1j\u00e9koztat\u00e1sa szerint a katonai sz\u00e1ll\u00edt\u00f3g\u00e9peket vad\u00e1szg\u00e9pek biztos\u00edtj\u00e1k.<br \/>\n    A CNN emellett \u00fagy \u00e9rtes\u00fclt, hogy Washingtonban komoly aggodalmat kelt az \u00e9szak-iraki Erbilben \u00e1llom\u00e1soz\u00f3, az ottani iraki korm\u00e1nyer\u0151ket t\u00e1mogat\u00f3 mintegy 40 amerikai katonai tan\u00e1csad\u00f3 sorsa. Az Iszl\u00e1m \u00c1llam (I\u00c1) elnevez\u00e9s\u0171 sz\u00e9ls\u0151s\u00e9ges szunnita er\u0151 egys\u00e9gei megk\u00f6zel\u00edtett\u00e9k a v\u00e1rost, \u00e9s az amerikai m\u00e9di\u00e1ban megsz\u00f3lal\u00f3 szak\u00e9rt\u0151k nem tartott\u00e1k kiz\u00e1rtnak, hogy az amerikai vad\u00e1szg\u00e9pek beavatkozhatnak, ha a katon\u00e1k vesz\u00e9lybe ker\u00fclnek.<br \/>\n    Josh Earnest feh\u00e9r h\u00e1zi sz\u00f3viv\u0151 a nap folyam\u00e1n kor\u00e1bban kiz\u00e1rta egy amerikai sz\u00e1razf\u00f6ldi akci\u00f3 lehet\u0151s\u00e9g\u00e9t. Kijelentette viszont, hogy a sz\u00e9ls\u0151s\u00e9geseknek a jazidi \u00e9s a kereszt\u00e9ny kisebbs\u00e9g elleni t\u00e1mad\u00e1sai miatt &#8222;humanit\u00e1rius katasztr\u00f3fa&#8221; fenyeget Irakban. Elemz\u0151k eml\u00e9keztettek r\u00e1, hogy a NATO 2011-ben \u00e9ppen ezzel az \u00e9rvvel indokolta a Kadhafi L\u00edbi\u00e1ja elleni l\u00e9gicsap\u00e1sok elind\u00edt\u00e1s\u00e1t.<br \/>\n    Ha Washington a l\u00e9gicsap\u00e1sok mellett d\u00f6nt, az min\u0151s\u00e9gi fordulatot jelent majd az amerikai politik\u00e1ban Irakban, ahonnan az Egyes\u00fclt \u00c1llamok egy csaknem egy \u00e9vtizeden \u00e1t tart\u00f3 h\u00e1bor\u00faskod\u00e1s ut\u00e1n 2011 v\u00e9g\u00e9n kivonta katonai er\u0151it.<br \/>\n    A sajt\u00f3nak n\u00e9v n\u00e9lk\u00fcl nyilatkoz\u00f3 amerikai illet\u00e9kesek szerint Washington hivatalos felk\u00e9r\u00e9st kapott a beavatkoz\u00e1sra, de az nem der\u00fclt ki, hogy az a k\u00f6zponti iraki vagy a kurd vezet\u00e9st\u0151l sz\u00e1rmazik. Earnest ugyanakkor lesz\u00f6gezte, hogy Irak probl\u00e9m\u00e1ira nincsenek amerikai katonai megold\u00e1sok, \u00e9s hogy azokat az irakiaknak maguknak kell politikai eszk\u00f6z\u00f6kkel megoldaniuk.<br \/>\n    Az ENSZ Biztons\u00e1gi Tan\u00e1csa cs\u00fct\u00f6rt\u00f6ki rendk\u00edv\u00fcli \u00fcl\u00e9s\u00e9n nyilatkozatban \u00edt\u00e9lte el az Iszl\u00e1m \u00c1llam t\u00e1mad\u00e1sait \u00e9s az iraki korm\u00e1ny nemzetk\u00f6zi t\u00e1mogat\u00e1sra, valamint a lakoss\u00e1g seg\u00e9lyez\u00e9s\u00e9re sz\u00f3l\u00edtott fel. A vil\u00e1gszervezet legfontosabb biztons\u00e1gpolitikai test\u00fclete imm\u00e1r harmadik alkalommal fogadott el nyilatkozatot az I\u00c1 \u00fcgy\u00e9ben.(MTI)<\/p>\n","protected":false},"excerpt":{"rendered":"<p>Az Egyes\u00fclt \u00c1llamok \u00c9szak-Irakban megkezdte a l\u00e9gi humanit\u00e1rius seg\u00e9lyakci\u00f3t az iszlamista milit\u00e1nsok \u00e1ltal fenyegetett kisebbs\u00e9gi csoportok t\u00e1mogat\u00e1s\u00e1ra &#8211; k\u00f6z\u00f6lte a CNN h\u00edrtelev\u00edzi\u00f3val helyi id\u0151 szerint cs\u00fct\u00f6rt\u00f6k\u00f6n egy n\u00e9vtelen\u00fcl nyilatkoz\u00f3 amerikai korm\u00e1nyzati tiszts\u00e9gvisel\u0151.<\/p>\n","protected":false},"author":1,"featured_media":0,"comment_status":"open","ping_status":"closed","sticky":false,"template":"","format":"standard","meta":[],"categories":[16],"tags":[],"_links":{"self":[{"href":"https:\/\/gazdasagportal.hu\/index.php\/wp-json\/wp\/v2\/posts\/41260"}],"collection":[{"href":"https:\/\/gazdasagportal.hu\/index.php\/wp-json\/wp\/v2\/posts"}],"about":[{"href":"https:\/\/gazdasagportal.hu\/index.php\/wp-json\/wp\/v2\/types\/post"}],"author":[{"embeddable":true,"href":"https:\/\/gazdasagportal.hu\/index.php\/wp-json\/wp\/v2\/users\/1"}],"replies":[{"embeddable":true,"href":"https:\/\/gazdasagportal.hu\/index.php\/wp-json\/wp\/v2\/comments?post=41260"}],"version-history":[{"count":1,"href":"https:\/\/gazdasagportal.hu\/index.php\/wp-json\/wp\/v2\/posts\/41260\/revisions"}],"predecessor-version":[{"id":41261,"href":"https:\/\/gazdasagportal.hu\/index.php\/wp-json\/wp\/v2\/posts\/41260\/revisions\/41261"}],"wp:attachment":[{"href":"https:\/\/gazdasagportal.hu\/index.php\/wp-json\/wp\/v2\/media?parent=41260"}],"wp:term":[{"taxonomy":"category","embeddable":true,"href":"https:\/\/gazdasagportal.hu\/index.php\/wp-json\/wp\/v2\/categories?post=41260"},{"taxonomy":"post_tag","embeddable":true,"href":"https:\/\/gazdasagportal.hu\/index.php\/wp-json\/wp\/v2\/tags?post=41260"}],"curies":[{"name":"wp","href":"https:\/\/api.w.org\/{rel}","templated":true}]}}