{"id":41219,"date":"2014-08-07T15:36:00","date_gmt":"2014-08-07T13:36:00","guid":{"rendered":"http:\/\/stockportal.hu\/?p=41219"},"modified":"2014-08-07T14:58:16","modified_gmt":"2014-08-07T12:58:16","slug":"ukran-valsag-lemondott-az-ukran-nemzetvedelmi-es-biztonsagi-tanacs-vezetoje","status":"publish","type":"post","link":"https:\/\/gazdasagportal.hu\/index.php\/ukran-valsag-lemondott-az-ukran-nemzetvedelmi-es-biztonsagi-tanacs-vezetoje\/","title":{"rendered":"Ukr\u00e1n v\u00e1ls\u00e1g &#8211; Lemondott az ukr\u00e1n Nemzetv\u00e9delmi \u00e9s Biztons\u00e1gi Tan\u00e1cs vezet\u0151je"},"content":{"rendered":"<p><strong>Beny\u00fajtotta lemond\u00e1s\u00e1t Andrij Parubij, az ukr\u00e1n Nemzetv\u00e9delmi \u00e9s Biztons\u00e1gi Tan\u00e1cs (RNBO) vezet\u0151je. Ezt maga k\u00f6z\u00f6lte Facebook-oldal\u00e1n.<\/strong><!--more--><br \/>\n<div class=\"ads-in-post1\"><div id=\"gazdasagportal.hu_fullbanner_wideboard\"><\/div>\r\n<\/div>\n<p>    Petro Porosenko eln\u00f6k elfogadta a tiszts\u00e9gvisel\u0151 lemond\u00e1s\u00e1t.<br \/>\n    Parubij nem indokolta meg a k\u00f6z\u00f6ss\u00e9gi port\u00e1lon, hogy mi\u00e9rt k\u00edv\u00e1n t\u00e1vozni az \u00e1llamf\u0151 al\u00e1 rendelt befoly\u00e1sos, a Kelet-Ukrajn\u00e1ban foly\u00f3 hadm\u0171velet koordin\u00e1l\u00e1s\u00e1ban k\u00f6zponti szerepet j\u00e1tsz\u00f3 test\u00fclet \u00e9l\u00e9r\u0151l. Arra hivatkozott, hogy szerinte h\u00e1bor\u00fas k\u00f6r\u00fclm\u00e9nyek k\u00f6z\u00f6tt &#8222;nem elfogadhat\u00f3&#8221; magyar\u00e1zat\u00e1nak nyilv\u00e1noss\u00e1 t\u00e9tele. Hozz\u00e1tette, hogy tov\u00e1bbra is seg\u00edteni k\u00edv\u00e1nja a fronton harcol\u00f3 ukr\u00e1n katon\u00e1kat, els\u0151sorban az \u00f6nk\u00e9ntes z\u00e1szl\u00f3aljakat. &#8222;Egy\u00fctt legy\u0151zz\u00fck az orosz agresszort. Dics\u0151s\u00e9g Ukrajn\u00e1nak!&#8221; &#8211; z\u00e1rta Facebook-bejegyz\u00e9s\u00e9t a politikus.<br \/>\n    K\u00f6zben Andrij Liszenko, az RNBO sz\u00f3viv\u0151je cs\u00fct\u00f6rt\u00f6ki sajt\u00f3t\u00e1j\u00e9koztat\u00f3j\u00e1n k\u00f6z\u00f6lte, hogy az elm\u00falt 24 \u00f3r\u00e1ban az ukr\u00e1n fegyveres er\u0151k h\u00e9t katon\u00e1ja vesztette \u00e9let\u00e9t \u00e9s 15 sebes\u00fclt meg a Kijev \u00e1ltal terrorellenesnek elnevezett kelet-ukrajnai hadm\u0171veletben.<br \/>\n    A katon\u00e1k 19 alkalommal bocs\u00e1tkoztak t\u0171zharcba a szeparatist\u00e1kkal a Donyeck \u00e9s Luhanszk megy\u00e9kben, az orosz hat\u00e1rhoz k\u00f6zeli, szeparatist\u00e1k \u00e1ltal ellen\u0151rz\u00f6tt t\u00e9rs\u00e9gben l\u00e9v\u0151 telep\u00fcl\u00e9sekn\u00e9l, k\u00f6zt\u00fck Gyakov\u00e9n\u00e9l, a Donyeck v\u00e1ros\u00e1t\u00f3l nem messze fekv\u0151 Illovajszkn\u00e1l \u00e9s Peszkin\u00e9l, valamint Luhanszk v\u00e1ros\u00e1nak k\u00f6rny\u00e9k\u00e9n.<br \/>\n    Liszenko szavai szerint Luhanszkban ukr\u00e1n katonai egyenruh\u00e1ba \u00f6l\u00f6z\u00f6tt szeparatist\u00e1k l\u00f6vik a lak\u00f3negyedeket.<br \/>\n    A sz\u00f3viv\u0151 arr\u00f3l is besz\u00e1molt, hogy orosz ter\u00fcletr\u0151l ism\u00e9t aknavet\u0151kkel, Grad rak\u00e9ta-sorozatvet\u0151kkel, tarack\u00e1gy\u00fakkal \u00e9s l\u0151fegyverekkel l\u0151ttek \u00e1t az orosz hat\u00e1r t\u00faloldal\u00e1r\u00f3l &#8211; a rosztovi ter\u00fcletr\u0151l &#8211; Luhanszk megy\u00e9ben \u00e1llom\u00e1soz\u00f3 ukr\u00e1n katon\u00e1kra \u00e9s hat\u00e1r\u0151r\u00f6kre. Ut\u00f3bbiak k\u00f6z\u00fcl t\u00f6bben megsebes\u00fcltek &#8211; mondta a sz\u00f3viv\u0151, de pontos sz\u00e1mot nem k\u00f6z\u00f6lt.<br \/>\n    Liszenko kijelentette, hogy a szakad\u00e1rok tov\u00e1bbra is kapnak Oroszorsz\u00e1gb\u00f3l katonai j\u00e1rm\u0171veket \u00e9s fegyvereket, valamint er\u0151s\u00edt\u00e9s\u00fckre \u00fajabb zsoldosok \u00e9rkeznek Ukrajn\u00e1ba. Besz\u00e1molt arr\u00f3l, hogy az elm\u00falt napokban kilenc harckocsit, h\u00e9t p\u00e1nc\u00e9lozott j\u00e1rm\u0171vet \u00e9s k\u00e9t Ural teheraut\u00f3t hoztak \u00e1t a hat\u00e1ron Oroszorsz\u00e1gb\u00f3l Kelet-Ukrajn\u00e1ba.<br \/>\n    A v\u00e9delmi tan\u00e1cs honlapj\u00e1n cs\u00fct\u00f6rt\u00f6k\u00f6n azt \u00edrta, hogy 46 ukr\u00e1n katonatisztet &#8211; k\u00f6zt\u00fck a hat\u00e1r\u0151rs\u00e9g 28 tagj\u00e1t &#8211; tartj\u00e1k er\u0151vel fogva orosz ter\u00fcleten. A test\u00fclet operat\u00edv \u00e9rtes\u00fcl\u00e9sekre hivatkozva k\u00f6z\u00f6lte: ver\u00e9ssel k\u00e9nyszer\u00edtik az ukr\u00e1n fegyveres er\u0151k tisztjeit arra, hogy vallj\u00e1k be, sz\u00e1nd\u00e9kosan l\u00f6vettek \u00e1t orosz ter\u00fcletre. Az RNBO meger\u0151s\u00edtette, hogy 18 ukr\u00e1n tiszt ellen b\u00fcntet\u0151elj\u00e1r\u00e1st ind\u00edtottak Oroszorsz\u00e1gban. A rosztovi ukr\u00e1n f\u0151konzul fel akarta keresni a fogva tartottakat. &#8222;A tal\u00e1lkoz\u00f3ra vonatkoz\u00f3 k\u00e9relmet azonban az orosz f\u00e9l a jogszab\u00e1lyokat \u00e9s a nemzetk\u00f6zi norm\u00e1kat s\u00falyosan megs\u00e9rtve elutas\u00edtotta&#8221; &#8211; \u00edrta k\u00f6zlem\u00e9ny\u00e9ben a v\u00e9delmi tan\u00e1cs.(MTI)<\/p>\n","protected":false},"excerpt":{"rendered":"<p>Beny\u00fajtotta lemond\u00e1s\u00e1t Andrij Parubij, az ukr\u00e1n Nemzetv\u00e9delmi \u00e9s Biztons\u00e1gi Tan\u00e1cs (RNBO) vezet\u0151je. Ezt maga k\u00f6z\u00f6lte Facebook-oldal\u00e1n.<\/p>\n","protected":false},"author":1,"featured_media":0,"comment_status":"open","ping_status":"closed","sticky":false,"template":"","format":"standard","meta":[],"categories":[139],"tags":[],"_links":{"self":[{"href":"https:\/\/gazdasagportal.hu\/index.php\/wp-json\/wp\/v2\/posts\/41219"}],"collection":[{"href":"https:\/\/gazdasagportal.hu\/index.php\/wp-json\/wp\/v2\/posts"}],"about":[{"href":"https:\/\/gazdasagportal.hu\/index.php\/wp-json\/wp\/v2\/types\/post"}],"author":[{"embeddable":true,"href":"https:\/\/gazdasagportal.hu\/index.php\/wp-json\/wp\/v2\/users\/1"}],"replies":[{"embeddable":true,"href":"https:\/\/gazdasagportal.hu\/index.php\/wp-json\/wp\/v2\/comments?post=41219"}],"version-history":[{"count":1,"href":"https:\/\/gazdasagportal.hu\/index.php\/wp-json\/wp\/v2\/posts\/41219\/revisions"}],"predecessor-version":[{"id":41220,"href":"https:\/\/gazdasagportal.hu\/index.php\/wp-json\/wp\/v2\/posts\/41219\/revisions\/41220"}],"wp:attachment":[{"href":"https:\/\/gazdasagportal.hu\/index.php\/wp-json\/wp\/v2\/media?parent=41219"}],"wp:term":[{"taxonomy":"category","embeddable":true,"href":"https:\/\/gazdasagportal.hu\/index.php\/wp-json\/wp\/v2\/categories?post=41219"},{"taxonomy":"post_tag","embeddable":true,"href":"https:\/\/gazdasagportal.hu\/index.php\/wp-json\/wp\/v2\/tags?post=41219"}],"curies":[{"name":"wp","href":"https:\/\/api.w.org\/{rel}","templated":true}]}}