{"id":41205,"date":"2014-08-07T12:46:52","date_gmt":"2014-08-07T10:46:52","guid":{"rendered":"http:\/\/stockportal.hu\/?p=41205"},"modified":"2014-08-07T12:47:20","modified_gmt":"2014-08-07T10:47:20","slug":"forex-tozsde-deviza-arany-olaj-technikai-es-fundamentalis-elemzese-2014-08-07","status":"publish","type":"post","link":"https:\/\/gazdasagportal.hu\/index.php\/forex-tozsde-deviza-arany-olaj-technikai-es-fundamentalis-elemzese-2014-08-07\/","title":{"rendered":"Forex, t\u0151zsde, deviza, arany, olaj technikai \u00e9s fundament\u00e1lis elemz\u00e9se \u2013 2014.08.07"},"content":{"rendered":"<p><strong>BoE, EKB napja; A katonai akci\u00f3 megn\u00f6vekedett lehet\u0151s\u00e9ge k\u00f6r\u00fcli f\u00e9lelmek Ukrajna hat\u00e1r\u00e1n\u00e1l er\u0151s\u00edtett\u00e9k az arany ir\u00e1nti keresletet, miut\u00e1n a NATO (USA-val egy\u00fctt) \u00e9s Lengyelorsz\u00e1g figyelmeztetett Oroszorsz\u00e1g harck\u00e9sz\u00fclts\u00e9g\u00e9re az ukr\u00e1n hat\u00e1r k\u00f6zel\u00e9ben, illetve az Oroszorsz\u00e1g \u00e1ltal bevezetni tervezett mez\u0151gazdas\u00e1gi term\u00e9kek importj\u00e1nak tilalma azon orsz\u00e1gokb\u00f3l, melyek szankcion\u00e1lt\u00e1k Oroszorsz\u00e1got, tov\u00e1bb n\u00f6velte a fesz\u00fclts\u00e9get \u00e9s a f\u00e9lelmet a befektet\u0151k k\u00f6r\u00e9ben.<!--more--><\/strong><\/p>\n<p>&nbsp;<\/p>\n<div class=\"ads-in-post1\"><div id=\"gazdasagportal.hu_fullbanner_wideboard\"><\/div>\r\n<\/div>\n<p><strong><a title=\"IronFX\" href=\"https:\/\/www.ironfx.com\/hu\/forex-demo-competition?utm_source=631980&amp;utm_medium=ib_link&amp;utm_campaign=IB\" target=\"_blank\" rel=\"noopener\"><strong>IronFX<\/strong><\/a>\u00a0napi elemz\u00e9s:<\/strong><\/p><div id=\"gazda-3484092585\" class=\"gazda-tartalomban gazda-entity-placement\"><script async src=\"https:\/\/pagead2.googlesyndication.com\/pagead\/js\/adsbygoogle.js\"><\/script>\r\n<ins class=\"adsbygoogle\"\r\n     style=\"display:block\"\r\n     data-ad-format=\"fluid\"\r\n     data-ad-layout-key=\"-6t+ed+2i-1n-4w\"\r\n     data-ad-client=\"ca-pub-1959107119989764\"\r\n     data-ad-slot=\"4008251320\"><\/ins>\r\n<script>\r\n     (adsbygoogle = window.adsbygoogle || []).push({});\r\n<\/script><\/div>\n<p>&nbsp;<\/p>\n<p>BoE, EKB napja; A katonai akci\u00f3 megn\u00f6vekedett lehet\u0151s\u00e9ge k\u00f6r\u00fcli f\u00e9lelmek Ukrajna hat\u00e1r\u00e1n\u00e1l er\u0151s\u00edtett\u00e9k az arany ir\u00e1nti keresletet, miut\u00e1n a NATO (USA-val egy\u00fctt) \u00e9s Lengyelorsz\u00e1g figyelmeztetett Oroszorsz\u00e1g harck\u00e9sz\u00fclts\u00e9g\u00e9re az ukr\u00e1n hat\u00e1r k\u00f6zel\u00e9ben, illetve az Oroszorsz\u00e1g \u00e1ltal bevezetni tervezett mez\u0151gazdas\u00e1gi term\u00e9kek importj\u00e1nak tilalma azon orsz\u00e1gokb\u00f3l, melyek szankcion\u00e1lt\u00e1k Oroszorsz\u00e1got, tov\u00e1bb n\u00f6velte a fesz\u00fclts\u00e9get \u00e9s a f\u00e9lelmet a befektet\u0151k k\u00f6r\u00e9ben. Az import tilalom k\u00f6vette az orosz minisztereln\u00f6k, Dmitry Medvedev kor\u00e1bbi fenyeget\u00e9s\u00e9t az Eur\u00f3pai l\u00e9git\u00e1rsas\u00e1gok rep\u00fcl\u00e9si korl\u00e1toz\u00e1s\u00e1ra Szib\u00e9ria felett. A fogat-fog\u00e9rt szankci\u00f3k, melyek egyes esetekben egyar\u00e1nt h\u00e1tr\u00e1nyosak az orosz \u00e9s a nyugati gazdas\u00e1gok sz\u00e1m\u00e1ra, a Rubel tov\u00e1bbi gyeng\u00fcl\u00e9s\u00e9t okozt\u00e1k. V\u00e1rakoz\u00e1saink szerint a tov\u00e1bbi ki\u00e1raml\u00f3 t\u0151ke tov\u00e1bbi nyom\u00e1s alatt tartja a deviz\u00e1t. Egy\u00e9b k\u00f6z\u00e9p-eur\u00f3pai deviz\u00e1k, pl PLN vagy HUF szint\u00e9n \u00e1ldozatul eshetnek, ha a jelenlegi helyzet tov\u00e1bb eszkal\u00e1l\u00f3dik.<\/p>\n<p>Ausztr\u00e1li\u00e1ban a j\u00faliusi munkan\u00e9lk\u00fclis\u00e9gi r\u00e1ta v\u00e1ratlanul 6.4%-ra emelkedett &#8211; a legmagasabb adat 2000 \u00f3ra \u2013 mik\u00f6zben a piac nem v\u00e1rt v\u00e1ltoz\u00e1st az el\u0151z\u0151 havi 6.0%-os adathoz k\u00e9pest. Az ausztr\u00e1l doll\u00e1r kb. 0.5%-t esett a h\u00edr hat\u00e1s\u00e1ra, ami t\u00fckr\u00f6zi a befektet\u0151k aggodalm\u00e1t a munkaer\u0151piac gyeng\u00e9lked\u00e9se miatt, illetve annak hat\u00e1s\u00e1t az RBA politik\u00e1j\u00e1ra. Az Ausztr\u00e1l Statisztikai Hivatal figyelmeztetett azonban a felm\u00e9r\u00e9s adatainak \u00f3vatos \u00e9rt\u00e9kel\u00e9s\u00e9re a mintav\u00e9tellel kapcsolatos technikai okok miatt. Ez\u00e9rt pillanatnyilag neh\u00e9zkes k\u00e9pet alkotni a foglalkoztat\u00e1s mik\u00e9ntj\u00e9r\u0151l, s val\u00f3sz\u00edn\u0171leg meg kell v\u00e1rnunk az augusztusi adatokat, hogy adekv\u00e1t v\u00e9lem\u00e9nyt mondhassunk. Mindazon\u00e1ltal a h\u00edrek tov\u00e1bbi nyom\u00e1s alatt tartj\u00e1k az AUD a cs\u00f6kken\u0151 \u00e1rupiaci \u00e1rakat k\u00f6vet\u0151en.<\/p>\n<p>Ma: A kiemelt esem\u00e9ny az eur\u00f3pai nap sor\u00e1n a Bank of England \u00e9s az EKB \u00fcl\u00e9se lesz. Az Angol K\u00f6zponti Bank (BoE) val\u00f3sz\u00edn\u0171leg ism\u00e9t nem v\u00e1ltozat politik\u00e1j\u00e1n \u00e9s a piacra gyakorolt hat\u00e1sa szok\u00e1s szerint minim\u00e1lis lehet. Az \u00fcl\u00e9s jegyz\u0151k\u00f6nyve azonban, ami augusztus 20-\u00e1n jelenik meg, \u00e9rdekes olvasm\u00e1ny lehet, k\u00fcl\u00f6n\u00f6sen azt k\u00f6vet\u0151en, hogy a legut\u00f3bbi gyenge adatok aggodalmat keltettek az Egyes\u00fcl Kir\u00e1lys\u00e1g gazdas\u00e1gi fellend\u00fcl\u00e9s\u00e9vel kapcsolatban. Egyes elemz\u0151k arra sz\u00e1m\u00edtanak, hogy meglesz az els\u0151 monet\u00e1ris politikai tan\u00e1cs tag, aki az eddigi egy\u00f6ntet\u0171 v\u00e9lem\u00e9nyt\u0151l elt\u00e9r \u00e9s a kamatemel\u00e9sre szavaz, b\u00e1r a legut\u00f3bbi gyenge adatok v\u00e1rhat\u00f3an cs\u00f6kkentik ennek val\u00f3sz\u00edn\u0171s\u00e9g\u00e9t.<\/p>\n<p>Az Euroz\u00f3na gazdas\u00e1ga helyre\u00e1ll\u00e1nak tov\u00e1bbi gyeng\u00fcl\u00e9s\u00e9re utal\u00f3 jelek ellen\u00e9re nem sz\u00e1m\u00edtunk v\u00e1ltoz\u00e1sra az EKB \u00fcl\u00e9s\u00e9n, miut\u00e1n az EKB \u00e1ltal j\u00faniusban bejelentett kulcsfontoss\u00e1g\u00fa int\u00e9zked\u00e9sek egy r\u00e9sz\u00e9nek a v\u00e9grehajt\u00e1sa m\u00e9g v\u00e1rat mag\u00e1ra. Az Eur\u00f3-\u00f6vezetben zajl\u00f3 geopolitikai kock\u00e1zatokkal kapcsolatos n\u00f6vekv\u0151 aggodalmak \u00e9s az \u00e1lland\u00f3 defl\u00e1ci\u00f3s fenyeget\u00e9s ellen\u00e9re az augusztusi \u00fcl\u00e9s val\u00f3sz\u00edn\u0171leg \u00e9szrev\u00e9tlen\u00fcl marad. Szok\u00e1s szerint, Mario Draghi, az EKB eln\u00f6ke sajt\u00f3konferenci\u00e1t tart a kamatd\u00f6nt\u00e9s ut\u00e1n, ami val\u00f3sz\u00edn\u0171leg esem\u00e9nytelen lesz, mivel semmilyen \u00faj politikai int\u00e9zked\u00e9s bejelent\u00e9se nem v\u00e1rhat\u00f3.<\/p>\n<p>Ami a mutat\u00f3kat illeti, a n\u00e9met ipari termel\u00e9s a v\u00e1rakoz\u00e1sok szerint visszaer\u0151s\u00f6d\u00f6tt havi szinten. Figyelembe v\u00e9ve a szerdai v\u00e1ratlan es\u00e9st a gy\u00e1ri megrendel\u00e9sekn\u00e9l, k\u00e9rd\u00e9ses hogy az el\u0151rejelz\u00e9s teljes\u00fcl- e.<\/p>\n<p>A j\u00faniusi norv\u00e9giai ipari termel\u00e9si adatok szint\u00e9n ma l\u00e1tnak napvil\u00e1got.<\/p>\n<p>Az Egyes\u00fclt \u00c1llamokb\u00f3l megkapjuk a friss munkan\u00e9lk\u00fclis\u00e9gi k\u00e9relmek adatait az Augusztus 2-\u00e1n v\u00e9get \u00e9rt h\u00e9tre vonatkoz\u00f3an, az el\u0151rejelz\u00e9s n\u00f6veked\u00e9st mutat.<\/p>\n<p>Kanad\u00e1b\u00f3l, a mai napon az \u00e9p\u00edtkez\u00e9si adatokat v\u00e1rjuk J\u00faniusra. Az el\u0151rejelz\u00e9sek szerint 1,9%-os cs\u00f6kken\u00e9s v\u00e1rhat\u00f3 az el\u0151z\u0151 h\u00f3naphoz k\u00e9pest a +13,8%-os m\u00e1jusi adathoz k\u00e9pest.<\/p>\n<p>Emellett az EKB eln\u00f6ke Mario Draghi tart sajt\u00f3t\u00e1j\u00e9koztat\u00f3t az EKB \u00fcl\u00e9s\u00e9t k\u00f6vet\u0151en, ezen k\u00edv\u00fcl nincs m\u00e1s besz\u00e9d m\u00e1ra.<\/p>\n<p>&nbsp;<\/p>\n<div>\n<h4>EUR\/USD visszapattant az 1.3330-r\u00f3l<\/h4>\n<p>&nbsp;<\/p>\n<p>Az EUR\/USD az 1.3365-\u00f6s szint al\u00e1 cs\u00f6kkent szerd\u00e1n, de v\u00e9teli megb\u00edz\u00e1sokra tal\u00e1lt az 1.3330 (S2) k\u00f6zel\u00e9ben, ahonnan er\u0151teljesen visszapattant \u00e9s ism\u00e9t az el\u0151z\u0151 korl\u00e1t felett kereskedt\u00e9k. B\u00e1r, a momentum mutat\u00f3sz\u00e1maink tov\u00e1bbi emelked\u00e9st val\u00f3sz\u00edn\u0171s\u00edtenek, am\u00edg az 1.3445-\u00f6s (R1) ellen\u00e1ll\u00e1s kitart, negat\u00edv k\u00e9pet l\u00e1tok \u00e9s a tegnapi emelked\u00e9st csak korrekci\u00f3s f\u00e1zisnak tartan\u00e1m. Az RSI emelkedett miut\u00e1n visszat\u00e9rt a t\u00fal\u00e9rt\u00e9kes\u00edtett tartom\u00e1nyb\u00f3l, mik\u00f6zben az MACD jelz\u0151 vonala f\u0151l\u00e9 ker\u00fclt. Tov\u00e1bb\u00e1, pozit\u00edv divergenci\u00e1t v\u00e9lek felfedezni mindk\u00e9t momentum indik\u00e1tor \u00e9s az \u00e1rfolyam k\u00f6z\u00f6tt, valamint a napi charton egy kalap\u00e1cs gyerty\u00e1t, ami tov\u00e1bb er\u0151s\u00edti azt a n\u00e9zetet, hogy emelked\u00e9sre sz\u00e1m\u00edthatunk miel\u0151tt az elad\u00f3k ism\u00e9t fel\u00fclkerekednek. Figyeln\u00fcnk kell azonban arra, hogy az \u00e1rfolyam mai mozg\u00e1sa nagy m\u00e9rt\u00e9kben f\u00fcgg Draghi eln\u00f6k besz\u00e9d\u00e9t\u0151l, ami az EKB tal\u00e1lkoz\u00f3 ut\u00e1ni sajt\u00f3t\u00e1j\u00e9kozat\u00f3n fog elhangozni.<\/p>\n<p>T\u00e1masz: 1.3365 (S1), 1.3330 (S2), 1.3300 (S3).<\/p>\n<p>Ellen\u00e1ll\u00e1s: 1.3445 (R1), 1.3500 (R2), 1.3540 (R3).<\/p>\n<\/div>\n<div>\n<h4>USD\/JPY \u00f6sszeomlott<\/h4>\n<p>&nbsp;<\/p>\n<p>USD\/JPY zuhant , \u00e1tt\u00f6rve a r\u00f6vidt\u00e1v\u00fa k\u00e9k emelked\u0151 trendvonal\u00e1t. Az es\u00e9st meg\u00e1ll\u00edtotta a 101.80 (S1) t\u00e1masz szint, mely a 61.8%-os visszat\u00e9r\u00e9si szintje a j\u00falius 18-30- a k\u00f6z\u00f6tti emelked\u00e9snek. Figyelembe v\u00e9ve azt, hogy a kereszt\u00e1rfolyamon m\u00e9g mindig az el\u0151z\u0151 cs\u00f6kken\u0151 trendcsatorna fels\u0151 vonala f\u00f6l\u00f6tt folyik a keresked\u00e9s, szem\u00e9ly szerint megmaradn\u00e9k az oldalaz\u00f3 mozg\u00e1sa mellett, m\u00edg nem k\u00f6vetkezik egy ir\u00e1nymutat\u00f3 kileng\u00e9s a devizap\u00e1ron. Az MACD mind jelz\u0151- mind null\u00e1s vonala alatt tart\u00f3zkodik, am\u00edg az RSI enyh\u00e9n visszapattant a 30-as sz\u00edntj\u00e9r\u0151l, felfel\u00e9 mutatva. A vegyes momentum jelek meger\u0151s\u00edtik azt a n\u00e9zetem, hogy az er\u0151teljes \u00e1rfolyamcs\u00f6kken\u00e9s ellen\u00e9re a technikai k\u00e9p zavaros maradt.<\/p>\n<p>T\u00e1masz: 101.80 (S1), 101.60 (S2), 101.30 (S3).<\/p>\n<p>Ellen\u00e1ll\u00e1s: 102.35 (R1), 102.75 (R2), 103.00 (R3).<\/p>\n<\/div>\n<div>\n<h4>EURGBP visszapattant a 0.7920-as szintr\u0151l<\/h4>\n<p>&nbsp;<\/p>\n<p>Az EURGBP p\u00e1r visszapattant miut\u00e1n t\u00e1maszra tal\u00e1lt a 0.7920-as (S1) szint k\u00f6r\u00fcl, illetve a kor\u00e1bbi k\u00e9k cs\u00f6kken\u0151 trendvonal \u00e9s a k\u00f6zeli lila emelked\u0151 csatorna als\u00f3 hat\u00e1ra k\u00f6z\u00f6tti metsz\u00e9spont k\u00f6zel\u00e9ben. Ez kedvez a tov\u00e1bbi emelked\u00e9snek \u00e9s val\u00f3sz\u00edn\u0171leg egy m\u00e1sik teszt v\u00e1rhat\u00f3 a k\u00f6zeli 0.7980-as (R1) ellen\u00e1ll\u00e1si szinten. Az RSI tov\u00e1bb haladt az 50-es vonal\u00e1n, m\u00edg a MACD l\u00e1tsz\u00f3lag k\u00e9szen \u00e1ll arra, hogy meghaladja mindkett\u0151 z\u00e9r\u00f3 jelz\u0151vonal\u00e1t, ezzel is a tov\u00e1bbi emelked\u00e9st t\u00e1mogatva. Mindazon\u00e1ltal az EURUSD \u00e9s EURGBP p\u00e1r mozg\u00e1s\u00e1t val\u00f3sz\u00edn\u0171leg nagym\u00e9rt\u00e9kben befoly\u00e1solja az Eur\u00f3pai K\u00f6zponti Bank eln\u00f6k\u00e9nek, Mario Draghi besz\u00e9de.<\/p>\n<p>T\u00e1masz: 1.6815 (S1), 1.6800 (S2), 1.6700 (S3).<\/p>\n<p>Ellen\u00e1ll\u00e1s: 1.6880 (R1), 1.6950 (R2), 1.7000 (R3).<\/p>\n<\/div>\n<div>\n<h4>Az arany kil\u00e9pett a s\u00e1vb\u00f3l<\/h4>\n<p>&nbsp;<\/p>\n<p>Az arany tegnap emelkedett \u00e9s \u00e1tt\u00f6rte a keresked\u00e9si s\u00e1v 1295-\u00f6s fels\u0151 hat\u00e1r\u00e1t. Mialatt ezt \u00edrom, a nemesf\u00e9m az 1312-es (R1) ellen\u00e1ll\u00e1si szint\u00fcnk alatt mozog, aminek \u00e1tt\u00f6r\u00e9se megnyithatja az utat a k\u00f6vetkez\u0151 1325-\u00f6s (R2) akad\u00e1ly fel\u00e9 \u00e9s meger\u0151s\u00edtheti, hogy a J\u00falius 10-31 k\u00f6z\u00f6tti cs\u00f6kken\u00e9s csak a J\u00fanius 3 \u00e9s J\u00falius 10 k\u00f6z\u00f6tti emelked\u00e9s 61.8%-os korrekci\u00f3ja volt. A napi charton a 14 napos RSI az 50-es vonal f\u00f6l\u00e9 ker\u00fclt, m\u00edg az MACD \u00fagy t\u0171nik a jelz\u0151 vonal f\u0151l\u00e9 fog ker\u00fclni. B\u00e1r ez igazolja a tegnapi nap bika momentum\u00e1t, \u00e9n azonban \u00f3vatos lenn\u00e9k a tov\u00e1bbi emelked\u00e9st illet\u0151en, miut\u00e1n az \u00e1rmozg\u00e1st meg\u00e1ll\u00edtotta a 200 napos mozg\u00f3\u00e1tlag, ami \u00e9ppen csak az 1312 (R1) t\u00e1masz alatt helyezkedik el. Ez al\u00e1t\u00e1masztja azt a n\u00e9zetemet, hogy csak az 1312 (R1) ellen\u00e1ll\u00e1s \u00e1tt\u00f6r\u00e9se lehetne az elind\u00edt\u00f3ja az emelked\u00e9s folytat\u00e1s\u00e1nak.<\/p>\n<p>T\u00e1masz: 1295 (S1), 1280 (S2), 1267 (S3).<\/p>\n<p>Ellen\u00e1ll\u00e1s: 1312 (R1), 1325 (R2), 1345 (R3) .<\/p>\n<\/div>\n<div>\n<h4>WTI a 97.00 szint al\u00e1 t\u00f6rt<\/h4>\n<p>&nbsp;<\/p>\n<p>WTI el\u0151sz\u00f6r mozgott 97.00 al\u00e1 Febru\u00e1r \u00f3ta. Kor\u00e1bbi kommentemben megeml\u00edtettem, hogy egy let\u00f6r\u00e9s 97.00 al\u00e1 el\u0151k\u00e9sz\u00edtheti a terepet a 95.85 (S1) z\u00f3n\u00e1hoz. Ennek ellen\u00e9re, a momentum mutat\u00f3inkat tekintve pozit\u00edv divergenci\u00e1t l\u00e1tok az RSI \u00e9s az \u00e1rfolyam mozg\u00e1sa k\u00f6z\u00f6tt, ami \u00fajabb okot ad nekem a semleges n\u00e9zet fenntart\u00e1s\u00e1ra, annak ellen\u00e9re, hogy az \u00e1rfolyam tov\u00e1bb cs\u00f6kken. Azt v\u00e1rom, hogy ezek a mutat\u00f3k meger\u0151s\u00edtik az \u00e1rfolyam mozg\u00e1s\u00e1t, miel\u0151tt visszanyern\u00e9nk a bizalmat a gyeng\u00fcl\u00e9s folytat\u00e1s\u00e1ba, \u00e9s megford\u00edtja n\u00e9zeteimet \u00fajra negat\u00edv ir\u00e1nyba.<\/p>\n<p>T\u00e1masz: 95.85 (S1), 94.00 (S2), 92.00 (S3).<\/p>\n<p>Ellen\u00e1ll\u00e1s: 97.00 (R1), 98.65 (R2), 99.45 (R3).<\/p>\n<p>&nbsp;<\/p>\n<div class=\"box shadow\"><div>\n\t\t\t\n<p><strong>A MAGYAR \u00c9LES KERESKED\u00c9SI VERSENY<\/strong><\/p>\n<div>\n<p>Az IronFX Global lehet\u0151s\u00e9get k\u00edn\u00e1l \u00faj \u00e9s megl\u00e9v\u0151 \u00fcgyfelei sz\u00e1m\u00e1ra, hogy r\u00e9szt vegyenekMagyarorsz\u00e1g Legnagyobb \u00e9s Legizgalmasabb\u00a0forex keresked\u00e9si verseny\u00e9n \u00e9s megnyerj\u00e9k a technikailag legfejlettebb Trading Station-t \u00e9s m\u00e1s nagy \u00e9rt\u00e9k\u0171 d\u00edjakat. A verseny\u00a0t\u00f6bb mint 2 milli\u00f3 forint\u00a0\u00f6sszd\u00edjaz\u00e1s\u00fa, melyen mindenki egyenl\u0151 es\u00e9llyel indul.<\/p>\n<\/div>\n<div>\n<p><strong><a href=\"https:\/\/www.ironfx.com\/hu\/live-competition?utm_source=631980&amp;utm_medium=ib_link&amp;utm_campaign=IB\" target=\"_blank\" rel=\"noopener\">Regisztr\u00e1ljon m\u00e9g ma \u00e9s legyen \u00d6n Magyarorsz\u00e1g legjobb forex keresked\u0151je!<\/a><\/strong><\/p>\n<\/div>\n<div>\n<p>Az \u00c9les Keresked\u00e9si Verseny\u00a0J\u00falius 1 \u00e9s Szeptember 30\u00a0k\u00f6z\u00f6tt ker\u00fcl megrendez\u00e9sre.<\/p>\n<\/div>\n<div id=\"hu_live_comp_prizes_title\"><strong>D\u00cdJAK<\/strong><\/div>\n<p><strong>1. Emperor 1510 Trading Station\u00a0<\/strong><br \/>\n<strong>+ Nagy teljes\u00edtm\u00e9ny\u0171 Sz\u00e1m\u00edt\u00f3g\u00e9p<\/strong>&gt;<br \/>\n<strong>2. $2000 \u00e9rt\u00e9k\u0171 keresked\u00e9si sz\u00e1mla\u00a0<\/strong><br \/>\n<strong>+ k\u00e9t szem\u00e9lyes \u00fcd\u00fcl\u00e9s a Forest Hills, Bio Hotelben teljes ell\u00e1t\u00e1ssal 3nap\/2\u00e9j<\/strong><br \/>\n<strong>3. $1000 \u00e9rt\u00e9k\u0171 keresked\u00e9si sz\u00e1mla\u00a0<\/strong><br \/>\n<strong>+ k\u00e9t szem\u00e9lyes \u00fcd\u00fcl\u00e9s a Forest Hills, Bio Hotelben teljes ell\u00e1t\u00e1ssal 3nap\/2\u00e9j<\/strong><\/p>\n<div>\n<p>*Az \u00e9rv\u00e9nyben lev\u0151 felt\u00e9telek \u00e9s kik\u00f6t\u00e9sek szerint<\/p>\n<p><strong><a href=\"https:\/\/www.ironfx.com\/hu\/live-competition?utm_source=631980&amp;utm_medium=ib_link&amp;utm_campaign=IB\" target=\"_blank\" rel=\"noopener\">REGISZTR\u00c1CI\u00d3 ITT<\/a><\/strong><\/p>\n\n\t\t\t<\/div><\/div>\n<\/div>\n<\/div>\n","protected":false},"excerpt":{"rendered":"<p>BoE, EKB napja; A katonai akci\u00f3 megn\u00f6vekedett lehet\u0151s\u00e9ge k\u00f6r\u00fcli f\u00e9lelmek Ukrajna hat\u00e1r\u00e1n\u00e1l er\u0151s\u00edtett\u00e9k az arany ir\u00e1nti keresletet, miut\u00e1n a NATO (USA-val egy\u00fctt) \u00e9s Lengyelorsz\u00e1g figyelmeztetett Oroszorsz\u00e1g harck\u00e9sz\u00fclts\u00e9g\u00e9re az ukr\u00e1n hat\u00e1r k\u00f6zel\u00e9ben, illetve az Oroszorsz\u00e1g \u00e1ltal bevezetni tervezett mez\u0151gazdas\u00e1gi term\u00e9kek importj\u00e1nak tilalma azon orsz\u00e1gokb\u00f3l, melyek szankcion\u00e1lt\u00e1k Oroszorsz\u00e1got, tov\u00e1bb n\u00f6velte a fesz\u00fclts\u00e9get \u00e9s a f\u00e9lelmet a befektet\u0151k &#8230;<\/p>\n","protected":false},"author":1,"featured_media":39322,"comment_status":"open","ping_status":"closed","sticky":false,"template":"","format":"standard","meta":[],"categories":[146,10,8,131],"tags":[],"_links":{"self":[{"href":"https:\/\/gazdasagportal.hu\/index.php\/wp-json\/wp\/v2\/posts\/41205"}],"collection":[{"href":"https:\/\/gazdasagportal.hu\/index.php\/wp-json\/wp\/v2\/posts"}],"about":[{"href":"https:\/\/gazdasagportal.hu\/index.php\/wp-json\/wp\/v2\/types\/post"}],"author":[{"embeddable":true,"href":"https:\/\/gazdasagportal.hu\/index.php\/wp-json\/wp\/v2\/users\/1"}],"replies":[{"embeddable":true,"href":"https:\/\/gazdasagportal.hu\/index.php\/wp-json\/wp\/v2\/comments?post=41205"}],"version-history":[{"count":2,"href":"https:\/\/gazdasagportal.hu\/index.php\/wp-json\/wp\/v2\/posts\/41205\/revisions"}],"predecessor-version":[{"id":41207,"href":"https:\/\/gazdasagportal.hu\/index.php\/wp-json\/wp\/v2\/posts\/41205\/revisions\/41207"}],"wp:featuredmedia":[{"embeddable":true,"href":"https:\/\/gazdasagportal.hu\/index.php\/wp-json\/wp\/v2\/media\/39322"}],"wp:attachment":[{"href":"https:\/\/gazdasagportal.hu\/index.php\/wp-json\/wp\/v2\/media?parent=41205"}],"wp:term":[{"taxonomy":"category","embeddable":true,"href":"https:\/\/gazdasagportal.hu\/index.php\/wp-json\/wp\/v2\/categories?post=41205"},{"taxonomy":"post_tag","embeddable":true,"href":"https:\/\/gazdasagportal.hu\/index.php\/wp-json\/wp\/v2\/tags?post=41205"}],"curies":[{"name":"wp","href":"https:\/\/api.w.org\/{rel}","templated":true}]}}