{"id":41192,"date":"2014-08-07T11:10:09","date_gmt":"2014-08-07T09:10:09","guid":{"rendered":"http:\/\/stockportal.hu\/?p=41192"},"modified":"2014-08-07T11:10:09","modified_gmt":"2014-08-07T09:10:09","slug":"telekom-eroteljes-verseny-a-leanyvallalatok-piacan","status":"publish","type":"post","link":"https:\/\/gazdasagportal.hu\/index.php\/telekom-eroteljes-verseny-a-leanyvallalatok-piacan\/","title":{"rendered":"Telekom: er\u0151teljes verseny a le\u00e1nyv\u00e1llalatok piac\u00e1n"},"content":{"rendered":"<p><strong>A Magyar Telekom le\u00e1nyv\u00e1llalatainak Maced\u00f3ni\u00e1ban \u00e9s Montenegr\u00f3ban er\u0151s versennyel kell szemben\u00e9zni\u00fck, a magyar piacon ugyanakkor folytat\u00f3dik a pozit\u00edv trend &#8211; mondta Szab\u00f3 J\u00e1nos gazdas\u00e1gi vez\u00e9rigazgat\u00f3-helyettes a m\u00e1sodik negyed\u00e9ves eredm\u00e9nyeket ismertet\u0151 cs\u00fct\u00f6rt\u00f6ki sajt\u00f3t\u00e1j\u00e9koztat\u00f3n Budapesten.<\/strong><!--more--><br \/>\n<div class=\"ads-in-post1\"><div id=\"gazdasagportal.hu_fullbanner_wideboard\"><\/div>\r\n<\/div>\n<p>    A t\u00e1rsas\u00e1g jav\u00edtott \u00e9ves EBITDA (kamatfizet\u00e9s, ad\u00f3z\u00e1s \u00e9s \u00e9rt\u00e9kcs\u00f6kken\u00e9s le\u00edr\u00e1s el\u0151tti eredm\u00e9ny) el\u0151rejelz\u00e9s\u00e9n, miut\u00e1n az els\u0151 f\u00e9l \u00e9vben ez a mutat\u00f3 emelkedett a tavalyi b\u00e1zisid\u0151szakhoz k\u00e9pest. A m\u00e1sodik f\u00e9l \u00e9vben azonban ez a pozit\u00edvum nem lesz tarthat\u00f3 a vez\u00e9rigazgat\u00f3-helyettes szerint a le\u00e1nyv\u00e1llalatok teljes\u00edtm\u00e9nye miatt.<br \/>\n    A folyamatban l\u00e9v\u0151 frekvenciatenderr\u0151l \u00fagy nyilatkozott, hogy egyes blokkok\u00e9rt er\u0151s verseny folyik, ami azok \u00e1r\u00e1t is befoly\u00e1solja.<br \/>\n    Az osztal\u00e9kra vonatkoz\u00f3 k\u00e9rd\u00e9sre v\u00e1laszolva elmondta: addig korai osztal\u00e9kfizet\u00e9sr\u0151l, vagy annak m\u00e9rt\u00e9k\u00e9r\u0151l besz\u00e9lni, am\u00edg nem l\u00e1tszik, hogy milyen \u00e1ron tud a t\u00e1rsas\u00e1g \u00faj frekvenci\u00e1khoz jutni. Hozz\u00e1tette, hogy a cash flow az id\u00e9n m\u00e9g nem fog j\u00f3l alakulni.<br \/>\n    A Magyar Telekom a 2013-as \u00e9v ut\u00e1n &#8211; a kor\u00e1bbi \u00e9vekkel ellent\u00e9tben &#8211; nem fizetett osztal\u00e9kot. A d\u00f6nt\u00e9st a szabad cash-flow cs\u00f6kken\u00e9s\u00e9vel, illetve a nett\u00f3 elad\u00f3sodotts\u00e1gi r\u00e1ta emelked\u00e9s\u00e9vel indokolt\u00e1k. A cs\u00fct\u00f6rt\u00f6k\u00f6n k\u00f6z\u00f6lt m\u00e1sodik negyed\u00e9ves gyorsjelent\u00e9s szerint a cash flow alakul\u00e1s\u00e1ban 2015-t\u0151l v\u00e1r jelent\u0151sebb javul\u00e1st a t\u00e1rsas\u00e1g.<br \/>\n    A Magyar Telekom 2014 els\u0151 hat h\u00f3napj\u00e1ban 303,7 milli\u00e1rd forint \u00e1rbev\u00e9telt \u00e9rt el, amely 3,1 sz\u00e1zal\u00e9kkal kisebb a tavalyi els\u0151 f\u00e9l \u00e9vin\u00e9l. A t\u00e1rsas\u00e1g r\u00e9szv\u00e9nyeseire jut\u00f3 (nett\u00f3) eredm\u00e9ny ugyanakkor 18 sz\u00e1zal\u00e9kkal, 16,41 milli\u00e1rd forintra n\u0151tt, \u00e9s az EBITDA is javult kiss\u00e9, 1,5 sz\u00e1zal\u00e9kkal, 90,14 milli\u00e1rd forintra emelkedett a tavalyi els\u0151 f\u00e9l \u00e9vhez k\u00e9pest.<br \/>\n    A telekommunik\u00e1ci\u00f3s t\u00e1rsas\u00e1g m\u00f3dos\u00edtott idei c\u00e9lkit\u0171z\u00e9sein, EBITDA eredm\u00e9ny\u00e9nek legfeljebb 3 sz\u00e1zal\u00e9kos m\u00e9rs\u00e9kl\u0151d\u00e9s\u00e9re sz\u00e1m\u00edt a kor\u00e1bban jelzett 3-6 sz\u00e1zal\u00e9k k\u00f6z\u00f6tti cs\u00f6kken\u00e9s helyett. A bev\u00e9telre \u00e9s a beruh\u00e1z\u00e1sokra vonatkoz\u00f3 el\u0151rejelz\u00e9s\u00e9n nem v\u00e1ltoztatott a c\u00e9g, v\u00e1rakoz\u00e1sai szerint a bev\u00e9telek \u00e9ves szinten legfeljebb 3 sz\u00e1zal\u00e9kkal cs\u00f6kkennek az id\u00e9n, beruh\u00e1z\u00e1sokra pedig a tavalyival k\u00f6zel azonos \u00f6sszeget, 87 milli\u00e1rd forintot sz\u00e1n 2014-ben a frekvencia akviz\u00edci\u00f3ra ford\u00edtott \u00f6sszegek \u00e9s az \u00e9ves frekvencia d\u00edj aktiv\u00e1l\u00e1sa n\u00e9lk\u00fcl.(MTI)<\/p>\n","protected":false},"excerpt":{"rendered":"<p>A Magyar Telekom le\u00e1nyv\u00e1llalatainak Maced\u00f3ni\u00e1ban \u00e9s Montenegr\u00f3ban er\u0151s versennyel kell szemben\u00e9zni\u00fck, a magyar piacon ugyanakkor folytat\u00f3dik a pozit\u00edv trend &#8211; mondta Szab\u00f3 J\u00e1nos gazdas\u00e1gi vez\u00e9rigazgat\u00f3-helyettes a m\u00e1sodik negyed\u00e9ves eredm\u00e9nyeket ismertet\u0151 cs\u00fct\u00f6rt\u00f6ki sajt\u00f3t\u00e1j\u00e9koztat\u00f3n Budapesten.<\/p>\n","protected":false},"author":1,"featured_media":18465,"comment_status":"open","ping_status":"closed","sticky":false,"template":"","format":"standard","meta":[],"categories":[146,7,47],"tags":[],"_links":{"self":[{"href":"https:\/\/gazdasagportal.hu\/index.php\/wp-json\/wp\/v2\/posts\/41192"}],"collection":[{"href":"https:\/\/gazdasagportal.hu\/index.php\/wp-json\/wp\/v2\/posts"}],"about":[{"href":"https:\/\/gazdasagportal.hu\/index.php\/wp-json\/wp\/v2\/types\/post"}],"author":[{"embeddable":true,"href":"https:\/\/gazdasagportal.hu\/index.php\/wp-json\/wp\/v2\/users\/1"}],"replies":[{"embeddable":true,"href":"https:\/\/gazdasagportal.hu\/index.php\/wp-json\/wp\/v2\/comments?post=41192"}],"version-history":[{"count":1,"href":"https:\/\/gazdasagportal.hu\/index.php\/wp-json\/wp\/v2\/posts\/41192\/revisions"}],"predecessor-version":[{"id":41193,"href":"https:\/\/gazdasagportal.hu\/index.php\/wp-json\/wp\/v2\/posts\/41192\/revisions\/41193"}],"wp:featuredmedia":[{"embeddable":true,"href":"https:\/\/gazdasagportal.hu\/index.php\/wp-json\/wp\/v2\/media\/18465"}],"wp:attachment":[{"href":"https:\/\/gazdasagportal.hu\/index.php\/wp-json\/wp\/v2\/media?parent=41192"}],"wp:term":[{"taxonomy":"category","embeddable":true,"href":"https:\/\/gazdasagportal.hu\/index.php\/wp-json\/wp\/v2\/categories?post=41192"},{"taxonomy":"post_tag","embeddable":true,"href":"https:\/\/gazdasagportal.hu\/index.php\/wp-json\/wp\/v2\/tags?post=41192"}],"curies":[{"name":"wp","href":"https:\/\/api.w.org\/{rel}","templated":true}]}}