{"id":41182,"date":"2014-08-07T09:41:17","date_gmt":"2014-08-07T07:41:17","guid":{"rendered":"http:\/\/stockportal.hu\/?p=41182"},"modified":"2014-08-07T09:42:23","modified_gmt":"2014-08-07T07:42:23","slug":"gyorsjelentes-telekom-enyhen-csokkent-a-bevetel-es-az-eredmeny","status":"publish","type":"post","link":"https:\/\/gazdasagportal.hu\/index.php\/gyorsjelentes-telekom-enyhen-csokkent-a-bevetel-es-az-eredmeny\/","title":{"rendered":"Gyorsjelent\u00e9s &#8211; Telekom: enyh\u00e9n cs\u00f6kkent a bev\u00e9tel \u00e9s az eredm\u00e9ny"},"content":{"rendered":"<p><strong>A Magyar Telekom 151,8 milli\u00e1rd forint konszolid\u00e1lt \u00e1rbev\u00e9telt \u00e9s 11,58 milli\u00e1rd forint ad\u00f3zott eredm\u00e9nyt \u00e9rt el 2014 m\u00e1sodik negyed\u00e9v\u00e9ben, a bev\u00e9telek 3,3 sz\u00e1zal\u00e9kkal, a nett\u00f3 profit 5,1 sz\u00e1zal\u00e9kkal marad el a 2013 azonos id\u0151szakit\u00f3l &#8211; k\u00f6z\u00f6lte a telekommunik\u00e1ci\u00f3s v\u00e1llalat a cs\u00fct\u00f6rt\u00f6k\u00f6n.<\/strong><!--more--><br \/>\n<div class=\"ads-in-post1\"><div id=\"gazdasagportal.hu_fullbanner_wideboard\"><\/div>\r\n<\/div>\n<p>    A portfolio.hu \u00e1ltal megk\u00e9rdezett elemz\u0151k \u00e1tlagosan 151,4 milli\u00e1rd forint \u00e1rbev\u00e9telt \u00e9s 10,7 milli\u00e1rd forint nett\u00f3 profitot v\u00e1rtak.<br \/>\n    A konszolid\u00e1lt, a nemzetk\u00f6zi p\u00e9nz\u00fcgyi jelent\u00e9si szabv\u00e1nyok (IFRS) alapj\u00e1n k\u00e9sz\u00fclt kimutat\u00e1s szerint a t\u00e1rsas\u00e1g EBITDA (kamatfizet\u00e9s, ad\u00f3z\u00e1s \u00e9s \u00e9rt\u00e9kcs\u00f6kken\u00e9si le\u00edr\u00e1s el\u0151tti) eredm\u00e9nye 49,6 milli\u00e1rd forint lett, 0,3 sz\u00e1zal\u00e9kkal kisebb a b\u00e1zisid\u0151szakin\u00e1l.<br \/>\n    A m\u00e1sodik negyed\u00e9vben cs\u00f6kkentek mind a vezet\u00e9kes, mind a mobilhang bev\u00e9telek, tov\u00e1bb\u00e1 az energiaszolg\u00e1ltat\u00e1sb\u00f3l is kisebb bev\u00e9tele sz\u00e1rmazott a Telekomnak. Ut\u00f3bbit a g\u00e1z \u00e9s \u00e1ram szab\u00e1lyozott kiskereskedelmi \u00e1r\u00e1nak cs\u00f6kken\u00e9se okozta.<br \/>\n    Christopher Mattheisen vez\u00e9rigazgat\u00f3 a k\u00f6zlem\u00e9nyben \u00fagy nyilatkozott, hogy az \u00e9v tov\u00e1bbi r\u00e9sz\u00e9re a t\u00e1rsas\u00e1g arra sz\u00e1m\u00edt, hogy a bev\u00e9telek \u00e9s a beruh\u00e1z\u00e1si k\u00f6lt\u00e9sek (Capex) \u00f6sszhangban lesznek a kor\u00e1bban kommunik\u00e1lt c\u00e9lkit\u0171z\u00e9sekkel, az EBITDA pedig a v\u00e1rtn\u00e1l jobban alakul majd, legfeljebb 3 sz\u00e1zal\u00e9kkal cs\u00f6kken a 2013-as szinthez k\u00e9pest. Hozz\u00e1tette, hogy 2014 sor\u00e1n tov\u00e1bbra is kedvez\u0151tlen\u00fcl fog alakulni a v\u00e1llalat szabad cash flow termel\u00e9se, de 2015-t\u0151l m\u00e1r v\u00e1rhat\u00f3an jelent\u0151s javul\u00e1s lesz ezen a t\u00e9ren.<br \/>\n    Kor\u00e1bban 3-6 sz\u00e1zal\u00e9k k\u00f6z\u00f6tti EBITDA-cs\u00f6kken\u00e9ssel sz\u00e1molt a c\u00e9g. A mostani \u00e9s a kor\u00e1bbi el\u0151rejelz\u00e9s szerint is a bev\u00e9telek \u00e9ves szinten legfeljebb 3 sz\u00e1zal\u00e9kkal cs\u00f6kkennek az id\u00e9n, beruh\u00e1z\u00e1sokra pedig a tavalyival k\u00f6zel azonos \u00f6sszeget, 87 milli\u00e1rd forintot sz\u00e1n 2014-ben a v\u00e1llalat a frekvencia akviz\u00edci\u00f3ra ford\u00edtott \u00f6sszegek \u00e9s az \u00e9ves frekvencia d\u00edj aktiv\u00e1l\u00e1sa n\u00e9lk\u00fcl.<br \/>\n    A jelent\u00e9s szerint az \u00e9v els\u0151 hat h\u00f3napj\u00e1nak \u00e1rbev\u00e9tele 303,7 milli\u00e1rd forint volt, 3,1 sz\u00e1zal\u00e9kkal kisebb a tavalyin\u00e1l.<br \/>\n    A t\u00e1rsas\u00e1g r\u00e9szv\u00e9nyeseire jut\u00f3 (nett\u00f3) eredm\u00e9ny ugyanakkor 18 sz\u00e1zal\u00e9kkal, 16,41 milli\u00e1rd forintra n\u0151tt, \u00e9s az EBITDA is javult kiss\u00e9, 1,5 sz\u00e1zal\u00e9kkal, 90,14 milli\u00e1rd forintra emelkedett a tavalyi els\u0151 f\u00e9l \u00e9vhez k\u00e9pest.<br \/>\n    Az egy r\u00e9szv\u00e9nyre jut\u00f3 hozam 15,74 forint volt az idei els\u0151 hat h\u00f3nap alapj\u00e1n, m\u00edg tavaly ugyanebben az id\u0151szakban 13,34 forint volt.<br \/>\n    A m\u0171k\u00f6d\u00e9si eredm\u00e9ny 7 sz\u00e1zal\u00e9kkal emelkedve, 41,2 milli\u00e1rd forintot \u00e9rt el az els\u0151 f\u00e9l \u00e9vben.<br \/>\n    A szabad cash flow a tavaly els\u0151 f\u00e9l \u00e9vi 3,1 milli\u00e1rd forintr\u00f3l 0,7 milli\u00e1rd forintra cs\u00f6kkent.<br \/>\n    A nett\u00f3 ad\u00f3ss\u00e1g\u00e1llom\u00e1ny a 2013. m\u00e1sodik negyed\u00e9v v\u00e9gi 347,1 milli\u00e1rd forintr\u00f3l 2014. m\u00e1sodik negyed\u00e9v v\u00e9g\u00e9re 374,6 milli\u00e1rd<br \/>\nforintra emelkedett. A nett\u00f3 elad\u00f3sodotts\u00e1gi r\u00e1ta 42,5 sz\u00e1zal\u00e9k volt 2014. j\u00fanius v\u00e9g\u00e9n, m\u00edg egy \u00e9vvel kor\u00e1bban 42,2 sz\u00e1zal\u00e9k.<br \/>\n    Beruh\u00e1z\u00e1sokra 33,3 milli\u00e1rd forintot k\u00f6lt\u00f6tt az idei els\u0151 f\u00e9l \u00e9vben a Telekom, szemben a 2013. els\u0151 f\u00e9l \u00e9vi 40,6 milli\u00e1rd forinttal.<br \/>\n    A t\u00e1rsas\u00e1g j\u00falius v\u00e9g\u00e9n bejelentette, hogy 2015 v\u00e9g\u00e9re 1700-zal cs\u00f6kkenti alkalmazottainak l\u00e9tsz\u00e1m\u00e1t, a hat\u00e9konys\u00e1g jav\u00edt\u00e1sa \u00e9rdek\u00e9ben. A c\u00e9g nett\u00f3 15 milli\u00e1rd forint szem\u00e9lyi jelleg\u0171 k\u00f6lts\u00e9gmegtakar\u00edt\u00e1st v\u00e1r az int\u00e9zked\u00e9st\u0151l az id\u00e9n \u00e9s j\u00f6v\u0151re, m\u00edg a v\u00e9gkiel\u00e9g\u00edt\u00e9sek 12 milli\u00e1rd forintj\u00e1ba ker\u00fclnek.<br \/>\n    A Magyar Telekom r\u00e9szv\u00e9nyeit a Budapesti \u00c9rt\u00e9kt\u0151zsde pr\u00e9mium kateg\u00f3ri\u00e1j\u00e1ban jegyzik, a pap\u00edr a szerdai keresked\u00e9st 3,7 sz\u00e1zal\u00e9kos cs\u00f6kken\u00e9ssel, 361 forinton z\u00e1rta. Az elm\u00falt egy \u00e9vben a legmagasabb \u00e1rfolyama 376, a legalacsonyabb 272 forint volt.(MTI)<\/p>\n","protected":false},"excerpt":{"rendered":"<p>A Magyar Telekom 151,8 milli\u00e1rd forint konszolid\u00e1lt \u00e1rbev\u00e9telt \u00e9s 11,58 milli\u00e1rd forint ad\u00f3zott eredm\u00e9nyt \u00e9rt el 2014 m\u00e1sodik negyed\u00e9v\u00e9ben, a bev\u00e9telek 3,3 sz\u00e1zal\u00e9kkal, a nett\u00f3 profit 5,1 sz\u00e1zal\u00e9kkal marad el a 2013 azonos id\u0151szakit\u00f3l &#8211; k\u00f6z\u00f6lte a telekommunik\u00e1ci\u00f3s v\u00e1llalat a cs\u00fct\u00f6rt\u00f6k\u00f6n.<\/p>\n","protected":false},"author":1,"featured_media":39427,"comment_status":"open","ping_status":"closed","sticky":false,"template":"","format":"standard","meta":[],"categories":[146,7,47],"tags":[],"_links":{"self":[{"href":"https:\/\/gazdasagportal.hu\/index.php\/wp-json\/wp\/v2\/posts\/41182"}],"collection":[{"href":"https:\/\/gazdasagportal.hu\/index.php\/wp-json\/wp\/v2\/posts"}],"about":[{"href":"https:\/\/gazdasagportal.hu\/index.php\/wp-json\/wp\/v2\/types\/post"}],"author":[{"embeddable":true,"href":"https:\/\/gazdasagportal.hu\/index.php\/wp-json\/wp\/v2\/users\/1"}],"replies":[{"embeddable":true,"href":"https:\/\/gazdasagportal.hu\/index.php\/wp-json\/wp\/v2\/comments?post=41182"}],"version-history":[{"count":1,"href":"https:\/\/gazdasagportal.hu\/index.php\/wp-json\/wp\/v2\/posts\/41182\/revisions"}],"predecessor-version":[{"id":41183,"href":"https:\/\/gazdasagportal.hu\/index.php\/wp-json\/wp\/v2\/posts\/41182\/revisions\/41183"}],"wp:featuredmedia":[{"embeddable":true,"href":"https:\/\/gazdasagportal.hu\/index.php\/wp-json\/wp\/v2\/media\/39427"}],"wp:attachment":[{"href":"https:\/\/gazdasagportal.hu\/index.php\/wp-json\/wp\/v2\/media?parent=41182"}],"wp:term":[{"taxonomy":"category","embeddable":true,"href":"https:\/\/gazdasagportal.hu\/index.php\/wp-json\/wp\/v2\/categories?post=41182"},{"taxonomy":"post_tag","embeddable":true,"href":"https:\/\/gazdasagportal.hu\/index.php\/wp-json\/wp\/v2\/tags?post=41182"}],"curies":[{"name":"wp","href":"https:\/\/api.w.org\/{rel}","templated":true}]}}