{"id":41172,"date":"2014-08-07T04:29:52","date_gmt":"2014-08-07T02:29:52","guid":{"rendered":"http:\/\/stockportal.hu\/?p=41172"},"modified":"2014-08-06T22:10:57","modified_gmt":"2014-08-06T20:10:57","slug":"devizahitelek-a-kormany-levelet-kuld-az-ekb-nak","status":"publish","type":"post","link":"https:\/\/gazdasagportal.hu\/index.php\/devizahitelek-a-kormany-levelet-kuld-az-ekb-nak\/","title":{"rendered":"Devizahitelek &#8211; A korm\u00e1ny levelet k\u00fcld az EKB-nak"},"content":{"rendered":"<p><strong>A magyar korm\u00e1ny a j\u00f6v\u0151 h\u00e9ten levelet k\u00fcld az Eur\u00f3pai K\u00f6zponti Banknak (EKB) kedden k\u00f6zz\u00e9tett korm\u00e1nyz\u00f3tan\u00e1csi v\u00e9lem\u00e9ny\u00e9re v\u00e1laszul &#8211; k\u00f6z\u00f6lte az Igazs\u00e1g\u00fcgyi Miniszt\u00e9rium (IM) szerd\u00e1n az MTI-vel.<\/strong><!--more--><br \/>\n<div class=\"ads-in-post1\"><div id=\"gazdasagportal.hu_fullbanner_wideboard\"><\/div>\r\n<\/div>\n<p>    Jelenleg a dokumentum pontos tartalm\u00e1r\u00f3l folynak a t\u00e1rcak\u00f6zi egyeztet\u00e9sek &#8211; \u00edrta az igazs\u00e1g\u00fcgyi t\u00e1rca hozz\u00e1t\u00e9ve: amint elk\u00e9sz\u00fcl a v\u00e1lasz, azt teljes eg\u00e9sz\u00e9ben ismertetni fogj\u00e1k a sajt\u00f3val.<br \/>\n    Az EKB j\u00falius 28-ai keltez\u00e9s\u0171, a honlapj\u00e1n augusztus 5-\u00e9n k\u00f6zz\u00e9tett korm\u00e1nyz\u00f3tan\u00e1csi v\u00e9lem\u00e9nye szerint a magyar hat\u00f3s\u00e1gok megszegt\u00e9k az EKB-val val\u00f3 konzult\u00e1ci\u00f3s k\u00f6telezetts\u00e9g\u00fcket a devizahitelesek megseg\u00edt\u00e9s\u00e9t c\u00e9lz\u00f3 t\u00f6rv\u00e9ny elfogad\u00e1sa sor\u00e1n.<br \/>\n    Felid\u00e9zt\u00e9k, hogy az EKB j\u00fanius 27-\u00e9n felk\u00e9r\u00e9st kapott a magyar Nemzetgazdas\u00e1gi Miniszt\u00e9riumt\u00f3l arra, hogy alkosson v\u00e9lem\u00e9nyt &#8222;a fogyaszt\u00f3i k\u00f6lcs\u00f6nszerz\u0151d\u00e9sekre vonatkoz\u00f3 egyes int\u00e9zked\u00e9sekre vonatkoz\u00f3 t\u00f6rv\u00e9nyjavaslatr\u00f3l&#8221;.<br \/>\n    A t\u00f6rv\u00e9nyjavaslathoz k\u00e9s\u0151bb sz\u00e1mos m\u00f3dos\u00edt\u00f3 ind\u00edtv\u00e1nyt ny\u00fajtottak be a magyar Orsz\u00e1ggy\u0171l\u00e9shez, amelyek egyik\u00e9t sem k\u00fcldt\u00e9k meg az EKB-nak, \u00e9s a parlament j\u00falius 4-\u00e9n elfogadta a t\u00f6rv\u00e9nyjavaslatot. \u00cdgy az Orsz\u00e1ggy\u0171l\u00e9snek nem volt lehet\u0151s\u00e9ge arra, hogy a jogalkot\u00e1s el\u0151tt figyelembe vegye az EKB \u00e1ll\u00e1spontj\u00e1t, az elfogadott t\u00f6rv\u00e9ny pedig l\u00e9nyegi elt\u00e9r\u00e9seket tartalmaz a t\u00f6rv\u00e9nyjavaslathoz k\u00e9pest &#8211; \u00edrt\u00e1k.<br \/>\n    Az EKB megism\u00e9telte: alapvet\u0151 fontoss\u00e1g\u00fa, hogy \u00e9rdemi p\u00e1rbesz\u00e9det folytassanak a magyar hat\u00f3s\u00e1gok \u00e9s az \u00e9rintett szervezetek, ide\u00e9rtve az egy\u00e9b tag\u00e1llamokban l\u00e9v\u0151 \u00e9rdekelteket is.<br \/>\n    A Mario Draghi EKB-eln\u00f6k \u00e1ltal al\u00e1\u00edrt korm\u00e1nyz\u00f3tan\u00e1csi v\u00e9lem\u00e9nyben az is szerepel, hogy a bankrendszerre gyakorolt potenci\u00e1lis kedvez\u0151tlen hat\u00e1sokon t\u00falmen\u0151en nem z\u00e1rhat\u00f3 ki a magyar gazdas\u00e1gra \u00e9s a p\u00e9nz\u00fcgyi piacokra gyakorolt kedvez\u0151tlen hat\u00e1s sem.<br \/>\n    Ezt figyelembe kell venni a hitelint\u00e9zetek \u00e9s a fogyaszt\u00f3ik k\u00f6zti elsz\u00e1mol\u00e1sra, valamint a devizak\u00f6lcs\u00f6n\u00f6k forintk\u00f6lcs\u00f6nn\u00e9 t\u00f6rt\u00e9n\u0151 \u00e1talak\u00edt\u00e1s\u00e1ra vonatkoz\u00f3 tov\u00e1bbi rendelkez\u00e9sek meghat\u00e1roz\u00e1sa sor\u00e1n is &#8211; tett\u00e9k hozz\u00e1.<br \/>\n    A Fidesz szerda esti k\u00f6zlem\u00e9ny\u00e9ben azt \u00edrta: a devizahiteleseket seg\u00edt\u0151 t\u00f6rv\u00e9nycsomag nem \u00e9rinti a jegybankt\u00f6rv\u00e9nyt, \u00edgy az nem tartozik a szorosan vett egyeztet\u00e9si k\u00f6telezetts\u00e9gek k\u00f6r\u00e9be. A nagyobbik korm\u00e1nyp\u00e1rt szerint az EKB \u00e1ll\u00e1sfoglal\u00e1sa \u00fajabb nyom\u00e1sgyakorl\u00e1s, amely a k\u00fclf\u00f6ldi tulajdon\u00fa anyabankokt\u00f3l ered.<br \/>\n    A Fidesz arra h\u00edvta fel az EKB figyelm\u00e9t, hogy a magyar korm\u00e1ny, a Fidesz parlamenti frakci\u00f3ja, tov\u00e1bb\u00e1 a K\u00faria \u00e9s a luxemburgi b\u00edr\u00f3s\u00e1g is a devizahitelesek mellett \u00e1ll.(MTI)<\/p>\n","protected":false},"excerpt":{"rendered":"<p>A magyar korm\u00e1ny a j\u00f6v\u0151 h\u00e9ten levelet k\u00fcld az Eur\u00f3pai K\u00f6zponti Banknak (EKB) kedden k\u00f6zz\u00e9tett korm\u00e1nyz\u00f3tan\u00e1csi v\u00e9lem\u00e9ny\u00e9re v\u00e1laszul &#8211; k\u00f6z\u00f6lte az Igazs\u00e1g\u00fcgyi Miniszt\u00e9rium (IM) szerd\u00e1n az MTI-vel.<\/p>\n","protected":false},"author":1,"featured_media":20064,"comment_status":"open","ping_status":"closed","sticky":false,"template":"","format":"standard","meta":[],"categories":[146,19,112],"tags":[],"_links":{"self":[{"href":"https:\/\/gazdasagportal.hu\/index.php\/wp-json\/wp\/v2\/posts\/41172"}],"collection":[{"href":"https:\/\/gazdasagportal.hu\/index.php\/wp-json\/wp\/v2\/posts"}],"about":[{"href":"https:\/\/gazdasagportal.hu\/index.php\/wp-json\/wp\/v2\/types\/post"}],"author":[{"embeddable":true,"href":"https:\/\/gazdasagportal.hu\/index.php\/wp-json\/wp\/v2\/users\/1"}],"replies":[{"embeddable":true,"href":"https:\/\/gazdasagportal.hu\/index.php\/wp-json\/wp\/v2\/comments?post=41172"}],"version-history":[{"count":1,"href":"https:\/\/gazdasagportal.hu\/index.php\/wp-json\/wp\/v2\/posts\/41172\/revisions"}],"predecessor-version":[{"id":41173,"href":"https:\/\/gazdasagportal.hu\/index.php\/wp-json\/wp\/v2\/posts\/41172\/revisions\/41173"}],"wp:featuredmedia":[{"embeddable":true,"href":"https:\/\/gazdasagportal.hu\/index.php\/wp-json\/wp\/v2\/media\/20064"}],"wp:attachment":[{"href":"https:\/\/gazdasagportal.hu\/index.php\/wp-json\/wp\/v2\/media?parent=41172"}],"wp:term":[{"taxonomy":"category","embeddable":true,"href":"https:\/\/gazdasagportal.hu\/index.php\/wp-json\/wp\/v2\/categories?post=41172"},{"taxonomy":"post_tag","embeddable":true,"href":"https:\/\/gazdasagportal.hu\/index.php\/wp-json\/wp\/v2\/tags?post=41172"}],"curies":[{"name":"wp","href":"https:\/\/api.w.org\/{rel}","templated":true}]}}