{"id":41148,"date":"2014-08-07T04:09:16","date_gmt":"2014-08-07T02:09:16","guid":{"rendered":"http:\/\/stockportal.hu\/?p=41148"},"modified":"2014-08-06T17:40:39","modified_gmt":"2014-08-06T15:40:39","slug":"vihar-lecsapott-a-vihar-debrecenre-szerda-delutan-karok","status":"publish","type":"post","link":"https:\/\/gazdasagportal.hu\/index.php\/vihar-lecsapott-a-vihar-debrecenre-szerda-delutan-karok\/","title":{"rendered":"Vihar &#8211; Lecsapott a vihar Debrecenre szerda d\u00e9lut\u00e1n, k\u00e1rok"},"content":{"rendered":"<p><strong>Lecsapott a vihar Debrecenre szerda d\u00e9lut\u00e1n: a legnagyobb k\u00e1rokat a nagy mennyis\u00e9g\u0171 csapad\u00e9k \u00e9s j\u00e9g okozta &#8211; k\u00f6z\u00f6lte a megyei katasztr\u00f3fav\u00e9delmi igazgat\u00f3s\u00e1g sz\u00f3viv\u0151je az MTI-vel.<\/strong><!--more--><br \/>\n<div class=\"ads-in-post1\"><div id=\"gazdasagportal.hu_fullbanner_wideboard\"><\/div>\r\n<\/div>\n<p>    Az MTI tud\u00f3s\u00edt\u00f3ja azt tapasztalta, hogy szinte h\u00f6mp\u00f6lyg\u00f6tt a v\u00edz Debrecen egyes ter\u00fcletein szerda d\u00e9lut\u00e1n. A belv\u00e1ros egyes ter\u00fcletein, a v\u00e1ros \u00e9szaki \u00e9s keleti r\u00e9sz\u00e9n a v\u00edz a g\u00e9pkocsik k\u00fcsz\u00f6b\u00e9ig \u00e9rt.<br \/>\n    Kelemen-Madai Petra elmondta: a debreceni, hajd\u00fab\u00f6sz\u00f6rm\u00e9nyi \u00e9s ny\u00edradonyi t\u0171zolt\u00f3k mintegy 25 helysz\u00ednen dolgoznak a megyesz\u00e9khelyen.<br \/>\n    F\u0151k\u00e9nt l\u00e9pcs\u0151h\u00e1zakb\u00f3l \u00e9s csal\u00e1di h\u00e1zak pinc\u00e9j\u00e9b\u0151l szivatty\u00fazz\u00e1k a vizet &#8211; tette hozz\u00e1.<br \/>\n    T\u00f6bb mint f\u00e9l \u00f3r\u00e1ra a 2-es villamos k\u00f6zleked\u00e9s\u00e9t is le\u00e1ll\u00edtott\u00e1k a magas v\u00edz\u00e1ll\u00e1s miatt &#8211; t\u00e1j\u00e9koztatta a helyi k\u00f6zleked\u00e9si c\u00e9g az MTI-t.<br \/>\n    A gyalogosok a Libakertben \u00e9s az \u00dajkert egyes r\u00e9szein l\u00e1bsz\u00e1rk\u00f6z\u00e9pig \u00e9r\u0151 v\u00edzben g\u00e1zoltak, a ker\u00e9kp\u00e1rral k\u00f6zleked\u0151knek pedig tengelyig \u00e9r\u0151 v\u00edzzel kellett megk\u00fczdeni\u00fck.<br \/>\n    A hirtelen lez\u00fadult nagymennyis\u00e9g\u0171 csapad\u00e9kot lassan nyelt\u00e9k el a lefoly\u00f3k, a t\u0171zolt\u00f3k jelenleg is t\u00f6bb helyen szivatty\u00fazz\u00e1k a vizet az el\u00f6nt\u00f6tt pinc\u00e9kb\u0151l, alagsori helyis\u00e9gekb\u0151l.(MTI)<\/p>\n","protected":false},"excerpt":{"rendered":"<p>Lecsapott a vihar Debrecenre szerda d\u00e9lut\u00e1n: a legnagyobb k\u00e1rokat a nagy mennyis\u00e9g\u0171 csapad\u00e9k \u00e9s j\u00e9g okozta &#8211; k\u00f6z\u00f6lte a megyei katasztr\u00f3fav\u00e9delmi igazgat\u00f3s\u00e1g sz\u00f3viv\u0151je az MTI-vel.<\/p>\n","protected":false},"author":1,"featured_media":0,"comment_status":"open","ping_status":"closed","sticky":false,"template":"","format":"standard","meta":[],"categories":[4,151],"tags":[],"_links":{"self":[{"href":"https:\/\/gazdasagportal.hu\/index.php\/wp-json\/wp\/v2\/posts\/41148"}],"collection":[{"href":"https:\/\/gazdasagportal.hu\/index.php\/wp-json\/wp\/v2\/posts"}],"about":[{"href":"https:\/\/gazdasagportal.hu\/index.php\/wp-json\/wp\/v2\/types\/post"}],"author":[{"embeddable":true,"href":"https:\/\/gazdasagportal.hu\/index.php\/wp-json\/wp\/v2\/users\/1"}],"replies":[{"embeddable":true,"href":"https:\/\/gazdasagportal.hu\/index.php\/wp-json\/wp\/v2\/comments?post=41148"}],"version-history":[{"count":1,"href":"https:\/\/gazdasagportal.hu\/index.php\/wp-json\/wp\/v2\/posts\/41148\/revisions"}],"predecessor-version":[{"id":41149,"href":"https:\/\/gazdasagportal.hu\/index.php\/wp-json\/wp\/v2\/posts\/41148\/revisions\/41149"}],"wp:attachment":[{"href":"https:\/\/gazdasagportal.hu\/index.php\/wp-json\/wp\/v2\/media?parent=41148"}],"wp:term":[{"taxonomy":"category","embeddable":true,"href":"https:\/\/gazdasagportal.hu\/index.php\/wp-json\/wp\/v2\/categories?post=41148"},{"taxonomy":"post_tag","embeddable":true,"href":"https:\/\/gazdasagportal.hu\/index.php\/wp-json\/wp\/v2\/tags?post=41148"}],"curies":[{"name":"wp","href":"https:\/\/api.w.org\/{rel}","templated":true}]}}