{"id":41140,"date":"2014-08-06T15:22:00","date_gmt":"2014-08-06T13:22:00","guid":{"rendered":"http:\/\/stockportal.hu\/?p=41140"},"modified":"2014-08-06T14:13:50","modified_gmt":"2014-08-06T12:13:50","slug":"kulfoldi-sajto-magyarorszagrol-a-hospodarske-noviny-a-lukoil-kutakrol-a-die-welt-az-erpatakon-tortentekrol","status":"publish","type":"post","link":"https:\/\/gazdasagportal.hu\/index.php\/kulfoldi-sajto-magyarorszagrol-a-hospodarske-noviny-a-lukoil-kutakrol-a-die-welt-az-erpatakon-tortentekrol\/","title":{"rendered":"K\u00fclf\u00f6ldi sajt\u00f3 Magyarorsz\u00e1gr\u00f3l &#8211; A Hospod\u00e1rsk\u00e9 Noviny a Lukoil-kutakr\u00f3l, a Die Welt az \u00c9rpatakon t\u00f6rt\u00e9ntekr\u0151l"},"content":{"rendered":"<p><strong>T\u00f6bb szerdai \u00edr\u00e1s\u00e1ban is foglalkozott Magyarorsz\u00e1ggal a Hospod\u00e1rsk\u00e9 Noviny (HN) c\u00edm\u0171 szlov\u00e1k gazdas\u00e1gi-k\u00f6z\u00e9leti napilap, amely b\u0151vebben a Lukoil szlov\u00e1kiai benzink\u00fath\u00e1l\u00f3zat\u00e1nak a magyarorsz\u00e1gi sz\u00e9khely\u0171 Norm Benzink\u00fat Kft. \u00e1ltali megv\u00e1s\u00e1rl\u00e1s\u00e1r\u00f3l cikkezett.<\/strong><!--more--><br \/>\n<div class=\"ads-in-post1\"><div id=\"gazdasagportal.hu_fullbanner_wideboard\"><\/div>\r\n<\/div>\n<p>\u00a0\u00a0\u00a0\u00a0Budapestnek m\u00e1r eddig is nagy r\u00e1hat\u00e1sa volt a szlov\u00e1k \u00fczemanyagpiacra, s ez a befoly\u00e1s most tov\u00e1bb n\u0151 &#8211; \u00edrta &#8222;Magyarok terjeszkednek a szlov\u00e1k benzinpiacon&#8221; c\u00edmmel a HN, amely szerint a Lukoil 19 benzink\u00fatj\u00e1nak a Norm Benzink\u00fat Kft. \u00e1ltali \u00e1tv\u00e9tele ut\u00e1n &#8222;magyar c\u00e9gek birtokolj\u00e1k majd a szlov\u00e1kiai benzinkutak csaknem harmad\u00e1t&#8221;. Szlov\u00e1ki\u00e1ban csaknem kilencsz\u00e1z benzinkutat \u00fczemeltetnek k\u00fcl\u00f6nb\u00f6z\u0151 c\u00e9gek, jelenleg a legnagyobb piaci r\u00e9szesed\u00e9se 212 k\u00fattal a Mol szlov\u00e1kiai l\u00e1nyv\u00e1llalat\u00e1nak, a Slovnaftnak van, a Lukoil 19 k\u00fatj\u00e1val a piac viszonylag sz\u0171k szegmens\u00e9t jelenti &#8211; der\u00fcl ki ugyanakkor a HN \u00e1ltal \u00f6sszes\u00edtett adatokb\u00f3l.<br \/>\n\u00a0\u00a0\u00a0\u00a0A m\u00e9rt\u00e9kad\u00f3 szlov\u00e1k gazdas\u00e1gi lap megjegyzi: b\u00e1r &#8222;az \u00faj orosz-magyar \u00fczlet&#8221; h\u00e1ttere hom\u00e1lyos, \u00e9s a Mol tagadja, hogy k\u00f6ze lenne a Norm Benzink\u00fathoz, a vg.hu port\u00e1l szerint m\u00e9gis a Mol lehet a Norm Benzink\u00fat m\u00f6g\u00f6tt. Hozz\u00e1teszi: egy ilyen megold\u00e1st a Mol r\u00e9sz\u00e9r\u0151l azok az agg\u00e1lyok is indokolhatn\u00e1nak, hogy a szlov\u00e1k piacon val\u00f3 terjeszked\u00e9s\u00fck eset\u00e9n aligha ker\u00fclhetn\u00e9k el a szlov\u00e1k monopolellenes hivatal ellen\u0151rz\u00e9s\u00e9t.<br \/>\n\u00a0\u00a0\u00a0\u00a0A HN egy kapcsol\u00f3d\u00f3 \u00edr\u00e1s\u00e1ban azt \u00edrta, hogy a Mol az osztr\u00e1k OMV-vel k\u00fczd a r\u00e9gi\u00f3 olajipari piac\u00e1\u00e9rt, s ennek egyik konkr\u00e9t p\u00e9ld\u00e1ja az az \u00e9les vita, amely a Pozsonyt Schwechattal \u00f6sszek\u00f6t\u0151 &#8211; a Csall\u00f3k\u00f6z alatt tervezett &#8211; k\u0151olajvezet\u00e9k meg\u00e9p\u00edt\u00e9se k\u00f6r\u00fcl alakult ki. Ezt a k\u0151olajvezet\u00e9ket az osztr\u00e1kok akarj\u00e1k, mivel azon kereszt\u00fcl hozz\u00e1juthatn\u00e1nak az olcs\u00f3bb orosz k\u0151olajhoz, \u00e9s a szlov\u00e1k korm\u00e1ny is akarn\u00e1 azt, mivel a vezet\u00e9k b\u00e9rbead\u00e1s\u00e1val t\u00f6bbletbev\u00e9telhez jutna, ugyanakkor a Mol, \u00e9rthet\u0151 megfontol\u00e1sb\u00f3l, versenyel\u0151nye elveszt\u00e9s\u00e9t\u0151l tartva, harcol ellene &#8211; \u00edrta a HN.<br \/>\nhttp:\/\/hn.hnonline.sk\/ekonomika-a-firmy-117\/slovensky-trh-s-benzinom-ovladnu-madari-626401<br \/>\n\u00a0\u00a0\u00a0\u00a0A Lukoil h\u00e1l\u00f3zat\u00e1nak megv\u00e1s\u00e1rl\u00e1sa \u00fcgy\u00e9ben egy \u00e9les hangv\u00e9tel\u0171, &#8222;Nem vagyunk olyanok, mint Orb\u00e1n&#8221; c\u00edm\u0171 komment\u00e1rt is k\u00f6z\u00f6lt a HN. Ennek \u00edr\u00f3ja lesz\u00f6gezi: a paksi atomer\u0151m\u0171 orosz milli\u00e1rdok\u00e9rt val\u00f3 b\u0151v\u00edt\u00e9sekor m\u00e9g sokan azt hihett\u00e9k, hogy a d\u00f6nt\u00e9s csup\u00e1n &#8222;az uni\u00f3val \u00e1tmenetileg \u00f6sszeveszett politikus truccol\u00e1sa&#8221;, most azonban, hogy a Mol csup\u00e1n p\u00e1r nappal az orosz olajiparral szembeni uni\u00f3s szankci\u00f3k j\u00f3v\u00e1hagy\u00e1sa ut\u00e1n nagy \u00fczletet \u00fct\u00f6tt ny\u00e9lbe a Lukoillal, v\u00e9glegesen megmutatkozott: &#8222;Orb\u00e1n nem takargatja, hogy szorosabb kapcsolatot \u00e1pol a Kremllel, mint Eur\u00f3p\u00e1val&#8221;.<br \/>\n\u00a0\u00a0\u00a0\u00a0Mint megjegyzi, Orb\u00e1n er\u0151s\u00f6d\u0151 sz\u00f6vets\u00e9g\u00e9nek Putyin Oroszorsz\u00e1g\u00e1val figyelmeztet\u00e9snek kellene lennie a szlov\u00e1kok sz\u00e1m\u00e1ra, annak alapj\u00e1n egy\u00e9rtelm\u0171en ki kellene nyilv\u00e1n\u00edtaniuk, hogy &#8222;nem olyanok, mint Orb\u00e1n&#8221; \u00e9s egy esetleges hidegh\u00e1bor\u00fa eset\u00e9n a barik\u00e1dnak nem azon az oldal\u00e1n fognak \u00e1llni, mint a kommunista rezsim buk\u00e1sa el\u0151tt, m\u00e9g akkor sem, &#8222;ha a keleti \u00e9s a d\u00e9li hat\u00e1ron is \u00faj vasf\u00fcgg\u00f6ny n\u0151ne&#8221;.<br \/>\nhttp:\/\/komentare.hnonline.sk\/komentare-hn-152\/nie-sme-ako-orban-626394<br \/>\n\u00a0\u00a0\u00a0\u00a0A Die Welt c\u00edm\u0171 konzervat\u00edv n\u00e9met lap az \u00e9rpataki b\u00e1buakaszt\u00e1sr\u00f3l k\u00f6z\u00f6lt \u00edr\u00e1st online kiad\u00e1s\u00e1ban. &#8222;Netanjahu-kiv\u00e9gz\u00e9st rendez a jobbikos politikus&#8221; c\u00edm\u0171 cikk\u00e9ben a szerz\u0151, Boris K\u00e1lnoky kiemelte, hogy &#8222;az antiszemita usz\u00edt\u00e1s nem ritkas\u00e1g a Jobbik r\u00e9sz\u00e9r\u0151l&#8221;. Hozz\u00e1tette: a Magyarorsz\u00e1gr\u00f3l sz\u00f3l\u00f3 h\u00edrek &#8222;n\u00e9ha rossz karikat\u00far\u00e1nak t\u0171nnek&#8221;, amelyeken egy &#8222;fasisztoid, antiszemita, kicsi, de nagyhang\u00fa \u00e9s \u00e1ltal\u00e1ban v\u00e9ve kiss\u00e9 nevets\u00e9ges&#8221; orsz\u00e1g k\u00e9pe bontakozik ki. Ez a be\u00e1ll\u00edt\u00e1s &#8222;olykor igazs\u00e1gtalan&#8221;, n\u00e9ha viszont az az oka, hogy &#8222;a dolgok itt-ott val\u00f3ban \u00edgy \u00e1llnak, vagy m\u00e9g rosszabbul&#8221; &#8211; \u00edrta a Die Welt szerz\u0151je.<br \/>\n\u00a0\u00a0\u00a0\u00a0Az \u00e9rpataki b\u00e1buakaszt\u00e1s r\u00e9szleteit ismertetve \u00fagy v\u00e9lekedett, hogy az akci\u00f3 az \u0151szi \u00f6nkorm\u00e1nyzati v\u00e1laszt\u00e1sokra vonatkoz\u00f3 &#8222;hideg sz\u00e1m\u00edt\u00e1s&#8221; eredm\u00e9nye, s az egyik oka az lehet, hogy a Jobbik pr\u00f3b\u00e1lja megtartani azokat az aktivist\u00e1kat, akik a differenci\u00e1lt politikusi megnyilv\u00e1nul\u00e1sok helyett ink\u00e1bb &#8222;a zsid\u00f3k \u00e9s rom\u00e1k elleni vaskos kisz\u00f3l\u00e1sokat&#8221; kedvelik, \u00e9s az ut\u00f3bbi id\u0151ben mutatott &#8222;pihe-puha&#8221;, visszafogott arculat miatt elhagyt\u00e1k a p\u00e1rtot.<br \/>\nhttp:\/\/www.welt.de\/politik\/ausland\/article130919886\/Jobbik-Politiker-inszeniert-Netanjahus-Hinrichtung.htm<\/p>\n","protected":false},"excerpt":{"rendered":"<p>T\u00f6bb szerdai \u00edr\u00e1s\u00e1ban is foglalkozott Magyarorsz\u00e1ggal a Hospod\u00e1rsk\u00e9 Noviny (HN) c\u00edm\u0171 szlov\u00e1k gazdas\u00e1gi-k\u00f6z\u00e9leti napilap, amely b\u0151vebben a Lukoil szlov\u00e1kiai benzink\u00fath\u00e1l\u00f3zat\u00e1nak a magyarorsz\u00e1gi sz\u00e9khely\u0171 Norm Benzink\u00fat Kft. \u00e1ltali megv\u00e1s\u00e1rl\u00e1s\u00e1r\u00f3l cikkezett.<\/p>\n","protected":false},"author":1,"featured_media":0,"comment_status":"open","ping_status":"closed","sticky":false,"template":"","format":"standard","meta":[],"categories":[19],"tags":[],"_links":{"self":[{"href":"https:\/\/gazdasagportal.hu\/index.php\/wp-json\/wp\/v2\/posts\/41140"}],"collection":[{"href":"https:\/\/gazdasagportal.hu\/index.php\/wp-json\/wp\/v2\/posts"}],"about":[{"href":"https:\/\/gazdasagportal.hu\/index.php\/wp-json\/wp\/v2\/types\/post"}],"author":[{"embeddable":true,"href":"https:\/\/gazdasagportal.hu\/index.php\/wp-json\/wp\/v2\/users\/1"}],"replies":[{"embeddable":true,"href":"https:\/\/gazdasagportal.hu\/index.php\/wp-json\/wp\/v2\/comments?post=41140"}],"version-history":[{"count":1,"href":"https:\/\/gazdasagportal.hu\/index.php\/wp-json\/wp\/v2\/posts\/41140\/revisions"}],"predecessor-version":[{"id":41141,"href":"https:\/\/gazdasagportal.hu\/index.php\/wp-json\/wp\/v2\/posts\/41140\/revisions\/41141"}],"wp:attachment":[{"href":"https:\/\/gazdasagportal.hu\/index.php\/wp-json\/wp\/v2\/media?parent=41140"}],"wp:term":[{"taxonomy":"category","embeddable":true,"href":"https:\/\/gazdasagportal.hu\/index.php\/wp-json\/wp\/v2\/categories?post=41140"},{"taxonomy":"post_tag","embeddable":true,"href":"https:\/\/gazdasagportal.hu\/index.php\/wp-json\/wp\/v2\/tags?post=41140"}],"curies":[{"name":"wp","href":"https:\/\/api.w.org\/{rel}","templated":true}]}}