{"id":41136,"date":"2014-08-06T14:16:00","date_gmt":"2014-08-06T12:16:00","guid":{"rendered":"http:\/\/stockportal.hu\/?p=41136"},"modified":"2014-08-06T14:09:27","modified_gmt":"2014-08-06T12:09:27","slug":"a-graboplast-nyilvanos-tarsasagga-alakul","status":"publish","type":"post","link":"https:\/\/gazdasagportal.hu\/index.php\/a-graboplast-nyilvanos-tarsasagga-alakul\/","title":{"rendered":"A Graboplast nyilv\u00e1nos t\u00e1rsas\u00e1gg\u00e1 alakul"},"content":{"rendered":"<p><strong>A t\u00e1rsas\u00e1g nyilv\u00e1nos r\u00e9szv\u00e9nyt\u00e1rsas\u00e1gg\u00e1 (nyrt.) alak\u00edt\u00e1s\u00e1r\u00f3l d\u00f6nt\u00f6ttek a Graboplast Zrt. tulajdonosai, de egyel\u0151re nem biztos, hogy bevezetik-e a t\u0151zsd\u00e9re a gy\u0151ri sz\u00e9khely\u0171 t\u00e1rsas\u00e1g pap\u00edrjait &#8211; k\u00f6z\u00f6lte az esetleges t\u0151zsdei bevezet\u00e9s el\u0151k\u00e9sz\u00edt\u00e9ssel megb\u00edzott Equilor Befektet\u00e9si Zrt. kommunik\u00e1ci\u00f3s \u00fcgyn\u00f6ks\u00e9ge szerd\u00e1n az MTI-vel.<\/strong><!--more--><\/p>\n<p>\u00a0\u00a0\u00a0\u00a0T\u00e1j\u00e9koztat\u00e1suk szerint leghamarabb 2014 utols\u00f3 negyed\u00e9v\u00e9ben lehet a bevezet\u00e9s, de a Graboplast menedzsmentje a t\u0151zsdei megjelen\u00e9s mellett m\u00e1s, egyidej\u0171 forr\u00e1sbevon\u00e1si lehet\u0151s\u00e9geket is vizsg\u00e1l, \u00edgy m\u00e9g nem tekinthet\u0151 bizonyosnak, hogy a t\u00e1rsas\u00e1g v\u00e9g\u00fcl megjelenik-e ism\u00e9t a Budapesti \u00c9rt\u00e9kt\u0151zsd\u00e9n.<br \/>\n\u00a0\u00a0\u00a0\u00a0J\u00falius k\u00f6zep\u00e9n, sajt\u00f3t\u00e1j\u00e9koztat\u00f3n besz\u00e9lt arr\u00f3l Jancs\u00f3 P\u00e9ter eln\u00f6k-vez\u00e9rigazgat\u00f3, hogy visszat\u00e9rhet a Graboplast a Budapesti \u00c9rt\u00e9kt\u0151zsd\u00e9re, mivel azt fontolgatja, hogy a Tatab\u00e1ny\u00e1n megval\u00f3sul\u00f3 6 milli\u00e1rd 285 milli\u00f3 forintos beruh\u00e1z\u00e1s\u00e1hoz sz\u00fcks\u00e9ges p\u00e9nz egy r\u00e9sz\u00e9t t\u0151zsd\u00e9n kereszt\u00fcl teremti el\u0151.<br \/>\n\u00a0\u00a0\u00a0\u00a0A k\u00f6zlem\u00e9ny szerint a j\u00f6v\u0151re megval\u00f3sul\u00f3 tatab\u00e1nyai beruh\u00e1z\u00e1s\u00e1hoz, amelynek eredm\u00e9nyek\u00e9nt eddigi term\u00e9kpalett\u00e1j\u00e1ban nem szerepl\u0151 padl\u00f3burkol\u00f3kat \u00e1ll\u00edthatnak el\u0151, 1,6 milli\u00e1rd forint vissza nem t\u00e9r\u00edtend\u0151 t\u00e1mogat\u00e1st nyert a t\u00e1rsas\u00e1g, amely 4,2 milli\u00e1rdos forr\u00e1sbevon\u00e1st tervez az \u0151sz folyam\u00e1n.<br \/>\n\u00a0\u00a0\u00a0\u00a0Jelezt\u00e9k, a hi\u00e1nyz\u00f3 r\u00e9sz el\u0151teremt\u00e9s\u00e9re k\u00fclf\u00f6ldi befektet\u00e9si, valamint magyar befektet\u00e9si- \u00e9s kock\u00e1zati t\u0151kealappal is t\u00e1rgyalnak.<br \/>\n\u00a0\u00a0\u00a0\u00a0K\u00f6zl\u00e9s\u00fck szerint az Equilor Befektet\u00e9si Zrt. m\u00e1r elkezdett dolgozni a Graboplast esetleges t\u0151zsdei megjelen\u00e9s\u00e9vel kapcsolatos feladatokon, amelyek t\u00f6bb h\u00f3napot vehetnek ig\u00e9nybe, \u00e1m egy t\u0151zsdei megjelen\u00e9s f\u00fcgg az \u00e9ppen aktu\u00e1lis t\u0151zsdei kl\u00edm\u00e1t\u00f3l is.<br \/>\n\u00a0\u00a0\u00a0\u00a0Az MTI \u00e9rdekl\u0151d\u00e9s\u00e9re &#8211; konkr\u00e9tumok eml\u00edt\u00e9se n\u00e9lk\u00fcl &#8211; azt jelezt\u00e9k: amennyiben a Graboplast tulajdonosai meghozz\u00e1k v\u00e9gleges d\u00f6nt\u00e9s\u00fcket, a nyilv\u00e1nos r\u00e9szv\u00e9nyt\u00e1rsas\u00e1gg\u00e1 alakul\u00e1shoz is t\u00f6bb \u00fajabb k\u00f6zgy\u0171l\u00e9si d\u00f6nt\u00e9s sz\u00fcks\u00e9ges.<br \/>\n\u00a0\u00a0\u00a0\u00a0A Graboplast a m\u00falt \u00e9vet 16,9 milli\u00e1rd forintos \u00e1rbev\u00e9tellel z\u00e1rta, ebb\u0151l 15,5 milli\u00e1rd volt a 80 orsz\u00e1gb\u00f3l sz\u00e1rmazott export bev\u00e9tel. Az \u00fczemi eredm\u00e9nye 1,23 milli\u00e1rd, m\u00edg az ad\u00f3zott eredm\u00e9nye 650 milli\u00f3 forintot tett ki. Alkalmazottainak sz\u00e1ma 550.(mti)<\/p>\n","protected":false},"excerpt":{"rendered":"<p>A t\u00e1rsas\u00e1g nyilv\u00e1nos r\u00e9szv\u00e9nyt\u00e1rsas\u00e1gg\u00e1 (nyrt.) alak\u00edt\u00e1s\u00e1r\u00f3l d\u00f6nt\u00f6ttek a Graboplast Zrt. tulajdonosai, de egyel\u0151re nem biztos, hogy bevezetik-e a t\u0151zsd\u00e9re a gy\u0151ri sz\u00e9khely\u0171 t\u00e1rsas\u00e1g pap\u00edrjait &#8211; k\u00f6z\u00f6lte az esetleges t\u0151zsdei bevezet\u00e9s el\u0151k\u00e9sz\u00edt\u00e9ssel megb\u00edzott Equilor Befektet\u00e9si Zrt. kommunik\u00e1ci\u00f3s \u00fcgyn\u00f6ks\u00e9ge szerd\u00e1n az MTI-vel.<\/p>\n","protected":false},"author":1,"featured_media":0,"comment_status":"open","ping_status":"closed","sticky":false,"template":"","format":"standard","meta":[],"categories":[19],"tags":[],"_links":{"self":[{"href":"https:\/\/gazdasagportal.hu\/index.php\/wp-json\/wp\/v2\/posts\/41136"}],"collection":[{"href":"https:\/\/gazdasagportal.hu\/index.php\/wp-json\/wp\/v2\/posts"}],"about":[{"href":"https:\/\/gazdasagportal.hu\/index.php\/wp-json\/wp\/v2\/types\/post"}],"author":[{"embeddable":true,"href":"https:\/\/gazdasagportal.hu\/index.php\/wp-json\/wp\/v2\/users\/1"}],"replies":[{"embeddable":true,"href":"https:\/\/gazdasagportal.hu\/index.php\/wp-json\/wp\/v2\/comments?post=41136"}],"version-history":[{"count":1,"href":"https:\/\/gazdasagportal.hu\/index.php\/wp-json\/wp\/v2\/posts\/41136\/revisions"}],"predecessor-version":[{"id":41137,"href":"https:\/\/gazdasagportal.hu\/index.php\/wp-json\/wp\/v2\/posts\/41136\/revisions\/41137"}],"wp:attachment":[{"href":"https:\/\/gazdasagportal.hu\/index.php\/wp-json\/wp\/v2\/media?parent=41136"}],"wp:term":[{"taxonomy":"category","embeddable":true,"href":"https:\/\/gazdasagportal.hu\/index.php\/wp-json\/wp\/v2\/categories?post=41136"},{"taxonomy":"post_tag","embeddable":true,"href":"https:\/\/gazdasagportal.hu\/index.php\/wp-json\/wp\/v2\/tags?post=41136"}],"curies":[{"name":"wp","href":"https:\/\/api.w.org\/{rel}","templated":true}]}}