{"id":41069,"date":"2014-08-05T15:41:00","date_gmt":"2014-08-05T13:41:00","guid":{"rendered":"http:\/\/stockportal.hu\/?p=41069"},"modified":"2014-08-05T15:17:09","modified_gmt":"2014-08-05T13:17:09","slug":"ukran-valsag-luhanszk-a-humanitarius-katasztrofa-szelen-se-aram-se-viz-elelmiszer-es-gyogyszerhiany","status":"publish","type":"post","link":"https:\/\/gazdasagportal.hu\/index.php\/ukran-valsag-luhanszk-a-humanitarius-katasztrofa-szelen-se-aram-se-viz-elelmiszer-es-gyogyszerhiany\/","title":{"rendered":"Ukr\u00e1n v\u00e1ls\u00e1g &#8211; Luhanszk a humanit\u00e1rius katasztr\u00f3fa sz\u00e9l\u00e9n: se \u00e1ram, se v\u00edz, \u00e9lelmiszer- \u00e9s gy\u00f3gyszerhi\u00e1ny"},"content":{"rendered":"<p><strong>A harcok s\u00fajtotta kelet-ukrajnai Luhanszk v\u00e1rosa a humanit\u00e1rius katasztr\u00f3fa sz\u00e9l\u00e9re sodr\u00f3dott: napok \u00f3ta nincs \u00e1ram \u00e9s vezet\u00e9kes v\u00edz a megyek\u00f6zpont jelent\u0151s r\u00e9sz\u00e9ben, sz\u00fcnetel a szem\u00e9tsz\u00e1ll\u00edt\u00e1s, nem m\u0171k\u00f6dnek sem a vezet\u00e9kes, sem a mobiltelefonok, az internet sem \u00e9rhet\u0151 el.<\/strong><!--more--><br \/>\n<div class=\"ads-in-post1\"><div id=\"gazdasagportal.hu_fullbanner_wideboard\"><\/div>\r\n<\/div>\n<p>\u00a0\u00a0\u00a0\u00a0A v\u00e1rosi tan\u00e1cs keddi k\u00f6zl\u00e9se szerint t\u00f6bb ker\u00fcletben m\u00e1r egy hete nincs \u00e1ram. Az \u00e1ramsz\u00fcnet miatt a v\u00edzszivatty\u00fak sem m\u0171k\u00f6dnek, \u00edgy t\u00f6bb ker\u00fcletben nincs vezet\u00e9kes v\u00edz sem. A rendk\u00edv\u00fcl fesz\u00fclt helyzetben kl\u00f3rt sem sz\u00e1ll\u00edtanak egy ideje Luhanszkba, \u00edgy a csapv\u00edz egyre szennyezettebb\u00e9 v\u00e1lik, fogyaszt\u00e1sa egyre vesz\u00e9lyesebb a lakosok eg\u00e9szs\u00e9g\u00e9re.<br \/>\n\u00a0\u00a0\u00a0\u00a0A s\u00e9r\u00fclt \u00e1rameloszt\u00f3kat \u00e9s vezet\u00e9keket a szakemberek az ukr\u00e1n fegyveres er\u0151k \u00e9s a szeparatist\u00e1k k\u00f6z\u00f6tt sz\u0171nni nem akar\u00f3 harcok miatt nem tudj\u00e1k megk\u00f6zel\u00edteni, hogy kijav\u00edts\u00e1k a meghib\u00e1sod\u00e1sokat. R\u00e1ad\u00e1sul alkatr\u00e9szekre, \u00faj berendez\u00e9sekre \u00e9s a szerel\u00e9sekhez sz\u00fcks\u00e9ges eszk\u00f6z\u00f6kre lenne sz\u00fcks\u00e9g\u00fck a v\u00e1ros \u00e9let\u00e9t legink\u00e1bb nehez\u00edt\u0151 \u00e1ramhi\u00e1ny megsz\u00fcntet\u00e9se \u00e9rdek\u00e9ben, ezeknek a v\u00e1rosba sz\u00e1ll\u00edt\u00e1sa azonban a harcok miatt lehetetlen.<br \/>\n\u00a0\u00a0\u00a0\u00a0A luhanszki v\u00e1rosvezet\u00e9s a legalapvet\u0151bb kommun\u00e1lis szolg\u00e1ltat\u00e1sok biztos\u00edt\u00e1s\u00e1ra sem k\u00e9pes. Megs\u00e9r\u00fcltek a szem\u00e9tsz\u00e1ll\u00edt\u00f3 j\u00e1rm\u0171vek, emiatt sz\u00fcnetel a szem\u00e9tsz\u00e1ll\u00edt\u00e1s is a ny\u00e1ri h\u0151s\u00e9gben, ami \u00f6kol\u00f3giai katasztr\u00f3f\u00e1val fenyeget.<br \/>\n\u00a0\u00a0\u00a0\u00a0A v\u00e1rosi tan\u00e1cs k\u00f6zl\u00e9se szerint a csaknem f\u00e9lmilli\u00f3s nagyv\u00e1ros lak\u00f3inak t\u00f6bb mint fele, mintegy 250 ezren &#8211; f\u0151k\u00e9nt id\u0151sek \u00e9s kisgyermekes csal\u00e1dok &#8211; nem tudj\u00e1k elhagyni a telep\u00fcl\u00e9st, mert vagy nincs r\u00e1 p\u00e9nz\u00fck, vagy nincs hov\u00e1 menni\u00fck. K\u00e9nytelenek ez\u00e9rt az \u00e1lland\u00f3 fegyveres \u00f6sszet\u0171z\u00e9sek k\u00f6zepette a v\u00e1rosban maradni, ahol a boltokban m\u00e1r fogyt\u00e1n vannak az \u00e9lelmiszerk\u00e9szletek. S\u00falyos gondot jelent a gy\u00f3gyszerhi\u00e1ny \u00e9s az, hogy m\u00e1r csak kev\u00e9s patika m\u0171k\u00f6dik a v\u00e1rosban.<br \/>\n\u00a0\u00a0\u00a0\u00a0A harcok miatt megs\u00e9r\u00fclt civil lakosokat ell\u00e1t\u00f3 n\u00e9gy k\u00f3rh\u00e1z \u00e9p\u00fclete r\u00e9szben beomlott, h\u00e1rom rendel\u0151int\u00e9zetben is s\u00falyos k\u00e1rok keletkeztek.<br \/>\n\u00a0\u00a0\u00a0\u00a0A kijevi korm\u00e1ny az el\u0151z\u0151 napon felsz\u00f3l\u00edtotta a keleti orsz\u00e1gr\u00e9sz lakoss\u00e1g\u00e1t, hogy hagyja el a szakad\u00e1rok kez\u00e9n l\u00e9v\u0151 telep\u00fcl\u00e9seket. H\u00e9tf\u0151n a Kijev \u00e1ltal terrorellenesnek nevezett hadm\u0171velet parancsnoks\u00e1ga humanit\u00e1rius folyos\u00f3kat jel\u00f6lt ki, ezeken az \u00fatvonalakon a civil lakosok elhagyhatj\u00e1k a harcok s\u00fajtotta Donyeck, Horlivka \u00e9s Luhanszk telep\u00fcl\u00e9seket. Felsz\u00f3l\u00edtotta a szeparatist\u00e1kat, hogy sz\u00fcntess\u00e9k be a t\u00fczet a kijel\u00f6lt \u00fatvonalon.<br \/>\n\u00a0\u00a0\u00a0\u00a0&#8222;A nemzetk\u00f6zi jog szerint a harci cselekm\u00e9nyek \u00f6vezet\u00e9ben humanit\u00e1rius folyos\u00f3t kell nyitni, amelyen a civilek biztons\u00e1gos helyre menek\u00fclhetnek&#8221; &#8211; magyar\u00e1zta a terrorellenes m\u0171velet sajt\u00f3oszt\u00e1lya.<br \/>\n\u00a0\u00a0\u00a0\u00a0A folyos\u00f3 mindk\u00e9t oldal\u00e1n 200-200 m\u00e9ter sz\u00e9less\u00e9gben be kell sz\u00fcntetni a harci cselekm\u00e9nyeket minden nap 10.00 \u00e9s 14.00 \u00f3ra k\u00f6z\u00f6tt.<br \/>\n\u00a0\u00a0\u00a0\u00a0&#8222;Azok, akik megs\u00e9rtik a polg\u00e1ri szem\u00e9lyekkel kapcsolatos nemzetk\u00f6zi jogi norm\u00e1kat, h\u00e1bor\u00fas b\u0171n\u00f6s\u00f6knek tekintend\u0151k&#8221; &#8211; sz\u00f6gezte le k\u00f6zlem\u00e9ny\u00e9ben a terrorellenes m\u0171velet parancsnoks\u00e1ga.(mti)<\/p>\n","protected":false},"excerpt":{"rendered":"<p>A harcok s\u00fajtotta kelet-ukrajnai Luhanszk v\u00e1rosa a humanit\u00e1rius katasztr\u00f3fa sz\u00e9l\u00e9re sodr\u00f3dott: napok \u00f3ta nincs \u00e1ram \u00e9s vezet\u00e9kes v\u00edz a megyek\u00f6zpont jelent\u0151s r\u00e9sz\u00e9ben, sz\u00fcnetel a szem\u00e9tsz\u00e1ll\u00edt\u00e1s, nem m\u0171k\u00f6dnek sem a vezet\u00e9kes, sem a mobiltelefonok, az internet sem \u00e9rhet\u0151 el.<\/p>\n","protected":false},"author":1,"featured_media":0,"comment_status":"open","ping_status":"closed","sticky":false,"template":"","format":"standard","meta":[],"categories":[139],"tags":[],"_links":{"self":[{"href":"https:\/\/gazdasagportal.hu\/index.php\/wp-json\/wp\/v2\/posts\/41069"}],"collection":[{"href":"https:\/\/gazdasagportal.hu\/index.php\/wp-json\/wp\/v2\/posts"}],"about":[{"href":"https:\/\/gazdasagportal.hu\/index.php\/wp-json\/wp\/v2\/types\/post"}],"author":[{"embeddable":true,"href":"https:\/\/gazdasagportal.hu\/index.php\/wp-json\/wp\/v2\/users\/1"}],"replies":[{"embeddable":true,"href":"https:\/\/gazdasagportal.hu\/index.php\/wp-json\/wp\/v2\/comments?post=41069"}],"version-history":[{"count":1,"href":"https:\/\/gazdasagportal.hu\/index.php\/wp-json\/wp\/v2\/posts\/41069\/revisions"}],"predecessor-version":[{"id":41070,"href":"https:\/\/gazdasagportal.hu\/index.php\/wp-json\/wp\/v2\/posts\/41069\/revisions\/41070"}],"wp:attachment":[{"href":"https:\/\/gazdasagportal.hu\/index.php\/wp-json\/wp\/v2\/media?parent=41069"}],"wp:term":[{"taxonomy":"category","embeddable":true,"href":"https:\/\/gazdasagportal.hu\/index.php\/wp-json\/wp\/v2\/categories?post=41069"},{"taxonomy":"post_tag","embeddable":true,"href":"https:\/\/gazdasagportal.hu\/index.php\/wp-json\/wp\/v2\/tags?post=41069"}],"curies":[{"name":"wp","href":"https:\/\/api.w.org\/{rel}","templated":true}]}}