{"id":41067,"date":"2014-08-05T15:13:10","date_gmt":"2014-08-05T13:13:10","guid":{"rendered":"http:\/\/stockportal.hu\/?p=41067"},"modified":"2014-08-05T15:13:10","modified_gmt":"2014-08-05T13:13:10","slug":"orban-beszed-lengyel-hetilap-leegyszerusitik-orban-viktor-tusnadfurdoi-beszedet","status":"publish","type":"post","link":"https:\/\/gazdasagportal.hu\/index.php\/orban-beszed-lengyel-hetilap-leegyszerusitik-orban-viktor-tusnadfurdoi-beszedet\/","title":{"rendered":"Orb\u00e1n-besz\u00e9d &#8211; Lengyel hetilap: leegyszer\u0171s\u00edtik Orb\u00e1n Viktor tusn\u00e1df\u00fcrd\u0151i besz\u00e9d\u00e9t"},"content":{"rendered":"<p><strong>Orb\u00e1n Viktor tusn\u00e1df\u00fcrd\u0151i besz\u00e9d\u00e9nek visszhangj\u00e1val, a besz\u00e9d mondanival\u00f3j\u00e1nak egyes lengyel \u00e9s nemzetk\u00f6zi sajt\u00f3org\u00e1numok has\u00e1bjain megfigyelhet\u0151 &#8222;kir\u00edv\u00f3 leegyszer\u0171s\u00edt\u00e9s\u00e9vel&#8221; foglalkozik keddi komment\u00e1rj\u00e1ban egy jobboldali lengyel hetilap Magyarorsz\u00e1ggal rendszeresen foglalkoz\u00f3 szerkeszt\u0151je.<\/strong><br \/>\n<strong>\u00a0\u00a0\u00a0\u00a0Grzegorz G\u00f3rny cikke a w Sieci c\u00edm\u0171 k\u00f6z\u00e9leti hetilap wPolityce.pl h\u00edrport\u00e1lj\u00e1n jelent meg, amely f\u00e9lmilli\u00f3nyi olvas\u00f3k\u00f6z\u00f6ns\u00e9g\u00e9vel a legolvasottabb lengyel konzervat\u00edv f\u00f3rumnak sz\u00e1m\u00edt.<\/strong><!--more--><br \/>\n<div class=\"ads-in-post1\"><div id=\"gazdasagportal.hu_fullbanner_wideboard\"><\/div>\r\n<\/div>\n<p>\u00a0\u00a0\u00a0\u00a0A szerz\u0151 \u00fagy l\u00e1tja: t\u00f6bbsz\u00f6r el\u0151fordult, hogy Orb\u00e1n Viktor besz\u00e9deit elferd\u00edtve adt\u00e1k vissza a lengyel, illetve angol ford\u00edt\u00e1sok. Az elm\u00falt napokban a lengyel sajt\u00f3 a tusn\u00e1df\u00fcrd\u0151i besz\u00e9d mondanival\u00f3j\u00e1t is \u00fagy t\u00e1lalta, mintha Magyarorsz\u00e1g sz\u00e1m\u00e1ra Oroszorsz\u00e1g lenne a p\u00e9ldak\u00e9p. \u00a0\u00a0\u00a0\u00a0G\u00f3rny hangs\u00falyozza: Orb\u00e1n besz\u00e9de &#8211; a ny\u00e1ri di\u00e1kt\u00e1bor jelleg\u00e9b\u0151l ad\u00f3d\u00f3an &#8211; l\u00e9nyeg\u00e9ben &#8222;akad\u00e9mikus&#8221; el\u0151ad\u00e1s volt, amely a jelenleg v\u00e9gbemen\u0151 civiliz\u00e1ci\u00f3s v\u00e1ltoz\u00e1sokat taglalta. \u00dagy v\u00e9li, hogy a nem liber\u00e1lis berendezked\u00e9s\u0171 keleti \u00e1llamok \u2013 p\u00e9ld\u00e1ul Szingap\u00far, K\u00edna, India, T\u00f6r\u00f6korsz\u00e1g vagy Oroszorsz\u00e1g \u2013 tapasztalatait ezen v\u00e1ltoz\u00e1sok kontextus\u00e1ban eml\u00edtette a magyar minisztereln\u00f6k. Ezzel azokra a ma versenyk\u00e9pes \u00e1llami k\u00f6z\u00f6ss\u00e9gekre akarta felh\u00edvni a figyelmet, amelyek a liber\u00e1lis demokr\u00e1cia jelenlegi v\u00e1ls\u00e1g\u00e1nak korszak\u00e1ban alternat\u00edvak\u00e9nt jelennek meg &#8211; \u00edrja. \u00a0\u00a0\u00a0\u00a0G\u00f3rny szerint a tusn\u00e1df\u00fcrd\u0151i besz\u00e9dnek &#8222;arra az egyetlen \u00e1ll\u00edt\u00e1sra val\u00f3 reduk\u00e1l\u00e1sa, hogy Budapestnek Moszkv\u00e1t kell mintak\u00e9p\u00fcl venni, kir\u00edv\u00f3 leegyszer\u0171s\u00edt\u00e9s, s\u0151t manipul\u00e1ci\u00f3&#8221;. A besz\u00e9d f\u0151 mondanival\u00f3ja szerinte teljesen m\u00e1s. &#8222;Elj\u00f6tt az ideje egy \u00faj \u00e1llamformul\u00e1r\u00f3l val\u00f3 gondolkod\u00e1snak \u00e9s keres\u00e9snek, Magyarosz\u00e1gnak saj\u00e1t \u00fatj\u00e1n kell haladnia, nem gondolkod\u00e1s n\u00e9lk\u00fcl k\u00f6vetni azokat a m\u00f3dszereket, amelyek m\u00e1shol nem v\u00e1ltak be&#8221; &#8211; \u00edrja. \u00a0\u00a0\u00a0\u00a0A besz\u00e9d eddigi leegyszer\u0171s\u00edt\u0151 lengyelorsz\u00e1gi sajt\u00f3visszhangj\u00e1ra utalva G\u00f3rny meg\u00e1llap\u00edtja: &#8222;Orb\u00e1nnal egyet\u00e9rthet\u00fcnk vagy sem, el\u0151sz\u00f6r azonban \u00e9rdemes alaposabban megismerni val\u00f3di n\u00e9zeteit&#8221;.(mti)<br \/>\n http:\/\/wpolityce.pl\/polityka\/207956-gorny-dlaczego-orban-wieszczy-koniec-ery-liberalnej-demokracji-czy-rosja-stanowi-wzor-dla-wegier<\/p>\n","protected":false},"excerpt":{"rendered":"<p>Orb\u00e1n Viktor tusn\u00e1df\u00fcrd\u0151i besz\u00e9d\u00e9nek visszhangj\u00e1val, a besz\u00e9d mondanival\u00f3j\u00e1nak egyes lengyel \u00e9s nemzetk\u00f6zi sajt\u00f3org\u00e1numok has\u00e1bjain megfigyelhet\u0151 &#8222;kir\u00edv\u00f3 leegyszer\u0171s\u00edt\u00e9s\u00e9vel&#8221; foglalkozik keddi komment\u00e1rj\u00e1ban egy jobboldali lengyel hetilap Magyarorsz\u00e1ggal rendszeresen foglalkoz\u00f3 szerkeszt\u0151je. \u00a0\u00a0\u00a0\u00a0Grzegorz G\u00f3rny cikke a w Sieci c\u00edm\u0171 k\u00f6z\u00e9leti hetilap wPolityce.pl h\u00edrport\u00e1lj\u00e1n jelent meg, amely f\u00e9lmilli\u00f3nyi olvas\u00f3k\u00f6z\u00f6ns\u00e9g\u00e9vel a legolvasottabb lengyel konzervat\u00edv f\u00f3rumnak sz\u00e1m\u00edt.<\/p>\n","protected":false},"author":1,"featured_media":0,"comment_status":"open","ping_status":"closed","sticky":false,"template":"","format":"standard","meta":[],"categories":[18],"tags":[],"_links":{"self":[{"href":"https:\/\/gazdasagportal.hu\/index.php\/wp-json\/wp\/v2\/posts\/41067"}],"collection":[{"href":"https:\/\/gazdasagportal.hu\/index.php\/wp-json\/wp\/v2\/posts"}],"about":[{"href":"https:\/\/gazdasagportal.hu\/index.php\/wp-json\/wp\/v2\/types\/post"}],"author":[{"embeddable":true,"href":"https:\/\/gazdasagportal.hu\/index.php\/wp-json\/wp\/v2\/users\/1"}],"replies":[{"embeddable":true,"href":"https:\/\/gazdasagportal.hu\/index.php\/wp-json\/wp\/v2\/comments?post=41067"}],"version-history":[{"count":1,"href":"https:\/\/gazdasagportal.hu\/index.php\/wp-json\/wp\/v2\/posts\/41067\/revisions"}],"predecessor-version":[{"id":41068,"href":"https:\/\/gazdasagportal.hu\/index.php\/wp-json\/wp\/v2\/posts\/41067\/revisions\/41068"}],"wp:attachment":[{"href":"https:\/\/gazdasagportal.hu\/index.php\/wp-json\/wp\/v2\/media?parent=41067"}],"wp:term":[{"taxonomy":"category","embeddable":true,"href":"https:\/\/gazdasagportal.hu\/index.php\/wp-json\/wp\/v2\/categories?post=41067"},{"taxonomy":"post_tag","embeddable":true,"href":"https:\/\/gazdasagportal.hu\/index.php\/wp-json\/wp\/v2\/tags?post=41067"}],"curies":[{"name":"wp","href":"https:\/\/api.w.org\/{rel}","templated":true}]}}