{"id":41061,"date":"2014-08-05T12:19:00","date_gmt":"2014-08-05T10:19:00","guid":{"rendered":"http:\/\/stockportal.hu\/?p=41061"},"modified":"2014-08-05T11:21:49","modified_gmt":"2014-08-05T09:21:49","slug":"ukran-valsag-brusszel-az-orosz-ukran-gazartargyalasok-felujitasat-javasolja","status":"publish","type":"post","link":"https:\/\/gazdasagportal.hu\/index.php\/ukran-valsag-brusszel-az-orosz-ukran-gazartargyalasok-felujitasat-javasolja\/","title":{"rendered":"Ukr\u00e1n v\u00e1ls\u00e1g &#8211; Br\u00fcsszel az orosz-ukr\u00e1n g\u00e1z\u00e1rt\u00e1rgyal\u00e1sok fel\u00faj\u00edt\u00e1s\u00e1t javasolja"},"content":{"rendered":"<p><strong>Az Eur\u00f3pai Bizotts\u00e1g az uni\u00f3s k\u00f6zvet\u00edt\u00e9ssel elkezdett orosz-ukr\u00e1n g\u00e1z\u00e1rt\u00e1rgyal\u00e1sok fel\u00faj\u00edt\u00e1s\u00e1t javasolja &#8211; \u00edrta kedden a Frankfurter Allgemeine Zeitung.<\/strong><!--more--><br \/>\n<div class=\"ads-in-post1\"><div id=\"gazdasagportal.hu_fullbanner_wideboard\"><\/div>\r\n<\/div>\n<p>\u00a0\u00a0\u00a0\u00a0G\u00fcnther Oettinger energia\u00fcgyi biztos a n\u00e9met lapnak elmondta, hogy augusztus v\u00e9g\u00e9n Moszkv\u00e1ba l\u00e1togat, ahol tal\u00e1lkozik Alekszandr Novak orosz energia\u00fcgyi miniszterrel \u00e9s Alekszej Millerrel, a Gazprom orosz \u00e1llami energetikai c\u00e9g vez\u00e9rigazgat\u00f3j\u00e1val, \u00e9s javasolja a j\u00faniusban megfeneklett t\u00e1rgyal\u00e1si folyamat \u00fajraind\u00edt\u00e1s\u00e1t.<br \/>\n\u00a0\u00a0\u00a0\u00a0Az uni\u00f3s biztos hangs\u00falyozta, hogy az Ukrajn\u00e1nak sz\u00e1nt orosz f\u00f6ldg\u00e1zsz\u00e1ll\u00edt\u00e1sok mihamarabbi fel\u00faj\u00edt\u00e1s\u00e1hoz \u00e1tmeneti megold\u00e1st kell kidolgozni arra az id\u0151re, am\u00edg tart a kor\u00e1bbi sz\u00e1ll\u00edt\u00e1sok k\u00f6r\u00fcli elsz\u00e1mol\u00e1si vita rendez\u00e9se.<br \/>\n\u00a0\u00a0\u00a0\u00a0Hozz\u00e1tette: az EU a bizalom er\u0151s\u00edt\u00e9se c\u00e9lj\u00e1b\u00f3l \u0151sszel szak\u00e9rt\u0151ket k\u00fcldhet annak pontos meg\u00e1llap\u00edt\u00e1s\u00e1ra, hogy mennyi f\u00f6ldg\u00e1z \u00e9rkezik Oroszorsz\u00e1gb\u00f3l Ukrajn\u00e1ba, \u00e9s mennyi g\u00e1z \u00e9rkezik Ukrajn\u00e1b\u00f3l az EU-ba. A m\u00e9r\u00e9si adatok r\u00e9v\u00e9n megel\u0151zhet\u0151 mindenfajta vissza\u00e9l\u00e9s, vagy hamis \u00e1ll\u00edt\u00e1s &#8211; mondta G\u00fcnther Oettinger.<br \/>\n\u00a0\u00a0\u00a0\u00a0Az \u00fagynevezett ford\u00edtott ir\u00e1ny\u00fa f\u00f6ldg\u00e1zsz\u00e1ll\u00edt\u00e1sokr\u00f3l megjegyezte: bizonyos aggodalom \u00e9l azzal kapcsolatban, hogy az orosz f\u00e9l megpr\u00f3b\u00e1lhatja megnehez\u00edteni az EU-b\u00f3l Ukrajn\u00e1ba ir\u00e1nyul\u00f3 f\u00f6ldg\u00e1zsz\u00e1ll\u00edt\u00e1st.<br \/>\n\u00a0\u00a0\u00a0\u00a0A Gazprom sz\u00e1m\u00edt\u00e1sai szerint Ukrajna 5,296 milli\u00e1rd doll\u00e1rral tartozik az eddig lesz\u00e1ll\u00edtott f\u00f6ldg\u00e1z\u00e9rt. A c\u00e9g a rendezetlen sz\u00e1ml\u00e1k miatt \u00fagy d\u00f6nt\u00f6tt, hogy Ukrajn\u00e1nak el\u0151re kell fizetnie az import\u00e9rt, az orosz f\u00e9l \u00e1ltal meg\u00e1llap\u00edtott \u00e1r m\u00e9lt\u00e1nyoss\u00e1g\u00e1t vitat\u00f3 Kijev azonban nem teljes\u00edtette ezt a felt\u00e9telt, ez\u00e9rt a Gazprom j\u00fanius k\u00f6zep\u00e9n le\u00e1ll\u00edtotta a g\u00e1zsz\u00e1ll\u00edt\u00e1st Ukrajn\u00e1nak.<br \/>\n\u00a0\u00a0\u00a0\u00a0Az int\u00e9zked\u00e9s nem \u00e9rintette az Ukrajn\u00e1n \u00e1t Eur\u00f3p\u00e1ba ir\u00e1nyul\u00f3 orosz sz\u00e1ll\u00edt\u00e1sokat, az orosz exportban az\u00f3ta sincs fennakad\u00e1s.<br \/>\n\u00a0\u00a0\u00a0\u00a0Alekszej Miller j\u00fanius v\u00e9g\u00e9n bejelentette, hogy a Gazprom figyelemmel k\u00eds\u00e9ri a f\u00f6ldg\u00e1z ford\u00edtott ir\u00e1ny\u00fa sz\u00e1ll\u00edt\u00e1s\u00e1t, \u00e9s korl\u00e1toz\u00e1sokat vezethet be azokkal az eur\u00f3pai c\u00e9gekkel szemben, amelyek Ukrajn\u00e1nak juttatj\u00e1k el az Oroszorsz\u00e1gb\u00f3l sz\u00e1rmaz\u00f3 f\u00f6ldg\u00e1zt.<\/p>\n","protected":false},"excerpt":{"rendered":"<p>Az Eur\u00f3pai Bizotts\u00e1g az uni\u00f3s k\u00f6zvet\u00edt\u00e9ssel elkezdett orosz-ukr\u00e1n g\u00e1z\u00e1rt\u00e1rgyal\u00e1sok fel\u00faj\u00edt\u00e1s\u00e1t javasolja &#8211; \u00edrta kedden a Frankfurter Allgemeine Zeitung.<\/p>\n","protected":false},"author":1,"featured_media":0,"comment_status":"open","ping_status":"closed","sticky":false,"template":"","format":"standard","meta":[],"categories":[139],"tags":[],"_links":{"self":[{"href":"https:\/\/gazdasagportal.hu\/index.php\/wp-json\/wp\/v2\/posts\/41061"}],"collection":[{"href":"https:\/\/gazdasagportal.hu\/index.php\/wp-json\/wp\/v2\/posts"}],"about":[{"href":"https:\/\/gazdasagportal.hu\/index.php\/wp-json\/wp\/v2\/types\/post"}],"author":[{"embeddable":true,"href":"https:\/\/gazdasagportal.hu\/index.php\/wp-json\/wp\/v2\/users\/1"}],"replies":[{"embeddable":true,"href":"https:\/\/gazdasagportal.hu\/index.php\/wp-json\/wp\/v2\/comments?post=41061"}],"version-history":[{"count":1,"href":"https:\/\/gazdasagportal.hu\/index.php\/wp-json\/wp\/v2\/posts\/41061\/revisions"}],"predecessor-version":[{"id":41062,"href":"https:\/\/gazdasagportal.hu\/index.php\/wp-json\/wp\/v2\/posts\/41061\/revisions\/41062"}],"wp:attachment":[{"href":"https:\/\/gazdasagportal.hu\/index.php\/wp-json\/wp\/v2\/media?parent=41061"}],"wp:term":[{"taxonomy":"category","embeddable":true,"href":"https:\/\/gazdasagportal.hu\/index.php\/wp-json\/wp\/v2\/categories?post=41061"},{"taxonomy":"post_tag","embeddable":true,"href":"https:\/\/gazdasagportal.hu\/index.php\/wp-json\/wp\/v2\/tags?post=41061"}],"curies":[{"name":"wp","href":"https:\/\/api.w.org\/{rel}","templated":true}]}}