{"id":41050,"date":"2014-08-05T09:47:29","date_gmt":"2014-08-05T07:47:29","guid":{"rendered":"http:\/\/stockportal.hu\/?p=41050"},"modified":"2014-08-05T09:34:48","modified_gmt":"2014-08-05T07:34:48","slug":"gazai-konfliktus-megkezdodott-a-72-oras-tuzszunet","status":"publish","type":"post","link":"https:\/\/gazdasagportal.hu\/index.php\/gazai-konfliktus-megkezdodott-a-72-oras-tuzszunet\/","title":{"rendered":"G\u00e1zai konfliktus \u2013 Megkezd\u0151d\u00f6tt a 72 \u00f3r\u00e1s t\u0171zsz\u00fcnet"},"content":{"rendered":"<p><strong>Helyi id\u0151 szerint kedden reggel nyolckor megkezd\u0151d\u00f6tt az egyiptomi k\u00f6zvet\u00edt\u00e9ssel l\u00e9trehozott 72 \u00f3r\u00e1s t\u0171zsz\u00fcnet a G\u00e1zai \u00f6vezet palesztin frakci\u00f3i \u00e9s Izrael k\u00f6z\u00f6tt &#8211; k\u00f6z\u00f6lte az izraeli m\u00e9dia.<\/strong><!--more--><br \/>\n<div class=\"ads-in-post1\"><div id=\"gazdasagportal.hu_fullbanner_wideboard\"><\/div>\r\n<\/div>\n<p>    A tizes t\u00e9v\u00e9csatorna h\u00edrad\u00e1sa szerint egy \u00f6t perc alatt huszon\u00f6t rak\u00e9t\u00e1b\u00f3l \u00e1ll\u00f3, az orsz\u00e1g d\u00e9li \u00e9s k\u00f6z\u00e9ps\u0151 r\u00e9sze ellen ind\u00edtott rak\u00e9tasorozat el\u0151zte meg a t\u0171zsz\u00fcnet \u00e9letbe l\u00e9p\u00e9s\u00e9t, amire Izrael \u00e1gy\u00fat\u0171zzel v\u00e1laszolt.<br \/>\n    Az izraeli hadsereg a fegyvernyugv\u00e1s el\u0151tt kivonta sz\u00e1razf\u00f6ldi egys\u00e9geit a G\u00e1zai \u00f6vezetb\u0151l. Peter Lerner katonai sz\u00f3viv\u0151 k\u00f6z\u00f6lte: a hadsereg a g\u00e1zai hadm\u0171velet sor\u00e1n harminck\u00e9t alagutat robbantott fel, amelyeket a Ham\u00e1sz sz\u00e9ls\u0151s\u00e9ges palesztin szervezet az\u00e9rt \u00e1sott a f\u00f6ld al\u00e1, hogy azokon kereszt\u00fcl Izrael ter\u00fclet\u00e9re hatolva t\u00e1mad\u00e1sokat hajtson v\u00e9gre.<br \/>\n    Egyel\u0151re nem szerelik le a h\u00e1bor\u00fas \u201enyolcas\u201d beh\u00edv\u00f3val mozg\u00f3s\u00edtott tartal\u00e9kos katon\u00e1kat. Ezek az egys\u00e9gek a g\u00e1zai hat\u00e1r izraeli oldal\u00e1n\u00e1l \u00e1llom\u00e1soznak, de a huszonkilenc nappal ezel\u0151tt ind\u00edtott Er\u0151s Szikla hadm\u0171velet a hadsereg szempontj\u00e1b\u00f3l v\u00e9get \u00e9rt &#8211; k\u00f6z\u00f6lte egy illet\u00e9kes a Jedi\u00f3t Ahron\u00f3t c\u00edm\u0171 \u00fajs\u00e1g honlapj\u00e1n, a YNET-en.<br \/>\n    A hadj\u00e1rat hatvann\u00e9gy izraeli katona \u00e9let\u00e9t k\u00f6vetel\u0151 sz\u00e1razf\u00f6ldi inv\u00e1zi\u00f3j\u00e1t az alagutak felsz\u00e1mol\u00e1sa \u00e9rdek\u00e9ben ind\u00edtotta Jeruzs\u00e1lem. A hadsereg v\u00e9lem\u00e9nye szerint lehetnek tov\u00e1bbi, sz\u00e1m\u00e1ra ismeretlen f\u00f6ld alatti folyos\u00f3k, amelyekr\u0151l ha tudom\u00e1st szereznek, akkor azokat izraeli kij\u00e1rataikn\u00e1l fogj\u00e1k felsz\u00e1molni.<br \/>\n    A 72 \u00f3r\u00e1s fegyvernyugv\u00e1s idej\u00e9n t\u00e1rgyal\u00e1sok kezd\u0151dnek egyiptomi k\u00f6zvet\u00edt\u00e9ssel Kair\u00f3ban a hosszan tart\u00f3 t\u0171zsz\u00fcnet felt\u00e9teleir\u0151l. Kedden v\u00e1rhat\u00f3an \u00f6ssze\u00fcl a nemzetbiztons\u00e1gi kabinet a tov\u00e1bbi l\u00e9p\u00e9sek megbesz\u00e9l\u00e9se c\u00e9lj\u00e1b\u00f3l &#8211; k\u00f6z\u00f6lte a YNET.<br \/>\n    Ek\u00f6zben heves vit\u00e1k kezd\u0151dtek Izraelben a h\u00e1bor\u00fas k\u00e1rp\u00f3tl\u00e1sok \u00fcgy\u00e9ben, amelynek keret\u00e9ben az \u00fczletek tulajdonosait kompenz\u00e1lj\u00e1k elmaradt bev\u00e9teleik \u00e9s a h\u00e1bor\u00fas k\u00e1rok miatt. Kiemelt t\u00e1mogat\u00e1s illeti az \u00f6vezet hat\u00e1rait\u00f3l sz\u00e1m\u00edtott negyven kilom\u00e9teres s\u00e1vot, de ezt hatvan kilom\u00e9terre szeretn\u00e9k b\u0151v\u00edteni annak nyom\u00e1n, hogy a Ham\u00e1sz n\u00f6velte rak\u00e9t\u00e1i hat\u00f3t\u00e1vols\u00e1g\u00e1t. P\u00e9nz\u00fcgyi szempontb\u00f3l fontos k\u00e9rd\u00e9s a t\u00f6rt\u00e9ntek elnevez\u00e9se is, mert ha \u201ehadm\u0171veletnek&#8221; h\u00edvj\u00e1k, akkor az \u00fczletek tulajdonosai kevesebb k\u00e1rt\u00e9r\u00edt\u00e9st kaphatnak, ha viszont ak\u00e1r ut\u00f3lag \u201eh\u00e1bor\u00fav\u00e1\u201d min\u0151s\u00edtik \u00e1t az Er\u0151s Szikla hadj\u00e1ratot, akkor a helyi t\u00f6rv\u00e9nyek szerint komolyabb p\u00e9nz\u00fcgyi forr\u00e1sokat kell erre a c\u00e9lra \u00e1tcsoportos\u00edtania a k\u00f6lts\u00e9gvet\u00e9snek.<br \/>\n(mti)<\/p>\n","protected":false},"excerpt":{"rendered":"<p>Helyi id\u0151 szerint kedden reggel nyolckor megkezd\u0151d\u00f6tt az egyiptomi k\u00f6zvet\u00edt\u00e9ssel l\u00e9trehozott 72 \u00f3r\u00e1s t\u0171zsz\u00fcnet a G\u00e1zai \u00f6vezet palesztin frakci\u00f3i \u00e9s Izrael k\u00f6z\u00f6tt &#8211; k\u00f6z\u00f6lte az izraeli m\u00e9dia.<\/p>\n","protected":false},"author":1,"featured_media":0,"comment_status":"open","ping_status":"closed","sticky":false,"template":"","format":"standard","meta":[],"categories":[16],"tags":[],"_links":{"self":[{"href":"https:\/\/gazdasagportal.hu\/index.php\/wp-json\/wp\/v2\/posts\/41050"}],"collection":[{"href":"https:\/\/gazdasagportal.hu\/index.php\/wp-json\/wp\/v2\/posts"}],"about":[{"href":"https:\/\/gazdasagportal.hu\/index.php\/wp-json\/wp\/v2\/types\/post"}],"author":[{"embeddable":true,"href":"https:\/\/gazdasagportal.hu\/index.php\/wp-json\/wp\/v2\/users\/1"}],"replies":[{"embeddable":true,"href":"https:\/\/gazdasagportal.hu\/index.php\/wp-json\/wp\/v2\/comments?post=41050"}],"version-history":[{"count":1,"href":"https:\/\/gazdasagportal.hu\/index.php\/wp-json\/wp\/v2\/posts\/41050\/revisions"}],"predecessor-version":[{"id":41051,"href":"https:\/\/gazdasagportal.hu\/index.php\/wp-json\/wp\/v2\/posts\/41050\/revisions\/41051"}],"wp:attachment":[{"href":"https:\/\/gazdasagportal.hu\/index.php\/wp-json\/wp\/v2\/media?parent=41050"}],"wp:term":[{"taxonomy":"category","embeddable":true,"href":"https:\/\/gazdasagportal.hu\/index.php\/wp-json\/wp\/v2\/categories?post=41050"},{"taxonomy":"post_tag","embeddable":true,"href":"https:\/\/gazdasagportal.hu\/index.php\/wp-json\/wp\/v2\/tags?post=41050"}],"curies":[{"name":"wp","href":"https:\/\/api.w.org\/{rel}","templated":true}]}}