{"id":41042,"date":"2014-08-05T08:40:22","date_gmt":"2014-08-05T06:40:22","guid":{"rendered":"http:\/\/stockportal.hu\/?p=41042"},"modified":"2014-08-05T09:00:10","modified_gmt":"2014-08-05T07:00:10","slug":"az-orszag-nagy-reszen-kedden-is-sok-eso-varhato","status":"publish","type":"post","link":"https:\/\/gazdasagportal.hu\/index.php\/az-orszag-nagy-reszen-kedden-is-sok-eso-varhato\/","title":{"rendered":"Az orsz\u00e1g nagy r\u00e9sz\u00e9re ism\u00e9t figyelmeztet\u00e9st adott ki a MSZ"},"content":{"rendered":"<p><strong>Keddre, felh\u0151szakad\u00e1s miatt, az orsz\u00e1g nagy r\u00e9sz\u00e9re ism\u00e9t figyelmeztet\u00e9st adott ki a meteorol\u00f3giai szolg\u00e1lat.<\/strong><br \/>\n<!--more--><\/p>\n<div class=\"ads-in-post1\"><div id=\"gazdasagportal.hu_fullbanner_wideboard\"><\/div>\r\n<\/div>\n<p>\u00a0\u00a0\u00a0\u00a0Az Orsz\u00e1gos Meteorol\u00f3giai Szolg\u00e1lat \u00e1ltal kedd reggel az MTI-hez eljuttatott vesz\u00e9lyjelz\u00e9s szerint a felh\u0151szakad\u00e1s miatt els\u0151fok\u00fa figyelmeztet\u00e9s van \u00e9rv\u00e9nyben Baranya, B\u00e1cs-Kiskun, B\u00e9k\u00e9s, Borsod-Aba\u00faj-Zempl\u00e9n, Csongr\u00e1d, Fej\u00e9r, Hajd\u00fa-Bihar, Heves, J\u00e1sz-Nagykun-Szolnok, Kom\u00e1rom-Esztergom, N\u00f3gr\u00e1d, Szabolcs-Szatm\u00e1r-Bereg, Tolna \u00e9s Pest megy\u00e9ben, valamint Budapesten. Ezeken a ter\u00fcleteken kedden is sz\u00e1m\u00edtani lehet arra, hogy az intenz\u00edv z\u00e1porokb\u00f3l, zivatarokb\u00f3l r\u00f6vid id\u0151 alatt 25-30 millim\u00e9tern\u00e9l is t\u00f6bb csapad\u00e9k hullhat.<br \/>\n\u00a0\u00a0\u00a0\u00a0Az el\u0151rejelz\u00e9s szerint a v\u00e1ltoz\u00f3 felh\u0151zet mellett hosszabb-r\u00f6videbb id\u0151re minden\u00fctt kis\u00fct a nap. F\u0151k\u00e9nt a d\u00e9lut\u00e1ni, esti \u00f3r\u00e1kban t\u00f6bb helyen v\u00e1rhat\u00f3 z\u00e1por, zivatar, amelyet felh\u0151szakad\u00e1s, j\u00e9ges\u0151 k\u00eds\u00e9rhet. A legkisebb es\u00e9llyel a Dun\u00e1nt\u00fal nyugati \u00e9s k\u00f6z\u00e9ps\u0151 r\u00e9sz\u00e9n alakulhat ki csapad\u00e9k.<br \/>\n\u00a0\u00a0\u00a0\u00a0Napk\u00f6zben a Dun\u00e1nt\u00falon meg\u00e9l\u00e9nk\u00fcl, helyenk\u00e9nt meger\u0151s\u00f6dik, a zivatarok k\u00f6rny\u00e9k\u00e9n vihaross\u00e1 is fokoz\u00f3dhat a sz\u00e9l. A legmagasabb nappali h\u0151m\u00e9rs\u00e9klet \u00e1ltal\u00e1ban 27-32 Celsius-fok k\u00f6z\u00f6tt alakul. K\u00e9s\u0151 est\u00e9re 19-25 fok k\u00f6z\u00e9 h\u0171l a leveg\u0151.(mti)<\/p>\n","protected":false},"excerpt":{"rendered":"<p>Keddre, felh\u0151szakad\u00e1s miatt, az orsz\u00e1g nagy r\u00e9sz\u00e9re ism\u00e9t figyelmeztet\u00e9st adott ki a meteorol\u00f3giai szolg\u00e1lat.<\/p>\n","protected":false},"author":1,"featured_media":0,"comment_status":"open","ping_status":"closed","sticky":false,"template":"","format":"standard","meta":[],"categories":[4],"tags":[],"_links":{"self":[{"href":"https:\/\/gazdasagportal.hu\/index.php\/wp-json\/wp\/v2\/posts\/41042"}],"collection":[{"href":"https:\/\/gazdasagportal.hu\/index.php\/wp-json\/wp\/v2\/posts"}],"about":[{"href":"https:\/\/gazdasagportal.hu\/index.php\/wp-json\/wp\/v2\/types\/post"}],"author":[{"embeddable":true,"href":"https:\/\/gazdasagportal.hu\/index.php\/wp-json\/wp\/v2\/users\/1"}],"replies":[{"embeddable":true,"href":"https:\/\/gazdasagportal.hu\/index.php\/wp-json\/wp\/v2\/comments?post=41042"}],"version-history":[{"count":2,"href":"https:\/\/gazdasagportal.hu\/index.php\/wp-json\/wp\/v2\/posts\/41042\/revisions"}],"predecessor-version":[{"id":41047,"href":"https:\/\/gazdasagportal.hu\/index.php\/wp-json\/wp\/v2\/posts\/41042\/revisions\/41047"}],"wp:attachment":[{"href":"https:\/\/gazdasagportal.hu\/index.php\/wp-json\/wp\/v2\/media?parent=41042"}],"wp:term":[{"taxonomy":"category","embeddable":true,"href":"https:\/\/gazdasagportal.hu\/index.php\/wp-json\/wp\/v2\/categories?post=41042"},{"taxonomy":"post_tag","embeddable":true,"href":"https:\/\/gazdasagportal.hu\/index.php\/wp-json\/wp\/v2\/tags?post=41042"}],"curies":[{"name":"wp","href":"https:\/\/api.w.org\/{rel}","templated":true}]}}