{"id":41038,"date":"2014-08-05T04:01:00","date_gmt":"2014-08-05T02:01:00","guid":{"rendered":"http:\/\/stockportal.hu\/?p=41038"},"modified":"2014-08-04T22:37:15","modified_gmt":"2014-08-04T20:37:15","slug":"szakszervezetek-tiltakoztak-a-hankook-racalmasi-gyaranal","status":"publish","type":"post","link":"https:\/\/gazdasagportal.hu\/index.php\/szakszervezetek-tiltakoztak-a-hankook-racalmasi-gyaranal\/","title":{"rendered":"Szakszervezetek tiltakoztak a Hankook r\u00e1calm\u00e1si gy\u00e1r\u00e1n\u00e1l"},"content":{"rendered":"<p><strong>A Hankook Tire Magyarorsz\u00e1g Kft.-n\u00e9l tapasztalt munkav\u00e1llal\u00f3i jogtalans\u00e1gok ellen tiltakozott t\u00f6bb, orsz\u00e1gos szakszervezeti t\u00f6m\u00f6r\u00fcl\u00e9s h\u00e9tf\u0151n, a gumigy\u00e1rt\u00f3 c\u00e9g r\u00e1calm\u00e1si telephelye el\u0151tt.<\/strong><!--more--><br \/>\n<div class=\"ads-in-post1\"><div id=\"gazdasagportal.hu_fullbanner_wideboard\"><\/div>\r\n<\/div>\n<p>\u00a0\u00a0\u00a0\u00a0A demonstr\u00e1ci\u00f3n 250-300 t\u00fcntet\u0151 el\u0151tt Sz\u00e9kely Tam\u00e1s, a Magyar Vegyipari, Energiaipari \u00e9s Rokon Szakm\u00e1kban Dolgoz\u00f3k Szakszervezeti Sz\u00f6vets\u00e9ge (VDSZ) eln\u00f6ke hangs\u00falyozta: a megmozdul\u00e1s nem csak a VDSZ-hez tartoz\u00f3 Duna\u00fajv\u00e1rosi Gumigy\u00e1rt\u00f3k Szakszervezete vezet\u0151j\u00e9r\u0151l sz\u00f3l, akit jogtalanul, mondvacsin\u00e1lt okok alapj\u00e1n rendk\u00edv\u00fcli felmond\u00e1ssal kir\u00fagtak, hanem minden magyar munkav\u00e1llal\u00f3r\u00f3l. \u00d6r\u00f6m\u00e9nek adott hangot, hogy h\u00edv\u00e1sukra \u201eegyk\u00e9nt mozdultak meg\u201d a magyar szakszervezetek, mert k\u00f6z\u00f6sen \u00e9rzik jogtalannak azt, ami a gumigy\u00e1rban t\u00f6rt\u00e9nt, s nem t\u0171rhetik tov\u00e1bb a munkav\u00e1llal\u00f3i jogok s\u00e1rba tipr\u00e1s\u00e1t.<br \/>\n\u00a0\u00a0\u00a0\u00a0Jelezte, hogy \u00e1tadtak a c\u00e9g vezet\u00e9s\u00e9nek egy hosszabb t\u00e1v\u00fa t\u00e1rgyal\u00e1si tervet, amellyel c\u00e9ljuk a b\u00e9ke \u00e9s a nyugalom megteremt\u00e9se. Hozz\u00e1tette: javaslatot tettek egy t\u00e1rgyal\u00e1si koncepci\u00f3ra \u00e9s felaj\u00e1nlott\u00e1k a vezet\u0151s\u00e9gnek, jelents\u00e9k be egy\u00fctt az egyeztet\u00e9sek megkezd\u00e9s\u00e9t a szakszervezeti \u00e9s munkav\u00e1llal\u00f3i jogok betart\u00e1s\u00e1r\u00f3l, a t\u00f6rv\u00e9nytelens\u00e9gek megsz\u00fcntet\u00e9s\u00e9r\u0151l, az \u00e9rdekv\u00e9delmi munka felt\u00e9teleinek megteremt\u00e9s\u00e9r\u0151l. \u201eNem j\u00f6tt ki senki, hogy a Hankook itt \u00e9s most, a nyilv\u00e1noss\u00e1g el\u0151tt elk\u00f6telezze mag\u00e1t az egy\u00fcttm\u0171k\u00f6d\u00e9sre\u201d \u2013 fogalmazott.<br \/>\n\u00a0\u00a0\u00a0\u00a0A szakszervezeti vezet\u0151 elmondta, hogy a r\u00e1calm\u00e1si gy\u00e1rb\u00f3l egy \u00e9v alatt k\u00e9t v\u00e1lasztott tiszts\u00e9gvisel\u0151 ker\u00fclt utc\u00e1ra rendk\u00edv\u00fcli felmond\u00e1ssal, n\u00e9gy pedig maga mondott fel vagy felmondtak neki.<br \/>\n\u00a0\u00a0\u00a0\u00a0Az MTI \u00e9rdekl\u0151d\u00e9s\u00e9re a nemr\u00e9giben elbocs\u00e1tott szakszervezeti vezet\u0151, Bogn\u00e1r Istv\u00e1n elmondta, t\u00f6bb mint 8 \u00e9ve dolgozott a Hankookn\u00e1l, az els\u0151 munkav\u00e1llal\u00f3k k\u00f6z\u00f6tt \u00e9rkezett a gy\u00e1rba. Az egy\u00fcttm\u0171k\u00f6d\u00e9si k\u00f6telezetts\u00e9g elmulaszt\u00e1s\u00e1ra \u00e9s a HR f\u00e9lrevezet\u00e9s\u00e9re hivatkozva mondtak fel neki, alaptalanul \u2013 tette hozz\u00e1.<br \/>\n\u00a0\u00a0\u00a0\u00a0K\u00f6z\u00f6lte: t\u00e1j\u00e9koztatta a c\u00e9get jogi tanulm\u00e1nyair\u00f3l, fizetett szabads\u00e1got nem kapott a vizsg\u00e1ira, igazolt fizetetlen t\u00e1voll\u00e9tre elmehetett.<br \/>\n\u00a0\u00a0\u00a0\u00a0Megjegyezte: jogi l\u00e9p\u00e9seket tesz a jogellenes felmond\u00e1s ellen \u00e9s szeretn\u00e9 el\u00e9rni, hogy felmond\u00e1s\u00e1t hat\u00e1lyon k\u00edv\u00fcl helyezz\u00e9k \u00e9s visszahelyezz\u00e9k \u00e1ll\u00e1s\u00e1ba. \u201eEz a gy\u00e1r a gyerekem, ez az \u00e9letem, az els\u0151 kapav\u00e1g\u00e1s \u00f3ta itt vagyok\u201d \u2013 fogalmazott.<br \/>\n\u00a0\u00a0\u00a0\u00a0A t\u00fcntet\u00e9sen jelen volt Ikotity Istv\u00e1n, az LMP orsz\u00e1ggy\u0171l\u00e9si k\u00e9pvisel\u0151je, aki eml\u00e9keztetett arra, hogy a Fidesz 2005-ben m\u00e9g fell\u00e9pett az akkori korm\u00e1ny \u201eelk\u00e9peszt\u0151 t\u00e1mogat\u00e1sai\u201d, a k\u00f6rnyezetszennyez\u0151 technol\u00f3gi\u00e1k \u00e9s a munkav\u00e1llal\u00f3k jogainak megs\u00e9rt\u00e9se miatt. Rem\u00e9ny\u00e9t fejezte ki, hogy ezekben az \u00fcgyekben el\u0151rel\u00e9p\u00e9s lesz a j\u00f6v\u0151ben.<br \/>\n\u00a0\u00a0\u00a0\u00a0Az esem\u00e9nyen r\u00e9szt vett t\u00f6bbek k\u00f6z\u00f6tt a Magyar Szakszervezeti Sz\u00f6vets\u00e9g, a Liga Szakszervezet, az \u00c9rtelmis\u00e9gi Szakszervezet, a Munk\u00e1stan\u00e1csok \u00e9s a Dunaferr mindk\u00e9t reprezentat\u00edv szakszervezete.<br \/>\n\u00a0\u00a0\u00a0\u00a0A Hankook Tire Magyarorsz\u00e1g Kft. a t\u00fcntet\u00e9ssel kapcsolatban k\u00f6zlem\u00e9nyt adott ki. Ebben lesz\u00f6gezt\u00e9k: j\u00falius 21-i hat\u00e1llyal megsz\u00fcntett\u00e9k egyik munkav\u00e1llal\u00f3juk munkaviszony\u00e1t, aki egyben a Duna\u00fajv\u00e1rosi Gumigy\u00e1rt\u00f3k Szakszervezet\u00e9ben is vezet\u0151 poz\u00edci\u00f3t t\u00f6lt be. A felmond\u00e1s oka az volt, hogy a munkav\u00e1llal\u00f3 munk\u00e1ltat\u00f3j\u00e1t tudatosan f\u00e9lrevezette, a t\u00e1j\u00e9koztat\u00e1si \u00e9s egy\u00fcttm\u0171k\u00f6d\u00e9si k\u00f6telezetts\u00e9g\u00e9t sz\u00e1nd\u00e9kosan megszegte, val\u00f3tlan inform\u00e1ci\u00f3ra hivatkozva k\u00e9rt \u00e9s kapott enged\u00e9lyt t\u00e1volmarad\u00e1sra a munk\u00e1b\u00f3l. Val\u00f3tlan az \u00e1ll\u00edt\u00e1s, hogy jogi tanulm\u00e1nyai miatt sz\u0171nt meg a munkaviszonya \u2013 tett\u00e9k hozz\u00e1.<br \/>\n\u00a0\u00a0\u00a0\u00a0K\u00f6z\u00f6lt\u00e9k: a Hankook Tire Magyarorsz\u00e1g Kft. az esetet munka\u00fcgyi k\u00e9rd\u00e9snek tekinti, nem pedig szakszervezeti k\u00e9rd\u00e9snek, mert a felmond\u00e1s csak a munkav\u00e1llal\u00f3 munkaviszony\u00e1t \u00e9rinti, szakszervezeti poz\u00edci\u00f3j\u00e1t vagy tev\u00e9kenys\u00e9g\u00e9t nem.<br \/>\n\u00a0\u00a0\u00a0\u00a0\u201eA szakszervezet ellen indult tot\u00e1lis t\u00e1mad\u00e1s v\u00e1dj\u00e1ra reag\u00e1lva a c\u00e9g vezet\u0151s\u00e9ge kijelenti, hogy a Hankook soha nem sz\u00fcntette meg egyetlen szakszervezeti tag vagy v\u00e9dett tiszts\u00e9gvisel\u0151 munkaviszony\u00e1t sem tags\u00e1ga miatt\u201d \u2013 fogalmaztak.<br \/>\n\u00a0\u00a0\u00a0\u00a0Jelezt\u00e9k, hogy az elm\u00falt id\u0151szakban k\u00e9t esetben kezdem\u00e9nyezte a munk\u00e1ltat\u00f3 a munkaviszony megsz\u00fcntet\u00e9s\u00e9t szakszervezeti tiszts\u00e9gvisel\u0151 eset\u00e9ben. Az egyik a jelenlegi eset, a m\u00e1sik, kor\u00e1bban elbocs\u00e1tott munkav\u00e1llal\u00f3 \u00fcgye pedig v\u00e1demel\u00e9si javaslattal ker\u00fclt az \u00fcgy\u00e9szs\u00e9g el\u00e9. A t\u00f6bbi esetben a munkav\u00e1llal\u00f3k maguk kezdem\u00e9nyezt\u00e9k a felmond\u00e1st, \u00e9s k\u00f6z\u00f6s megegyez\u00e9ssel t\u00e1voztak a c\u00e9gt\u0151l.(mti)<\/p>\n","protected":false},"excerpt":{"rendered":"<p>A Hankook Tire Magyarorsz\u00e1g Kft.-n\u00e9l tapasztalt munkav\u00e1llal\u00f3i jogtalans\u00e1gok ellen tiltakozott t\u00f6bb, orsz\u00e1gos szakszervezeti t\u00f6m\u00f6r\u00fcl\u00e9s h\u00e9tf\u0151n, a gumigy\u00e1rt\u00f3 c\u00e9g r\u00e1calm\u00e1si telephelye el\u0151tt.<\/p>\n","protected":false},"author":1,"featured_media":0,"comment_status":"open","ping_status":"closed","sticky":false,"template":"","format":"standard","meta":[],"categories":[19],"tags":[],"_links":{"self":[{"href":"https:\/\/gazdasagportal.hu\/index.php\/wp-json\/wp\/v2\/posts\/41038"}],"collection":[{"href":"https:\/\/gazdasagportal.hu\/index.php\/wp-json\/wp\/v2\/posts"}],"about":[{"href":"https:\/\/gazdasagportal.hu\/index.php\/wp-json\/wp\/v2\/types\/post"}],"author":[{"embeddable":true,"href":"https:\/\/gazdasagportal.hu\/index.php\/wp-json\/wp\/v2\/users\/1"}],"replies":[{"embeddable":true,"href":"https:\/\/gazdasagportal.hu\/index.php\/wp-json\/wp\/v2\/comments?post=41038"}],"version-history":[{"count":1,"href":"https:\/\/gazdasagportal.hu\/index.php\/wp-json\/wp\/v2\/posts\/41038\/revisions"}],"predecessor-version":[{"id":41039,"href":"https:\/\/gazdasagportal.hu\/index.php\/wp-json\/wp\/v2\/posts\/41038\/revisions\/41039"}],"wp:attachment":[{"href":"https:\/\/gazdasagportal.hu\/index.php\/wp-json\/wp\/v2\/media?parent=41038"}],"wp:term":[{"taxonomy":"category","embeddable":true,"href":"https:\/\/gazdasagportal.hu\/index.php\/wp-json\/wp\/v2\/categories?post=41038"},{"taxonomy":"post_tag","embeddable":true,"href":"https:\/\/gazdasagportal.hu\/index.php\/wp-json\/wp\/v2\/tags?post=41038"}],"curies":[{"name":"wp","href":"https:\/\/api.w.org\/{rel}","templated":true}]}}