{"id":41031,"date":"2014-08-05T03:44:00","date_gmt":"2014-08-05T01:44:00","guid":{"rendered":"http:\/\/stockportal.hu\/?p=41031"},"modified":"2014-08-04T22:23:20","modified_gmt":"2014-08-04T20:23:20","slug":"diplomamento-program-a-heten-szerzodnek-a-nyelvi-intezmenyek","status":"publish","type":"post","link":"https:\/\/gazdasagportal.hu\/index.php\/diplomamento-program-a-heten-szerzodnek-a-nyelvi-intezmenyek\/","title":{"rendered":"Diplomament\u0151 program &#8211; A h\u00e9ten szerz\u0151dnek a nyelvi int\u00e9zm\u00e9nyek"},"content":{"rendered":"<p><strong>A Diplomament\u0151 program k\u00e9pz\u0151knek sz\u00f3l\u00f3 aj\u00e1nlati k\u00f6re lez\u00e1rult, az els\u0151 nyelvi k\u00e9pz\u00e9sek v\u00e1rhat\u00f3an augusztus v\u00e9g\u00e9n indulhatnak el a keret-meg\u00e1llapod\u00e1sok megk\u00f6t\u00e9s\u00e9t k\u00f6vet\u0151en &#8211; k\u00f6z\u00f6lte az Orsz\u00e1gos Foglalkoztat\u00e1si K\u00f6zhaszn\u00fa Nonprofit (OFA) Kft. \u00fcgyvezet\u0151je az MTI \u00e9rdekl\u0151d\u00e9s\u00e9re h\u00e9tf\u0151n.<\/strong><!--more--><br \/>\n<div class=\"ads-in-post1\"><div id=\"gazdasagportal.hu_fullbanner_wideboard\"><\/div>\r\n<\/div>\n<p>\u00a0\u00a0\u00a0\u00a0P\u00e1kozdi Szabolcs t\u00e1j\u00e9koztat\u00e1sa szerint 43 nyelvi k\u00e9pz\u00e9st folytat\u00f3 feln\u0151ttk\u00e9pz\u00e9si int\u00e9zm\u00e9ny seg\u00edts\u00e9g\u00e9vel 82 helysz\u00ednen fog megval\u00f3sulni a program. A tervek szerint a programban 13 730-an vehetnek majd r\u00e9szt, k\u00f6z\u00fcl\u00fck angolt 9968-an, n\u00e9metet 3488-an, franci\u00e1t pedig 274-en tanulhatnak.<br \/>\n\u00a0\u00a0\u00a0\u00a0Ismertet\u00e9se szerint a h\u00e9ten megkezd\u0151dik a keret-meg\u00e1llapod\u00e1sok megk\u00f6t\u00e9se a feln\u0151ttk\u00e9pz\u00e9si int\u00e9zm\u00e9nyekkel, majd a h\u00f3nap v\u00e9g\u00e9n a tervek szerint elindulhatnak az els\u0151 k\u00e9pz\u00e9sek. Ezt megel\u0151z\u0151en valamennyi r\u00e9sztvev\u0151 e-mailben \u00e9rtes\u00edt\u00e9st kap arr\u00f3l, hogy mikort\u00f3l jelentkezhet az adott \u00f3rasz\u00e1m\u00fa \u00e9s nyelv\u0171 k\u00e9pz\u00e9sekre, amit a szintfelm\u00e9r\u0151k meg\u00edr\u00e1sa k\u00f6vet. A kiv\u00e1lasztott tanfolyam indul\u00e1s\u00e1nak tervezett id\u0151pontj\u00e1r\u00f3l, intenzit\u00e1s\u00e1r\u00f3l m\u00e1r a k\u00e9pz\u00e9sre t\u00f6rt\u00e9n\u0151 jelentkez\u00e9skor inform\u00e1ci\u00f3t kap a p\u00e1ly\u00e1z\u00f3 &#8211; k\u00f6z\u00f6lte P\u00e1kozdi Szabolcs.<br \/>\n\u00a0\u00a0\u00a0\u00a0A janu\u00e1r 22-\u00e9n bejelentett Diplomament\u0151 programmal a korm\u00e1ny annak a mintegy 10 ezer fiatalnak a nyelvtanul\u00e1s\u00e1t t\u00e1mogatja, akik m\u00e1r le\u00e1llamvizsg\u00e1ztak, nincs hallgat\u00f3i jogviszonyuk, de a nyelvvizsga m\u00e9g hi\u00e1nyzik a diplom\u00e1jukhoz. Erre 3 milli\u00e1rd forintos forr\u00e1s \u00e1ll rendelkez\u00e9sre. Nincs korhat\u00e1r \u00e9s \u00e1llampolg\u00e1rs\u00e1g megk\u00f6t\u00e9s sem.(mti)<\/p>\n","protected":false},"excerpt":{"rendered":"<p>A Diplomament\u0151 program k\u00e9pz\u0151knek sz\u00f3l\u00f3 aj\u00e1nlati k\u00f6re lez\u00e1rult, az els\u0151 nyelvi k\u00e9pz\u00e9sek v\u00e1rhat\u00f3an augusztus v\u00e9g\u00e9n indulhatnak el a keret-meg\u00e1llapod\u00e1sok megk\u00f6t\u00e9s\u00e9t k\u00f6vet\u0151en &#8211; k\u00f6z\u00f6lte az Orsz\u00e1gos Foglalkoztat\u00e1si K\u00f6zhaszn\u00fa Nonprofit (OFA) Kft. \u00fcgyvezet\u0151je az MTI \u00e9rdekl\u0151d\u00e9s\u00e9re h\u00e9tf\u0151n.<\/p>\n","protected":false},"author":1,"featured_media":0,"comment_status":"open","ping_status":"closed","sticky":false,"template":"","format":"standard","meta":[],"categories":[19],"tags":[],"_links":{"self":[{"href":"https:\/\/gazdasagportal.hu\/index.php\/wp-json\/wp\/v2\/posts\/41031"}],"collection":[{"href":"https:\/\/gazdasagportal.hu\/index.php\/wp-json\/wp\/v2\/posts"}],"about":[{"href":"https:\/\/gazdasagportal.hu\/index.php\/wp-json\/wp\/v2\/types\/post"}],"author":[{"embeddable":true,"href":"https:\/\/gazdasagportal.hu\/index.php\/wp-json\/wp\/v2\/users\/1"}],"replies":[{"embeddable":true,"href":"https:\/\/gazdasagportal.hu\/index.php\/wp-json\/wp\/v2\/comments?post=41031"}],"version-history":[{"count":1,"href":"https:\/\/gazdasagportal.hu\/index.php\/wp-json\/wp\/v2\/posts\/41031\/revisions"}],"predecessor-version":[{"id":41032,"href":"https:\/\/gazdasagportal.hu\/index.php\/wp-json\/wp\/v2\/posts\/41031\/revisions\/41032"}],"wp:attachment":[{"href":"https:\/\/gazdasagportal.hu\/index.php\/wp-json\/wp\/v2\/media?parent=41031"}],"wp:term":[{"taxonomy":"category","embeddable":true,"href":"https:\/\/gazdasagportal.hu\/index.php\/wp-json\/wp\/v2\/categories?post=41031"},{"taxonomy":"post_tag","embeddable":true,"href":"https:\/\/gazdasagportal.hu\/index.php\/wp-json\/wp\/v2\/tags?post=41031"}],"curies":[{"name":"wp","href":"https:\/\/api.w.org\/{rel}","templated":true}]}}