{"id":41027,"date":"2014-08-04T19:52:00","date_gmt":"2014-08-04T17:52:00","guid":{"rendered":"http:\/\/stockportal.hu\/?p=41027"},"modified":"2014-08-04T17:13:28","modified_gmt":"2014-08-04T15:13:28","slug":"az-orosz-importtilalom-miatt-karosult-lengyel-termelok-az-osszel-kaphatnak-unios-karteritest","status":"publish","type":"post","link":"https:\/\/gazdasagportal.hu\/index.php\/az-orosz-importtilalom-miatt-karosult-lengyel-termelok-az-osszel-kaphatnak-unios-karteritest\/","title":{"rendered":"Az orosz importtilalom miatt k\u00e1rosult lengyel termel\u0151k az \u0151sszel kaphatnak uni\u00f3s k\u00e1rt\u00e9r\u00edt\u00e9st"},"content":{"rendered":"<p><strong>Leghamarabb szeptemberben kaphatnak uni\u00f3s k\u00e1rt\u00e9r\u00edt\u00e9st azok a lengyel gy\u00fcm\u00f6lcs- \u00e9s z\u00f6lds\u00e9gtermel\u0151k, akik az orosz importtilalom miatt szenvednek k\u00e1rt &#8211; jelentette ki Marek Sawicki lengyel mez\u0151gazdas\u00e1gi miniszter h\u00e9tf\u0151n, a Lengyel R\u00e1di\u00f3nak adott interj\u00faban.<\/strong><!--more--><br \/>\n<div class=\"ads-in-post1\"><div id=\"gazdasagportal.hu_fullbanner_wideboard\"><\/div>\r\n<\/div>\n<p>\u00a0\u00a0\u00a0\u00a0Sawicki jelezte: a gy\u00fcm\u00f6lcstermel\u0151k semmif\u00e9le k\u00e9nyszerhelyzettel nem \u00e1llnak szemben, sok term\u00e9k\u00fck hosszabb t\u00e1von is t\u00e1rolhat\u00f3, a helyzet\u00fcket egy \u00e9ven bel\u00fcl kellene megoldani. \u00a0\u00a0\u00a0\u00a0 Sawicki a TVN24 h\u00edrtelev\u00edzi\u00f3nak vas\u00e1rnap elmondta: a t\u00e1mogat\u00e1sr\u00f3l val\u00f3sz\u00edn\u0171leg cs\u00fct\u00f6rt\u00f6k\u00f6n vagy p\u00e9nteken t\u00e1rgyal egy lengyel miniszt\u00e9riumi \u00e9s szak\u00e9rt\u0151i k\u00fcld\u00f6tts\u00e9g Br\u00fcsszelben. \u00a0\u00a0\u00a0\u00a0Lengyelorsz\u00e1g az Eur\u00f3pai Uni\u00f3 300 milli\u00f3 eur\u00f3s Szolidarit\u00e1si Alapj\u00e1t\u00f3l v\u00e1rja a t\u00e1mogat\u00e1st. A Gazeta Prawna napilap \u00fagy \u00e9rtes\u00fclt, Br\u00fcsszel m\u00e1r el\u0151zetesen hozz\u00e1j\u00e1rult a k\u00e1rp\u00f3tl\u00e1s oda\u00edt\u00e9l\u00e9s\u00e9hez, jelenleg felm\u00e9ri a lengyel mez\u0151gazdas\u00e1gi piacon fenn\u00e1ll\u00f3 helyzetet.<br \/>\n\u00a0\u00a0\u00a0\u00a0Sawicki Dacian Colos agr\u00e1r\u00fcgyi uni\u00f3s biztosnak m\u00falt cs\u00fct\u00f6rt\u00f6k\u00f6n c\u00edmzett level\u00e9ben jelezte: a lengyel termel\u0151k 500 milli\u00f3 eur\u00f3ra \u00e9rt\u00e9kelik a tilalom okozta vesztes\u00e9g\u00fcket. \u00a0\u00a0\u00a0\u00a0Oroszorsz\u00e1g augusztus 1-j\u00e9vel tiltotta meg a Lengyelorsz\u00e1gb\u00f3l sz\u00e1rmaz\u00f3 z\u00f6lds\u00e9g \u00e9s gy\u00fcm\u00f6lcs bevitel\u00e9t. Vars\u00f3 szerint a l\u00e9p\u00e9snek politikai oka van: Moszkva b\u00fcntetni akarja Lengyelorsz\u00e1got az ukr\u00e1n v\u00e1ls\u00e1gban k\u00e9pviselt politik\u00e1j\u00e1\u00e9rt.(mti)<\/p>\n","protected":false},"excerpt":{"rendered":"<p>Leghamarabb szeptemberben kaphatnak uni\u00f3s k\u00e1rt\u00e9r\u00edt\u00e9st azok a lengyel gy\u00fcm\u00f6lcs- \u00e9s z\u00f6lds\u00e9gtermel\u0151k, akik az orosz importtilalom miatt szenvednek k\u00e1rt &#8211; jelentette ki Marek Sawicki lengyel mez\u0151gazdas\u00e1gi miniszter h\u00e9tf\u0151n, a Lengyel R\u00e1di\u00f3nak adott interj\u00faban.<\/p>\n","protected":false},"author":1,"featured_media":0,"comment_status":"open","ping_status":"closed","sticky":false,"template":"","format":"standard","meta":[],"categories":[12],"tags":[],"_links":{"self":[{"href":"https:\/\/gazdasagportal.hu\/index.php\/wp-json\/wp\/v2\/posts\/41027"}],"collection":[{"href":"https:\/\/gazdasagportal.hu\/index.php\/wp-json\/wp\/v2\/posts"}],"about":[{"href":"https:\/\/gazdasagportal.hu\/index.php\/wp-json\/wp\/v2\/types\/post"}],"author":[{"embeddable":true,"href":"https:\/\/gazdasagportal.hu\/index.php\/wp-json\/wp\/v2\/users\/1"}],"replies":[{"embeddable":true,"href":"https:\/\/gazdasagportal.hu\/index.php\/wp-json\/wp\/v2\/comments?post=41027"}],"version-history":[{"count":1,"href":"https:\/\/gazdasagportal.hu\/index.php\/wp-json\/wp\/v2\/posts\/41027\/revisions"}],"predecessor-version":[{"id":41028,"href":"https:\/\/gazdasagportal.hu\/index.php\/wp-json\/wp\/v2\/posts\/41027\/revisions\/41028"}],"wp:attachment":[{"href":"https:\/\/gazdasagportal.hu\/index.php\/wp-json\/wp\/v2\/media?parent=41027"}],"wp:term":[{"taxonomy":"category","embeddable":true,"href":"https:\/\/gazdasagportal.hu\/index.php\/wp-json\/wp\/v2\/categories?post=41027"},{"taxonomy":"post_tag","embeddable":true,"href":"https:\/\/gazdasagportal.hu\/index.php\/wp-json\/wp\/v2\/tags?post=41027"}],"curies":[{"name":"wp","href":"https:\/\/api.w.org\/{rel}","templated":true}]}}