{"id":40983,"date":"2014-08-04T10:30:50","date_gmt":"2014-08-04T08:30:50","guid":{"rendered":"http:\/\/stockportal.hu\/?p=40983"},"modified":"2014-08-04T09:34:01","modified_gmt":"2014-08-04T07:34:01","slug":"gki-a-gazdasagi-novekedes-fokozatos-lassulasa-varhato","status":"publish","type":"post","link":"https:\/\/gazdasagportal.hu\/index.php\/gki-a-gazdasagi-novekedes-fokozatos-lassulasa-varhato\/","title":{"rendered":"GKI: a gazdas\u00e1gi n\u00f6veked\u00e9s fokozatos lassul\u00e1sa v\u00e1rhat\u00f3"},"content":{"rendered":"<p><strong>A GKI Gazdas\u00e1gkutat\u00f3 Zrt. el\u0151rejelz\u00e9se szerint az idei els\u0151 negyed\u00e9vi, 3,5 sz\u00e1zal\u00e9kos GDP-n\u00f6veked\u00e9shez k\u00e9pest lassul a gazdas\u00e1gi b\u0151v\u00fcl\u00e9s \u00fcteme, az \u00e9v eg\u00e9sz\u00e9ben 2,5 sz\u00e1zal\u00e9kos n\u00f6veked\u00e9s v\u00e1rhat\u00f3.<\/strong><!--more--><br \/>\n<div class=\"ads-in-post1\"><div id=\"gazdasagportal.hu_fullbanner_wideboard\"><\/div>\r\n<\/div>\n<p>    A gazdas\u00e1gkutat\u00f3 az MTI-hez eljuttatott k\u00f6zlem\u00e9ny\u00e9ben kifejtette: az els\u0151 h\u00f3napokban tapasztalt gyors n\u00f6veked\u00e9s m\u00e1jusban t\u00f6bb \u00e1gazatban is megtorpant. \u00c1prilishoz k\u00e9pest a termel\u00e9s, illetve a forgalom volumene az iparban 1 sz\u00e1zal\u00e9kkal, a kiskereskedelemben 0,1 sz\u00e1zal\u00e9kkal cs\u00f6kkent, az \u00e9p\u00edt\u0151ipar ugyanakkor tov\u00e1bbra is er\u0151s\u00f6dik.<br \/>\n    A GKI szerint kedvez\u0151, hogy az els\u0151 \u00f6t h\u00f3nap \u00e1tlag\u00e1ban a k\u00f6zfoglalkoztatottakkal egy\u00fctt t\u00f6bb mint 6 sz\u00e1zal\u00e9kkal, de n\u00e9lk\u00fcl\u00fck is mintegy 2,5 sz\u00e1zal\u00e9kkal emelkedett a foglalkoztat\u00e1s, azonban a  lassul\u00f3 dinamika itt is megmutatkozik. A munkan\u00e9lk\u00fcliek ar\u00e1nya 2014. m\u00e1sodik negyed\u00e9v\u00e9ben 8 sz\u00e1zal\u00e9k volt, 2,3 sz\u00e1zal\u00e9kponttal alacsonyabb ugyan az egy \u00e9vvel kor\u00e1bbin\u00e1l, de azonos a 2014. m\u00e1rcius-m\u00e1jusival.<br \/>\n    Ez ut\u00f3bbi azt jelzi, hogy a k\u00f6zfoglalkoztatottak sz\u00e1m\u00e1nak cs\u00f6kken\u00e9s\u00e9t \u00e9ppen csak ellens\u00falyozni tudt\u00e1k a ny\u00e1ron megn\u00f6vekv\u0151 munkaalkalmak. Az \u00f6nkorm\u00e1nyzati v\u00e1laszt\u00e1sok el\u0151tt \u00fajra b\u0151v\u00fclni fog a k\u00f6zfoglalkoztat\u00e1s, az \u00e9v v\u00e9g\u00e9n azonban m\u00e1r a jelenlegin\u00e9l valamivel magasabb munkan\u00e9lk\u00fclis\u00e9g val\u00f3sz\u00edn\u0171.<br \/>\n    Az els\u0151 \u00f6t h\u00f3napban a brutt\u00f3 \u00e1tlagkereset 2,9 sz\u00e1zal\u00e9kkal, a k\u00f6zmunk\u00e1sok n\u00e9lk\u00fcl 6 sz\u00e1zal\u00e9kkal emelkedett. Mivel a nett\u00f3 keresetek ugyanennyivel n\u0151ttek, az \u00e1rsz\u00ednvonal pedig gyakorlatilag nem v\u00e1ltozott (0,1 sz\u00e1zal\u00e9kkal cs\u00f6kkent), a re\u00e1lkeresetek is ugyanennyivel emelkedtek. M\u00e1jusban a k\u00f6zfoglalkoztatottak n\u00e9lk\u00fcli keresetemelked\u00e9s az el\u0151z\u0151 h\u00f3napok 6-7 sz\u00e1zal\u00e9kos \u00fctem\u00e9r\u0151l 4 sz\u00e1zal\u00e9kra cs\u00f6kkent, ami az idei b\u00e9remel\u00e9sek szinte megsz\u0171n\u0151 infl\u00e1ci\u00f3hoz val\u00f3 kezd\u0151d\u0151 alkalmazkod\u00e1s\u00e1nak jele &#8211; \u00edrta a gazdas\u00e1gkutat\u00f3.<br \/>\n    Az EU m\u00e1sik h\u00e9t tag\u00e1llam\u00e1ban sem volt \u00e1remelked\u00e9s, az EU \u00e1tlaga 0,7 sz\u00e1zal\u00e9k volt. Magyarorsz\u00e1gon \u00e9ves \u00e1tlagban is v\u00e1ltozatlan \u00e1rsz\u00ednvonal v\u00e1rhat\u00f3, a dikt\u00e1lt rezsics\u00f6kkent\u00e9s hat\u00e1sa ugyanis egyel\u0151re elnyomja a piaci folyamatok\u00e9t. A re\u00e1lj\u00f6vedelmek 3 sz\u00e1zal\u00e9k k\u00f6r\u00fcli emelked\u00e9se mellett a kiskereskedelmi forgalom 3 sz\u00e1zal\u00e9kos \u00e9s a fogyaszt\u00e1s 2 sz\u00e1zal\u00e9k k\u00f6r\u00fcli n\u00f6veked\u00e9se v\u00e1rhat\u00f3. A v\u00e1s\u00e1rl\u00f3er\u0151 ideihez hasonl\u00f3, mesters\u00e9ges n\u00f6vel\u00e9se azonban 2015-ben m\u00e1r val\u00f3sz\u00edn\u0171tlen &#8211; fejtette ki a GKI.<br \/>\n    A gazdas\u00e1gkutat\u00f3 jelezte tov\u00e1bb\u00e1, hogy a nemzetk\u00f6zi befektet\u0151i k\u00f6rnyezet alapvet\u0151en kedvez\u0151, de egyre t\u00f6bb politikai kock\u00e1zat \u00e9rezhet\u0151. Az orosz-ukr\u00e1n v\u00e1ls\u00e1g, az ezt k\u00eds\u00e9r\u0151 szankci\u00f3k mellett a k\u00f6zel-keleti h\u00e1bor\u00fas helyzet eszkal\u00e1l\u00f3d\u00e1sa is negat\u00edv hat\u00e1s\u00fa a vil\u00e1ggazdas\u00e1gra, \u00e9s egyre bizonytalanabb\u00e1 teszi Eur\u00f3pa energiaell\u00e1t\u00e1s\u00e1nak j\u00f6v\u0151j\u00e9t. Az eur\u00f3z\u00f3n\u00e1ban alkalmazott monet\u00e1ris laz\u00edt\u00e1s k\u00f6vetkezt\u00e9ben ak\u00e1r ezermilli\u00e1rd eur\u00f3 t\u00f6bblet-likvidit\u00e1s ker\u00fclhet a piacra, ami a felt\u00f6rekv\u0151 piacok kock\u00e1zatv\u00e1llal\u00e1s\u00e1nak n\u00f6veked\u00e9s\u00e9t eredm\u00e9nyezheti.<br \/>\n    A Magyar Nemzeti Bank (MNB) 2015 v\u00e9g\u00e9ig nem tervezi a 2,1 sz\u00e1zal\u00e9kra cs\u00f6kkentett alapkamat emel\u00e9s\u00e9t, ennek megval\u00f3s\u00edthat\u00f3s\u00e1ga azonban k\u00e9rd\u00e9ses a GKI szerint.(mti)<\/p>\n","protected":false},"excerpt":{"rendered":"<p>A GKI Gazdas\u00e1gkutat\u00f3 Zrt. el\u0151rejelz\u00e9se szerint az idei els\u0151 negyed\u00e9vi, 3,5 sz\u00e1zal\u00e9kos GDP-n\u00f6veked\u00e9shez k\u00e9pest lassul a gazdas\u00e1gi b\u0151v\u00fcl\u00e9s \u00fcteme, az \u00e9v eg\u00e9sz\u00e9ben 2,5 sz\u00e1zal\u00e9kos n\u00f6veked\u00e9s v\u00e1rhat\u00f3.<\/p>\n","protected":false},"author":1,"featured_media":0,"comment_status":"open","ping_status":"closed","sticky":false,"template":"","format":"standard","meta":[],"categories":[19],"tags":[],"_links":{"self":[{"href":"https:\/\/gazdasagportal.hu\/index.php\/wp-json\/wp\/v2\/posts\/40983"}],"collection":[{"href":"https:\/\/gazdasagportal.hu\/index.php\/wp-json\/wp\/v2\/posts"}],"about":[{"href":"https:\/\/gazdasagportal.hu\/index.php\/wp-json\/wp\/v2\/types\/post"}],"author":[{"embeddable":true,"href":"https:\/\/gazdasagportal.hu\/index.php\/wp-json\/wp\/v2\/users\/1"}],"replies":[{"embeddable":true,"href":"https:\/\/gazdasagportal.hu\/index.php\/wp-json\/wp\/v2\/comments?post=40983"}],"version-history":[{"count":1,"href":"https:\/\/gazdasagportal.hu\/index.php\/wp-json\/wp\/v2\/posts\/40983\/revisions"}],"predecessor-version":[{"id":40984,"href":"https:\/\/gazdasagportal.hu\/index.php\/wp-json\/wp\/v2\/posts\/40983\/revisions\/40984"}],"wp:attachment":[{"href":"https:\/\/gazdasagportal.hu\/index.php\/wp-json\/wp\/v2\/media?parent=40983"}],"wp:term":[{"taxonomy":"category","embeddable":true,"href":"https:\/\/gazdasagportal.hu\/index.php\/wp-json\/wp\/v2\/categories?post=40983"},{"taxonomy":"post_tag","embeddable":true,"href":"https:\/\/gazdasagportal.hu\/index.php\/wp-json\/wp\/v2\/tags?post=40983"}],"curies":[{"name":"wp","href":"https:\/\/api.w.org\/{rel}","templated":true}]}}