{"id":40981,"date":"2014-08-04T09:30:21","date_gmt":"2014-08-04T07:30:21","guid":{"rendered":"http:\/\/stockportal.hu\/?p=40981"},"modified":"2014-08-04T09:30:21","modified_gmt":"2014-08-04T07:30:21","slug":"orszagszerte-heves-zivatarokra-felhoszakadasra-figyelmeztetnek","status":"publish","type":"post","link":"https:\/\/gazdasagportal.hu\/index.php\/orszagszerte-heves-zivatarokra-felhoszakadasra-figyelmeztetnek\/","title":{"rendered":"Orsz\u00e1gszerte heves zivatarokra, felh\u0151szakad\u00e1sra figyelmeztetnek"},"content":{"rendered":"<p><strong>Az eg\u00e9sz orsz\u00e1gra figyelmeztet\u00e9st adott ki a heves zivatarok \u00e9s a felh\u0151szakad\u00e1s miatt a meteorol\u00f3giai szolg\u00e1lat, k\u00e9t keleti megy\u00e9ben h\u0151s\u00e9g v\u00e1rhat\u00f3.<\/strong><!--more--><br \/>\n<div class=\"ads-in-post1\"><div id=\"gazdasagportal.hu_fullbanner_wideboard\"><\/div>\r\n<\/div>\n<p>    Az Orsz\u00e1gos Meteorol\u00f3giai Szolg\u00e1lat h\u00e9tf\u0151n kora reggel az MTI-hez eljuttatott vesz\u00e9lyjelz\u00e9s\u00e9ben azt \u00edrta: a napi k\u00f6z\u00e9ph\u0151m\u00e9rs\u00e9klet a Tisz\u00e1t\u00f3l keletre m\u00e9g h\u00e9tf\u0151n is 25 Celsius fok k\u00f6r\u00fcl, vagy kev\u00e9ssel afelett alakul. Emiatt Hajd\u00fa-Bihar \u00e9s Szabolcs-Szatm\u00e1r-Bereg megy\u00e9ben m\u00e1sodfok\u00fa figyelmeztet\u00e9s van \u00e9rv\u00e9nyben.<br \/>\n    A heves zivatarok \u00e9s a felh\u0151szakad\u00e1s miatt az eg\u00e9sz orsz\u00e1gra els\u0151fok\u00fa figyelmeztet\u00e9st adtak ki. K\u00f6z\u00f6lt\u00e9k: eleinte f\u0151k\u00e9nt a k\u00f6z\u00e9ps\u0151 megy\u00e9kben, k\u00e9s\u0151bb a m\u00e1sutt is v\u00e1rhat\u00f3 zivatar helyenk\u00e9nt felh\u0151szakad\u00e1ssal egy\u00fctt \u00e9rkezhet, \u00e1ltal\u00e1ban 25-50, n\u00e9hol ak\u00e1r 50 millim\u00e9tern\u00e9l is t\u00f6bb es\u0151 hullhat. N\u00e9hol heves zivatar is el\u0151fordulhat, amelyet nagyobb m\u00e9ret\u0171 j\u00e9g (ak\u00e1r 2 cm k\u00f6r\u00fcli \u00e1tm\u00e9r\u0151vel) \u00e9s \u00f3r\u00e1nk\u00e9nt 80-90 kilom\u00e9ter feletti sz\u00e9lroham k\u00eds\u00e9rhet.<br \/>\n    Az el\u0151rejelz\u00e9s szerint a legmagasabb nappali h\u0151m\u00e9rs\u00e9klet 26-31 fok k\u00f6z\u00f6tt v\u00e1rhat\u00f3, a Tisz\u00e1nt\u00falon lehet m\u00e9g k\u00e1nikula. K\u00e9s\u0151 este 20-25 fok k\u00f6z\u00e9 h\u0171l a leveg\u0151.(mti)<\/p>\n","protected":false},"excerpt":{"rendered":"<p>Az eg\u00e9sz orsz\u00e1gra figyelmeztet\u00e9st adott ki a heves zivatarok \u00e9s a felh\u0151szakad\u00e1s miatt a meteorol\u00f3giai szolg\u00e1lat, k\u00e9t keleti megy\u00e9ben h\u0151s\u00e9g v\u00e1rhat\u00f3.<\/p>\n","protected":false},"author":1,"featured_media":0,"comment_status":"open","ping_status":"closed","sticky":false,"template":"","format":"standard","meta":[],"categories":[4,151],"tags":[],"_links":{"self":[{"href":"https:\/\/gazdasagportal.hu\/index.php\/wp-json\/wp\/v2\/posts\/40981"}],"collection":[{"href":"https:\/\/gazdasagportal.hu\/index.php\/wp-json\/wp\/v2\/posts"}],"about":[{"href":"https:\/\/gazdasagportal.hu\/index.php\/wp-json\/wp\/v2\/types\/post"}],"author":[{"embeddable":true,"href":"https:\/\/gazdasagportal.hu\/index.php\/wp-json\/wp\/v2\/users\/1"}],"replies":[{"embeddable":true,"href":"https:\/\/gazdasagportal.hu\/index.php\/wp-json\/wp\/v2\/comments?post=40981"}],"version-history":[{"count":1,"href":"https:\/\/gazdasagportal.hu\/index.php\/wp-json\/wp\/v2\/posts\/40981\/revisions"}],"predecessor-version":[{"id":40982,"href":"https:\/\/gazdasagportal.hu\/index.php\/wp-json\/wp\/v2\/posts\/40981\/revisions\/40982"}],"wp:attachment":[{"href":"https:\/\/gazdasagportal.hu\/index.php\/wp-json\/wp\/v2\/media?parent=40981"}],"wp:term":[{"taxonomy":"category","embeddable":true,"href":"https:\/\/gazdasagportal.hu\/index.php\/wp-json\/wp\/v2\/categories?post=40981"},{"taxonomy":"post_tag","embeddable":true,"href":"https:\/\/gazdasagportal.hu\/index.php\/wp-json\/wp\/v2\/tags?post=40981"}],"curies":[{"name":"wp","href":"https:\/\/api.w.org\/{rel}","templated":true}]}}