{"id":40979,"date":"2014-08-04T09:52:25","date_gmt":"2014-08-04T07:52:25","guid":{"rendered":"http:\/\/stockportal.hu\/?p=40979"},"modified":"2014-08-04T09:25:18","modified_gmt":"2014-08-04T07:25:18","slug":"gazai-konfliktus-folytatodnak-a-harcok-az-izraeli-tuzszunet-elott","status":"publish","type":"post","link":"https:\/\/gazdasagportal.hu\/index.php\/gazai-konfliktus-folytatodnak-a-harcok-az-izraeli-tuzszunet-elott\/","title":{"rendered":"G\u00e1zai konfliktus \u2013 Folytat\u00f3dnak a harcok az izraeli t\u0171zsz\u00fcnet el\u0151tt"},"content":{"rendered":"<p><strong>\u00c9jszaka sem hallgattak a fegyverek az Er\u0151s Szikla hadm\u0171velet huszonnyolcadik napj\u00e1n, a h\u00e9t\u00f3r\u00e1sra meghirdetett izraeli humanit\u00e1rius t\u0171zsz\u00fcnet el\u0151tt.<\/strong><!--more--><br \/>\n<div class=\"ads-in-post1\"><div id=\"gazdasagportal.hu_fullbanner_wideboard\"><\/div>\r\n<\/div>\n<p>    \u00c9jszaka az Iszl\u00e1m Dzsih\u00e1d katonai sz\u00e1rny\u00e1nak, az al-Aksza brig\u00e1doknak a vezet\u0151je bejelentette, hogy a szervezet \u00e9szaki parancsnoka, D\u00e1nij\u00e1l Manc\u00far \u00e9let\u00e9t vesztette egy izraeli l\u00e9gicsap\u00e1sban a g\u00e1zai Dzsabal\u00edja egyik h\u00e1z\u00e1ban hajnalban &#8211; \u00edrta a H\u00e1\u00e1rec c\u00edm\u0171 \u00fajs\u00e1g honlapja h\u00e9tf\u0151 reggel. A parancsnok az \u00f6vezetben az Iszl\u00e1m Dzsih\u00e1d h\u00edrszerz\u00e9s\u00e9t is vezette, s az Er\u0151s Szikla hadm\u0171veletben az Izrael fel\u00e9 l\u0151tt rak\u00e9t\u00e1k c\u00e9lz\u00e1s\u00e1t ir\u00e1ny\u00edtotta a Sin B\u00e9t izraeli belbiztons\u00e1gi szolg\u00e1lat szerint.<br \/>\n    \u00c9jjel a hadsereg t\u00f6bb mint h\u00fasz c\u00e9lpontot t\u00e1madott, t\u00edz embert meg\u00f6lve. A halottak sz\u00e1ma az \u00f6vezetben a g\u00e1zai eg\u00e9szs\u00e9g\u00fcgyi miniszt\u00e9rium adatai szerint legkevesebb 1822-re n\u0151tt. Ebb\u0151l Izrael szerint sok sz\u00e1zan a harcol\u00f3 iszlamista szervezetek fegyveresei voltak.<br \/>\n    Egy magas rang\u00fa tiszt besz\u00e1mol\u00f3ja szerint az elm\u00falt nap az izraeli hadsereg felrobbantott k\u00e9t alagutat, \u00e9s tov\u00e1bb folytatta harci tev\u00e9kenys\u00e9g\u00e9t. \u201e\u00dajrarendezz\u00fck \u00e1ll\u00e1sainkat, \u00e9s az alagutak felsz\u00e1mol\u00e1sa ut\u00e1n helyzet\u00e9rt\u00e9kel\u00e9st tartunk. Helyre kell hozni a (hat\u00e1r)ker\u00edt\u00e9st, er\u0151ket kell elhelyezni a k\u00f6zel\u00e9ben az \u00f6vezetben&#8221; &#8211; mondta a katonai tervekr\u0151l.<br \/>\n    A h\u00e9t\u00f3r\u00e1s h\u00e9tf\u0151i izraeli humanit\u00e1rius t\u0171zsz\u00fcnet sem \u00edg\u00e9r marad\u00e9ktalan nyugalmat, miut\u00e1n Sz\u00e1mi Abu Zuhri Ham\u00e1sz-sz\u00f3viv\u0151 bejelentette, hogy \u201eaz Izrael meghirdette fegyvernyugv\u00e1s egyoldal\u00fa, s arra szolg\u00e1l, hogy elterelje a figyelmet az \u00e1ltala elk\u00f6vetett m\u00e9sz\u00e1rl\u00e1sr\u00f3l. Nem b\u00edzunk ebben a t\u0171zsz\u00fcnetben, \u00e9s \u00f3vatoss\u00e1gra intj\u00fck az embereket\u201d &#8211; tette hozz\u00e1 a sz\u00f3viv\u0151 az al-Aksza t\u00e9v\u00e9nek nyilatkozva.<br \/>\n    Az izraeli 2-es t\u00e9v\u00e9csatorna felm\u00e9r\u00e9se szerint az izraeliek t\u00f6bb mint fele, 56 sz\u00e1zal\u00e9ka ellenzi a katon\u00e1k kivonul\u00e1s\u00e1t az \u00f6vezetb\u0151l, amit 35 sz\u00e1zal\u00e9k t\u00e1mogat. Hetvenh\u00e1rom sz\u00e1zal\u00e9k szerint a hadm\u0171velet nyom\u00e1n cs\u00f6kkent az orsz\u00e1g elrettent\u0151 ereje, csak 22 sz\u00e1zal\u00e9k \u00e1ll\u00edtja ennek ellenkez\u0151j\u00e9t. M\u00e9gis, az izraeliek 62 sz\u00e1zal\u00e9ka szerint Benj\u00e1min Netanjahu korm\u00e1nyf\u0151 helyesen kezeli a konfliktust, noha ezt 29 sz\u00e1zal\u00e9kuk k\u00e9ts\u00e9gbe vonja.<br \/>\n(mti)<\/p>\n","protected":false},"excerpt":{"rendered":"<p>\u00c9jszaka sem hallgattak a fegyverek az Er\u0151s Szikla hadm\u0171velet huszonnyolcadik napj\u00e1n, a h\u00e9t\u00f3r\u00e1sra meghirdetett izraeli humanit\u00e1rius t\u0171zsz\u00fcnet el\u0151tt.<\/p>\n","protected":false},"author":1,"featured_media":0,"comment_status":"open","ping_status":"closed","sticky":false,"template":"","format":"standard","meta":[],"categories":[16],"tags":[],"_links":{"self":[{"href":"https:\/\/gazdasagportal.hu\/index.php\/wp-json\/wp\/v2\/posts\/40979"}],"collection":[{"href":"https:\/\/gazdasagportal.hu\/index.php\/wp-json\/wp\/v2\/posts"}],"about":[{"href":"https:\/\/gazdasagportal.hu\/index.php\/wp-json\/wp\/v2\/types\/post"}],"author":[{"embeddable":true,"href":"https:\/\/gazdasagportal.hu\/index.php\/wp-json\/wp\/v2\/users\/1"}],"replies":[{"embeddable":true,"href":"https:\/\/gazdasagportal.hu\/index.php\/wp-json\/wp\/v2\/comments?post=40979"}],"version-history":[{"count":1,"href":"https:\/\/gazdasagportal.hu\/index.php\/wp-json\/wp\/v2\/posts\/40979\/revisions"}],"predecessor-version":[{"id":40980,"href":"https:\/\/gazdasagportal.hu\/index.php\/wp-json\/wp\/v2\/posts\/40979\/revisions\/40980"}],"wp:attachment":[{"href":"https:\/\/gazdasagportal.hu\/index.php\/wp-json\/wp\/v2\/media?parent=40979"}],"wp:term":[{"taxonomy":"category","embeddable":true,"href":"https:\/\/gazdasagportal.hu\/index.php\/wp-json\/wp\/v2\/categories?post=40979"},{"taxonomy":"post_tag","embeddable":true,"href":"https:\/\/gazdasagportal.hu\/index.php\/wp-json\/wp\/v2\/tags?post=40979"}],"curies":[{"name":"wp","href":"https:\/\/api.w.org\/{rel}","templated":true}]}}