{"id":40967,"date":"2014-08-04T05:50:00","date_gmt":"2014-08-04T03:50:00","guid":{"rendered":"http:\/\/stockportal.hu\/?p=40967"},"modified":"2014-08-03T22:52:10","modified_gmt":"2014-08-03T20:52:10","slug":"ukran-valsag-harom-civil-halt-meg-luhanszkban-a-malaj-gep-aldozatainak-ujabb-megtalalt-maradvanyait-szallitottak-harkivba","status":"publish","type":"post","link":"https:\/\/gazdasagportal.hu\/index.php\/ukran-valsag-harom-civil-halt-meg-luhanszkban-a-malaj-gep-aldozatainak-ujabb-megtalalt-maradvanyait-szallitottak-harkivba\/","title":{"rendered":"Ukr\u00e1n v\u00e1ls\u00e1g &#8211; H\u00e1rom civil halt meg Luhanszkban, a mal\u00e1j g\u00e9p \u00e1ldozatainak \u00fajabb megtal\u00e1lt maradv\u00e1nyait sz\u00e1ll\u00edtott\u00e1k Harkivba"},"content":{"rendered":"<p><strong>H\u00e1rom civil \u00e9let\u00e9t vesztette \u00e9s nyolcan sebes\u00fcltek meg az elm\u00falt 24 \u00f3r\u00e1ban a kelet-ukrajnai Luhanszk v\u00e1ros\u00e1ban foly\u00f3 harcokban. K\u00f6zben vas\u00e1rnap Harkivba \u00e9rkezett az a h\u0171t\u0151j\u00e1rm\u0171vekb\u0151l \u00e1ll\u00f3 konvoj, amely a mal\u00e1j g\u00e9p lezuhan\u00e1sa k\u00f6vetkezt\u00e9ben meghaltak \u00fajabb megtal\u00e1lt maradv\u00e1nyait sz\u00e1ll\u00edtotta azonos\u00edt\u00e1sra.<\/strong><!--more--><br \/>\n<div class=\"ads-in-post1\"><div id=\"gazdasagportal.hu_fullbanner_wideboard\"><\/div>\r\n<\/div>\n<p>\u00a0\u00a0\u00a0\u00a0Luhanszk polg\u00e1rmestere, Szerhij Kravcsenko honlapj\u00e1n k\u00f6z\u00f6lte, hogy a szakad\u00e1rok \u00e9s a korm\u00e1nyer\u0151k k\u00f6z\u00f6tti sz\u0171nni nem akar\u00f3 harcok k\u00f6zepette a v\u00e1ros szakembereinek egyel\u0151re csak r\u00e9szlegesen siker\u00fclt helyre\u00e1ll\u00edtaniuk az \u00e1ramell\u00e1t\u00e1st. A v\u00e1rosban 49 ezer h\u00e1ztart\u00e1sban tov\u00e1bbra sincs \u00e1ram, t\u00f6bb mint \u00f6tezerben nincs vezet\u00e9kes v\u00edz, n\u00e9gyezren pedig g\u00e1zszolg\u00e1ltat\u00e1s n\u00e9lk\u00fcl maradtak.<br \/>\n\u00a0\u00a0\u00a0\u00a0K\u00f6zben az \u00e9jszaka a harcok s\u00fajtotta m\u00e1sik kelet-ukrajnai megyek\u00f6zpontban, Donyeckben is fesz\u00fclten telt. A v\u00e1rosi tan\u00e1cs sajt\u00f3szolg\u00e1lat\u00e1nak t\u00e1j\u00e9koztat\u00e1sa szerin a helyi lakosok a v\u00e1ros szinte minden k\u00f6rzet\u00e9b\u0151l jelezt\u00e9k, hogy robban\u00e1sok, automata fegyverek l\u00f6v\u00e9ssorozatai hallatszottak, \u00e9s neh\u00e9zfegyvereket sz\u00e1ll\u00edt\u00f3 j\u00e1rm\u0171vek haladtak v\u00e9gig az utc\u00e1kon.<br \/>\n\u00a0\u00a0\u00a0\u00a0Rak\u00e9tatal\u00e1lat \u00e9rt egy iskol\u00e1t, az \u00e9p\u00fcletben komoly k\u00e1rok keletkeztek.<br \/>\n\u00a0\u00a0\u00a0\u00a0Az ukr\u00e1n hader\u0151 \u00e1ltal az oroszbar\u00e1t szakad\u00e1rok ellen ind\u00edtott, Kijevben terrorellenesnek nevezett hadm\u0171velet sajt\u00f3oszt\u00e1lya azt jelentette, hogy az \u00e9jjel a fegyveres er\u0151k egy katon\u00e1t sem vesztettek a harcokban. A m\u0171velet kezdete \u00f3ta egy\u00e9bk\u00e9nt eddig m\u00e1r 363 katona vesztette \u00e9let\u00e9t \u00e9s 1434 sebes\u00fclt meg.<br \/>\n\u00a0\u00a0\u00a0\u00a0Luhanszk k\u00f6rny\u00e9k\u00e9n t\u00f6bb t\u00fcz\u00e9rs\u00e9gi t\u00e1mad\u00e1s is \u00e9rte az \u00e9jjel a korm\u00e1nyer\u0151k \u00e1ll\u00e1sait, tov\u00e1bb\u00e1 Kijev \u00e1ll\u00edt\u00e1sa szerint a szakad\u00e1rok orosz ter\u00fcletr\u0151l is \u00e1tl\u0151ttek aknavet\u0151kkel a hat\u00e1ron.<br \/>\n\u00a0\u00a0\u00a0\u00a0A sajt\u00f3oszt\u00e1ly k\u00f6zl\u00e9se szerint a szakad\u00e1rok fokozt\u00e1k felder\u00edt\u0151 tev\u00e9kenys\u00e9g\u00fcket a t\u00e9rs\u00e9gben, egyebek mellett dr\u00f3nok, azaz pil\u00f3ta n\u00e9lk\u00fcli rep\u00fcl\u0151g\u00e9pek alkalmaz\u00e1s\u00e1val.<br \/>\n\u00a0\u00a0\u00a0\u00a0\u00a0Sajt\u00f3jelent\u00e9sek szerint a mal\u00e1j utassz\u00e1ll\u00edt\u00f3 g\u00e9p katasztr\u00f3f\u00e1j\u00e1ban meghalt tov\u00e1bbi \u00e1ldozatok maradv\u00e1nyai \u00e9rkeztek meg speci\u00e1lis h\u0171t\u0151j\u00e1rm\u0171vekben vas\u00e1rnap Harkivba, ahol egy gy\u00e1rtelepen alak\u00edtottak ki a holttestek fogad\u00e1s\u00e1ra \u00e9s vizsg\u00e1lat\u00e1ra alkalmas helys\u00e9get. A maradv\u00e1nyok azonos\u00edt\u00e1s\u00e1n jelenleg ukr\u00e1n \u00e9s holland szakemberek dolgoznak.<br \/>\n\u00a0\u00a0\u00a0\u00a0Az aut\u00f3konvoj el\u0151z\u0151 nap indult el a trag\u00e9dia helysz\u00edn\u00e9r\u0151l, ahol k\u00fclf\u00f6ldi szak\u00e9rt\u0151k &#8211; f\u0151k\u00e9nt hollandok \u00e9s ausztr\u00e1lok -, valamint egy EBESZ-misszi\u00f3 tagjai kutatnak \u00fajabb holttestek, illetve maradv\u00e1nyok ut\u00e1n. Felt\u00e9telez\u00e9sek szerint m\u00e9g mintegy 80 holttest maradv\u00e1nyai lehetnek a trag\u00e9dia helysz\u00edn\u00e9n.<br \/>\n\u00a0\u00a0\u00a0\u00a0A nemzetk\u00f6zi szak\u00e9rt\u0151k t\u00f6bb napi pr\u00f3b\u00e1lkoz\u00e1s ut\u00e1n cs\u00fct\u00f6rt\u00f6k\u00f6n jutottak el el\u0151sz\u00f6r a katasztr\u00f3fa helysz\u00edn\u00e9re. A ter\u00fcletet szakad\u00e1rok ellen\u0151rzik, akik Kijev szerint t\u00f6bbsz\u00f6r is visszafordul\u00e1sra k\u00e9sztett\u00e9k a helysz\u00edn k\u00f6zel\u00e9b\u0151l a szak\u00e9rt\u0151ket.<br \/>\n\u00a0\u00a0\u00a0\u00a0A Boeing 777-es g\u00e9p j\u00falius 17-\u00e9n zuhant le &#8211; a fekete dobozokon Ukrajn\u00e1ban v\u00e9gzett vizsg\u00e1latok el\u0151zetes eredm\u00e9nye szerint &#8211; rak\u00e9tatal\u00e1lat miatt a Donyeck megyei Hrabove telep\u00fcl\u00e9sn\u00e9l. A g\u00e9pen tart\u00f3zkod\u00f3k mind a 298-an sz\u00f6rnyethaltak.(MTI)<\/p>\n","protected":false},"excerpt":{"rendered":"<p>H\u00e1rom civil \u00e9let\u00e9t vesztette \u00e9s nyolcan sebes\u00fcltek meg az elm\u00falt 24 \u00f3r\u00e1ban a kelet-ukrajnai Luhanszk v\u00e1ros\u00e1ban foly\u00f3 harcokban. K\u00f6zben vas\u00e1rnap Harkivba \u00e9rkezett az a h\u0171t\u0151j\u00e1rm\u0171vekb\u0151l \u00e1ll\u00f3 konvoj, amely a mal\u00e1j g\u00e9p lezuhan\u00e1sa k\u00f6vetkezt\u00e9ben meghaltak \u00fajabb megtal\u00e1lt maradv\u00e1nyait sz\u00e1ll\u00edtotta azonos\u00edt\u00e1sra.<\/p>\n","protected":false},"author":1,"featured_media":0,"comment_status":"open","ping_status":"closed","sticky":false,"template":"","format":"standard","meta":[],"categories":[139],"tags":[],"_links":{"self":[{"href":"https:\/\/gazdasagportal.hu\/index.php\/wp-json\/wp\/v2\/posts\/40967"}],"collection":[{"href":"https:\/\/gazdasagportal.hu\/index.php\/wp-json\/wp\/v2\/posts"}],"about":[{"href":"https:\/\/gazdasagportal.hu\/index.php\/wp-json\/wp\/v2\/types\/post"}],"author":[{"embeddable":true,"href":"https:\/\/gazdasagportal.hu\/index.php\/wp-json\/wp\/v2\/users\/1"}],"replies":[{"embeddable":true,"href":"https:\/\/gazdasagportal.hu\/index.php\/wp-json\/wp\/v2\/comments?post=40967"}],"version-history":[{"count":1,"href":"https:\/\/gazdasagportal.hu\/index.php\/wp-json\/wp\/v2\/posts\/40967\/revisions"}],"predecessor-version":[{"id":40968,"href":"https:\/\/gazdasagportal.hu\/index.php\/wp-json\/wp\/v2\/posts\/40967\/revisions\/40968"}],"wp:attachment":[{"href":"https:\/\/gazdasagportal.hu\/index.php\/wp-json\/wp\/v2\/media?parent=40967"}],"wp:term":[{"taxonomy":"category","embeddable":true,"href":"https:\/\/gazdasagportal.hu\/index.php\/wp-json\/wp\/v2\/categories?post=40967"},{"taxonomy":"post_tag","embeddable":true,"href":"https:\/\/gazdasagportal.hu\/index.php\/wp-json\/wp\/v2\/tags?post=40967"}],"curies":[{"name":"wp","href":"https:\/\/api.w.org\/{rel}","templated":true}]}}