{"id":40959,"date":"2014-08-03T20:17:00","date_gmt":"2014-08-03T18:17:00","guid":{"rendered":"http:\/\/stockportal.hu\/?p=40959"},"modified":"2014-08-03T17:30:05","modified_gmt":"2014-08-03T15:30:05","slug":"gazai-konfliktus-a-hadmuvelet-mellekhatasairol-szamolt-be-az-izraeli-media","status":"publish","type":"post","link":"https:\/\/gazdasagportal.hu\/index.php\/gazai-konfliktus-a-hadmuvelet-mellekhatasairol-szamolt-be-az-izraeli-media\/","title":{"rendered":"G\u00e1zai konfliktus \u2013 A hadm\u0171velet mell\u00e9khat\u00e1sair\u00f3l sz\u00e1molt be az izraeli m\u00e9dia"},"content":{"rendered":"<p><strong>A huszonhetedik napja tart\u00f3 Er\u0151s Szikla hadm\u0171velet sz\u00e1mos \u201emell\u00e9khat\u00e1s\u00e1r\u00f3l\u201d sz\u00e1molt be vas\u00e1rnap az izraeli m\u00e9dia.<\/strong><!--more--><br \/>\n<div class=\"ads-in-post1\"><div id=\"gazdasagportal.hu_fullbanner_wideboard\"><\/div>\r\n<\/div>\n<p>\u00a0\u00a0\u00a0\u00a0\u00c9szak-Izrael egyik biztons\u00e1gi rabokat is fogva tart\u00f3 b\u00f6rt\u00f6n\u00e9ben vas\u00e1rnap egy cell\u00e1ban az illemhely alatt frissen \u00e1sott alagutat fedeztek fel a b\u00f6rt\u00f6n\u0151r\u00f6k.<br \/>\n\u00a0\u00a0\u00a0\u00a0A nyolc rab t\u00f6bb m\u00e9teres f\u00f6ld alatti folyos\u00f3t \u00e1sott, amelynek lej\u00e1rata a cella v\u00e9c\u00e9je alatt kezd\u0151dik, amelyet elmozd\u00edtottak hely\u00e9r\u0151l a munk\u00e1latok idej\u00e9re.<br \/>\n\u00a0\u00a0\u00a0\u00a0Az \u00f6tletet val\u00f3sz\u00edn\u0171leg a G\u00e1zai \u00f6vezet alatt h\u00faz\u00f3d\u00f3, a Ham\u00e1sz \u00e1ltal kiv\u00e1jt alag\u00fatrendszer szolg\u00e1ltatta, amelynek felsz\u00e1mol\u00e1s\u00e1ra ind\u00edtotta Izrael a hadm\u0171velet sz\u00e1razf\u00f6ldi offenz\u00edv\u00e1j\u00e1t. A b\u00f6rt\u00f6n szem\u00e9lyzete egyel\u0151re nem tudja a v\u00e1laszt arra a k\u00e9rd\u00e9sre, hogy az alag\u00fat \u00e9p\u00edt\u00e9se \u00f3ta hol v\u00e9gezt\u00e9k sz\u00fcks\u00e9g\u00fcket a cella foglyai, k\u00f6z\u00f6lte a t\u00edzes t\u00e9v\u00e9csatorna.<br \/>\n\u00a0\u00a0\u00a0\u00a0A hadm\u0171velet egy m\u00e1sik \u201emell\u00e9khat\u00e1sak\u00e9nt&#8221; els\u0151sorban a G\u00e1zai-\u00f6vezethez k\u00f6zeli \u00e9s gyakori l\u00e9giriad\u00f3knak kitett reh\u00f3voti K\u00e1pl\u00e1n-k\u00f3rh\u00e1zban huszonnyolc sz\u00e1zal\u00e9kkal n\u0151tt az id\u0151 el\u0151tti sz\u00fcl\u00e9sek sz\u00e1ma. Az orsz\u00e1g k\u00f6z\u00e9ps\u0151 r\u00e9sz\u00e9n l\u00e9v\u0151 Belinson-k\u00f3rh\u00e1zban, ahol ritk\u00e1bbak voltak a szir\u00e9n\u00e1z\u00e1sok 5-10 sz\u00e1zal\u00e9kkal t\u00f6bb baba j\u00f6tt vil\u00e1gra id\u0151 el\u0151tt, mint m\u00e1s \u00e9vekben. \u00d6sszes\u00edtve a k\u00f3rh\u00e1zakban nyolcvank\u00e9t sz\u00e1zal\u00e9kkal n\u0151tt az id\u0151 el\u0151tti ikersz\u00fcl\u00e9sek sz\u00e1ma, \u00e9s erre a kiugr\u00f3 adatra az orvosoknak egyel\u0151re nincs egy\u00e9rtelm\u0171 magyar\u00e1zatuk.<br \/>\n\u00a0\u00a0\u00a0\u00a0Az Izrael lakoss\u00e1g\u00e1nak h\u00e1romnegyed\u00e9t olykor \u00f3v\u00f3helyekre k\u00e9nyszer\u00edt\u0151 rak\u00e9tat\u00e1mad\u00e1sok nyom\u00e1n j\u00faliusban jelent\u0151sen cs\u00f6kkent a v\u00e1s\u00e1rl\u00e1sok sz\u00e1ma. A legnagyobb izraeli hitelk\u00e1rtya-szolg\u00e1ltat\u00f3, az Isracard adatai szerint a hadm\u0171velet idej\u00e9n \u00e1tlagosan hat sz\u00e1zal\u00e9kkal k\u00f6lt\u00f6ttek kevesebbet hitelk\u00e1rty\u00e1jukkal a zsid\u00f3 \u00e1llam lak\u00f3i, s\u0151t az orsz\u00e1g rak\u00e9t\u00e1kkal legink\u00e1bb s\u00fajtott d\u00e9li r\u00e9sz\u00e9n tizenk\u00e9t sz\u00e1zal\u00e9kkal kevesebb p\u00e9nzt adtak ki.<br \/>\n\u00a0\u00a0\u00a0\u00a0Igencsak megcsappantak a sz\u00f3rakoz\u00e1sra, sportra \u00e9s kult\u00far\u00e1ra kiadott p\u00e9nzek, ezekre a szok\u00e1sosn\u00e1l huszonh\u00e9t sz\u00e1zal\u00e9kkal kevesebbet k\u00f6lt\u00f6ttek id\u00e9n j\u00faliusban Izraelben &#8211; adta h\u00edr\u00fcl az Isracard.(MTI)<\/p>\n","protected":false},"excerpt":{"rendered":"<p>A huszonhetedik napja tart\u00f3 Er\u0151s Szikla hadm\u0171velet sz\u00e1mos \u201emell\u00e9khat\u00e1s\u00e1r\u00f3l\u201d sz\u00e1molt be vas\u00e1rnap az izraeli m\u00e9dia.<\/p>\n","protected":false},"author":1,"featured_media":0,"comment_status":"open","ping_status":"closed","sticky":false,"template":"","format":"standard","meta":[],"categories":[16],"tags":[],"_links":{"self":[{"href":"https:\/\/gazdasagportal.hu\/index.php\/wp-json\/wp\/v2\/posts\/40959"}],"collection":[{"href":"https:\/\/gazdasagportal.hu\/index.php\/wp-json\/wp\/v2\/posts"}],"about":[{"href":"https:\/\/gazdasagportal.hu\/index.php\/wp-json\/wp\/v2\/types\/post"}],"author":[{"embeddable":true,"href":"https:\/\/gazdasagportal.hu\/index.php\/wp-json\/wp\/v2\/users\/1"}],"replies":[{"embeddable":true,"href":"https:\/\/gazdasagportal.hu\/index.php\/wp-json\/wp\/v2\/comments?post=40959"}],"version-history":[{"count":1,"href":"https:\/\/gazdasagportal.hu\/index.php\/wp-json\/wp\/v2\/posts\/40959\/revisions"}],"predecessor-version":[{"id":40960,"href":"https:\/\/gazdasagportal.hu\/index.php\/wp-json\/wp\/v2\/posts\/40959\/revisions\/40960"}],"wp:attachment":[{"href":"https:\/\/gazdasagportal.hu\/index.php\/wp-json\/wp\/v2\/media?parent=40959"}],"wp:term":[{"taxonomy":"category","embeddable":true,"href":"https:\/\/gazdasagportal.hu\/index.php\/wp-json\/wp\/v2\/categories?post=40959"},{"taxonomy":"post_tag","embeddable":true,"href":"https:\/\/gazdasagportal.hu\/index.php\/wp-json\/wp\/v2\/tags?post=40959"}],"curies":[{"name":"wp","href":"https:\/\/api.w.org\/{rel}","templated":true}]}}