{"id":40957,"date":"2014-08-03T18:58:00","date_gmt":"2014-08-03T16:58:00","guid":{"rendered":"http:\/\/stockportal.hu\/?p=40957"},"modified":"2014-08-03T17:26:49","modified_gmt":"2014-08-03T15:26:49","slug":"ukran-valsag-kijev-negyedere-csokkent-a-szakadarok-altal-ellenorzott-terulet-a-donyec-medenceben","status":"publish","type":"post","link":"https:\/\/gazdasagportal.hu\/index.php\/ukran-valsag-kijev-negyedere-csokkent-a-szakadarok-altal-ellenorzott-terulet-a-donyec-medenceben\/","title":{"rendered":"Ukr\u00e1n v\u00e1ls\u00e1g &#8211; Kijev: negyed\u00e9re cs\u00f6kkent a szakad\u00e1rok \u00e1ltal ellen\u0151rz\u00f6tt ter\u00fclet a Donyec-medenc\u00e9ben"},"content":{"rendered":"<p><strong>A Kijev \u00e1ltal terrorellenesnek nevezett hadm\u0171velet megind\u00edt\u00e1sa \u00f3ta a szakad\u00e1rok \u00e1ltal ellen\u0151rz\u00f6tt ter\u00fclet 75 sz\u00e1zal\u00e9k\u00e1t foglalt\u00e1k vissza az ukr\u00e1n fegyveres er\u0151k, azaz jelenleg mind\u00f6ssze a kor\u00e1bbi ter\u00fclet egynegyede van a szeparatist\u00e1k megsz\u00e1ll\u00e1sa alatt &#8211; jelentette ki vas\u00e1rnap kijevi sajt\u00f3t\u00e1j\u00e9koztat\u00f3j\u00e1n Andrij Liszenko, az ukr\u00e1n Nemzetv\u00e9delmi \u00e9s Biztons\u00e1gi Tan\u00e1cs (RNBO) sz\u00f3viv\u0151je.<\/strong><!--more--><br \/>\n<div class=\"ads-in-post1\"><div id=\"gazdasagportal.hu_fullbanner_wideboard\"><\/div>\r\n<\/div>\n<p>\u00a0\u00a0\u00a0\u00a0K\u00f6zben a &#8222;terrorellenes m\u0171velet&#8221; sajt\u00f3k\u00f6zpontja arr\u00f3l adott h\u00edrt, hogy t\u00f6bb mint 300 szem\u00e9lyt vettek \u0151rizetbe &#8211; k\u00f6zt\u00fck 11 orosz \u00e9s egy\u00e9b \u00e1llampolg\u00e1rs\u00e1g\u00fa k\u00fclf\u00f6ldit -, akit a szakad\u00e1r &#8222;n\u00e9pk\u00f6zt\u00e1rsas\u00e1gok&#8221; \u00e1ltal elk\u00f6vetett &#8222;terrorcselekm\u00e9nyekben&#8221; val\u00f3 r\u00e9szv\u00e9tellel gyan\u00fas\u00edtanak.<br \/>\n\u00a0\u00a0\u00a0\u00a0Kijev szerint az orosz-ukr\u00e1n hat\u00e1r t\u00faloldal\u00e1n &#8211; 30-40 kilom\u00e9teres \u00f6vezetben &#8211; egyre nagyobb katonai er\u0151t \u00f6sszpontos\u00edt Moszkva. A legfrissebb jelent\u00e9sek szerint \u00e9szleltek egy 34 p\u00e1nc\u00e9lozott j\u00e1rm\u0171b\u0151l \u00e1ll\u00f3 egys\u00e9get &#8222;b\u00e9kefenntart\u00f3 jelz\u00e9ssel&#8221; a brjanszki ter\u00fcletnek az ukr\u00e1n hat\u00e1rhoz k\u00f6zeli t\u00e9rs\u00e9g\u00e9ben. A kurszki ter\u00fcletre pedig \u00e1tvez\u00e9nyelt\u00e9k az orosz fegyveres er\u0151k egyik helikopteres dand\u00e1rj\u00e1t.<br \/>\n\u00a0\u00a0\u00a0\u00a0Az RNBO k\u00f6z\u00f6lte, hogy az \u00e9jjel a szeparatist\u00e1knak t\u00edz harckocsival siker\u00fclt \u00e1tjutniuk Oroszorsz\u00e1gb\u00f3l Ukrajn\u00e1ba a hat\u00e1r egy \u00e1tmenetileg nem ellen\u0151rz\u00f6tt szakasz\u00e1n, a katonai j\u00e1rm\u0171vek jelenleg Donyeck fel\u00e9 tartanak.<br \/>\n\u00a0\u00a0\u00a0\u00a0Az ukr\u00e1n hat\u00e1r\u0151rszolg\u00e1lat vas\u00e1rnap kiadott k\u00f6zlem\u00e9ny\u00e9ben tov\u00e1bbra is fesz\u00fcltnek nevezte az ukr\u00e1n-orosz hat\u00e1r menti t\u00e9rs\u00e9gben kialakult helyzetet. A hat\u00e1r\u0151rs\u00e9g szerint a szakad\u00e1rok egyszerre t\u00e1madj\u00e1k g\u00e9pfegyverekkel, aknavet\u0151kkel, \u00e9s t\u00fcz\u00e9rs\u00e9gi fegyverekkel a terrorellenes er\u0151ket, valamint rendszeresen \u00e1tl\u0151nek az orosz hat\u00e1ron provok\u00e1ci\u00f3s c\u00e9llal, hogy ut\u00e1na az ukr\u00e1n hadseregre kenj\u00e9k a felel\u0151ss\u00e9get. Az orosz h\u00edrszerz\u00e9s dr\u00f3njai pedig folyamatosan megs\u00e9rtik Ukrajna l\u00e9gter\u00e9t.\u00a0\u00a0\u00a0\u00a0\u00a0\u00a0<br \/>\n\u00a0\u00a0\u00a0\u00a0Ukr\u00e1n \u00e9rtes\u00fcl\u00e9sek szerint el\u0151z\u0151 nap \u00f6nj\u00e1r\u00f3 aknavet\u0151 rendszerekkel egy 65 vas\u00fati kocsib\u00f3l \u00e1ll\u00f3 katonai szerelv\u00e9ny \u00e9rkezett Oroszorsz\u00e1gb\u00f3l a feh\u00e9roroszorsz\u00e1gi Homel v\u00e1ros\u00e1ba, amely az ukr\u00e1n hat\u00e1rt\u00f3l mintegy 45 kilom\u00e9terre fekszik.(MTI)<\/p>\n","protected":false},"excerpt":{"rendered":"<p>A Kijev \u00e1ltal terrorellenesnek nevezett hadm\u0171velet megind\u00edt\u00e1sa \u00f3ta a szakad\u00e1rok \u00e1ltal ellen\u0151rz\u00f6tt ter\u00fclet 75 sz\u00e1zal\u00e9k\u00e1t foglalt\u00e1k vissza az ukr\u00e1n fegyveres er\u0151k, azaz jelenleg mind\u00f6ssze a kor\u00e1bbi ter\u00fclet egynegyede van a szeparatist\u00e1k megsz\u00e1ll\u00e1sa alatt &#8211; jelentette ki vas\u00e1rnap kijevi sajt\u00f3t\u00e1j\u00e9koztat\u00f3j\u00e1n Andrij Liszenko, az ukr\u00e1n Nemzetv\u00e9delmi \u00e9s Biztons\u00e1gi Tan\u00e1cs (RNBO) sz\u00f3viv\u0151je.<\/p>\n","protected":false},"author":1,"featured_media":0,"comment_status":"open","ping_status":"closed","sticky":false,"template":"","format":"standard","meta":[],"categories":[139],"tags":[],"_links":{"self":[{"href":"https:\/\/gazdasagportal.hu\/index.php\/wp-json\/wp\/v2\/posts\/40957"}],"collection":[{"href":"https:\/\/gazdasagportal.hu\/index.php\/wp-json\/wp\/v2\/posts"}],"about":[{"href":"https:\/\/gazdasagportal.hu\/index.php\/wp-json\/wp\/v2\/types\/post"}],"author":[{"embeddable":true,"href":"https:\/\/gazdasagportal.hu\/index.php\/wp-json\/wp\/v2\/users\/1"}],"replies":[{"embeddable":true,"href":"https:\/\/gazdasagportal.hu\/index.php\/wp-json\/wp\/v2\/comments?post=40957"}],"version-history":[{"count":1,"href":"https:\/\/gazdasagportal.hu\/index.php\/wp-json\/wp\/v2\/posts\/40957\/revisions"}],"predecessor-version":[{"id":40958,"href":"https:\/\/gazdasagportal.hu\/index.php\/wp-json\/wp\/v2\/posts\/40957\/revisions\/40958"}],"wp:attachment":[{"href":"https:\/\/gazdasagportal.hu\/index.php\/wp-json\/wp\/v2\/media?parent=40957"}],"wp:term":[{"taxonomy":"category","embeddable":true,"href":"https:\/\/gazdasagportal.hu\/index.php\/wp-json\/wp\/v2\/categories?post=40957"},{"taxonomy":"post_tag","embeddable":true,"href":"https:\/\/gazdasagportal.hu\/index.php\/wp-json\/wp\/v2\/tags?post=40957"}],"curies":[{"name":"wp","href":"https:\/\/api.w.org\/{rel}","templated":true}]}}