{"id":40951,"date":"2014-08-03T14:06:21","date_gmt":"2014-08-03T12:06:21","guid":{"rendered":"http:\/\/stockportal.hu\/?p=40951"},"modified":"2014-08-03T14:06:21","modified_gmt":"2014-08-03T12:06:21","slug":"gazai-konfliktus-a-der-spiegel-szerint-izrael-lehallgatta-kerryt-a-beketargyalasok-idejen","status":"publish","type":"post","link":"https:\/\/gazdasagportal.hu\/index.php\/gazai-konfliktus-a-der-spiegel-szerint-izrael-lehallgatta-kerryt-a-beketargyalasok-idejen\/","title":{"rendered":"G\u00e1zai konfliktus \u2013 A Der Spiegel szerint Izrael lehallgatta Kerryt a b\u00e9ket\u00e1rgyal\u00e1sok idej\u00e9n"},"content":{"rendered":"<p><strong>Az izraeli titkosszolg\u00e1lat lehallgatta Joh Kerry amerikai k\u00fcl\u00fcgyminisztert a legut\u00f3bbi izraeli-palesztin b\u00e9ket\u00e1rgyal\u00e1sok idej\u00e9n &#8211; \u00edrta a Der Spiegel.<\/strong><!--more--><\/p>\n<p>\u00a0\u00a0\u00a0\u00a0A n\u00e9met hetilap a vas\u00e1rnapi sz\u00e1m\u00e1ban azt \u00edrta, hogy a kilenc h\u00f3napig tart\u00f3 t\u00e1rgyal\u00e1ssorozat ut\u00e1n az id\u00e9n \u00e1prilisban kudarcba fulladt folyamat idej\u00e9n Kerry majdnem minden nap egyeztetett k\u00f6zel-keleti partnereivel telefonon. Amikor otthon volt a georgetowni vill\u00e1j\u00e1ban, akkor egy lehallgat\u00e1sbiztos vonalon h\u00edvta fel \u0151ket, de amikor \u00faton volt \u00e9s s\u00fcrg\u0151sen besz\u00e9lni kellett egyik-m\u00e1sik partnerrel, akkor az amerikai nemzetbiztons\u00e1gi szolg\u00e1latok aggodalmait figyelmen k\u00edv\u00fcl hagyva szokv\u00e1nyos m\u0171holdas telefont haszn\u00e1lt.<br \/>\n\u00a0\u00a0\u00a0\u00a0Ezeknek a besz\u00e9lget\u00e9seknek a nagy r\u00e9sz\u00e9t lehallgatta legal\u00e1bb k\u00e9t titkosszolg\u00e1lat. Az egyik izraeli volt &#8211; \u00edrta a Der Spiegel h\u00edrszerz\u0151 k\u00f6r\u00f6kb\u0151l sz\u00e1rmaz\u00f3 \u00e9rtes\u00fcl\u00e9sekre hivatkozva. A lap arr\u00f3l nem \u00edrt, hogy mely izraeli szolg\u00e1latr\u00f3l lehet sz\u00f3, de azt megjegyezte, hogy val\u00f3sz\u00edn\u0171leg az oroszok \u00e9s a k\u00ednaiak is lehallgatt\u00e1k Kerry m\u0171holdas telefonnal folytatott besz\u00e9lget\u00e9seit.<br \/>\n\u00a0\u00a0\u00a0\u00a0Az izraeli korm\u00e1ny felhaszn\u00e1lta a lehallgat\u00e1ssal szerzett inform\u00e1ci\u00f3kat a t\u00e1rgyal\u00e1si folyamatban, amelyben Kerry k\u00f6zvet\u00edt\u0151k\u00e9nt vett r\u00e9szt. Tev\u00e9kenys\u00e9g\u00e9t az izraeli vezet\u00e9s hevesen b\u00edr\u00e1lta. Az amerikai diplom\u00e1cia vezet\u0151je &#8222;megsz\u00e1llott&#8221;, \u00e9s \u00fagy viselkedik, mintha \u0151 lenne a megv\u00e1lt\u00f3 &#8211; id\u00e9zte e hamburgi hetilap M\u00f3se Jaalon izraeli v\u00e9delmi miniszternek az \u00e9v elej\u00e9n tett megjegyz\u00e9s\u00e9t. &#8222;M\u00e1r csak az menthet meg minket, ha Kerry elnyeri a Nobel-b\u00e9ked\u00edjat, mert akkor majd b\u00e9k\u00e9n hagy minket&#8221; &#8211; v\u00e9lekedett M\u00f3se Jaalon a Der Spiegel besz\u00e1mol\u00f3ja szerint.<br \/>\n\u00a0\u00a0\u00a0\u00a0\u00a0A Der Spiegel az amerikai k\u00fcl\u00fcgyminiszterr\u0151l sz\u00f3l\u00f3 portr\u00e9j\u00e1ban kiemelte, hogy Kerry &#8222;a r\u00e9gi iskola&#8221; k\u00f6vet\u0151je, vagyis annak a k\u00fclpolitikai felfog\u00e1snak a k\u00e9pvisel\u0151je, amely szerint az Egyes\u00fclt \u00c1llamoknak vezet\u0151 szerepet kell bet\u00f6ltenie a vil\u00e1gpolitik\u00e1ban, \u00e9s ez\u00e9rt k\u00f6zvet\u00edt\u0151k\u00e9nt, sz\u00fcks\u00e9g eset\u00e9n pedig &#8222;a vil\u00e1g rend\u0151rjek\u00e9nt&#8221; kell fell\u00e9pnie a nemzetk\u00f6zi jelent\u0151s\u00e9g\u0171 konfliktusokban.<br \/>\n\u00a0\u00a0\u00a0\u00a0Barack Obama eln\u00f6k m\u00e1s felfog\u00e1st k\u00e9pvisel, \u0151 a belpolitik\u00e1ra \u00f6sszpontos\u00edt, \u00e9s \u00fagy v\u00e9li, hogy az Egyes\u00fclt \u00c1llamoknak nem kell mindenben r\u00e9szt vennie a nemzetk\u00f6zi politik\u00e1ban.<br \/>\n\u00a0\u00a0\u00a0\u00a0Kerrynek a k\u00f6zel-keleti v\u00e1ls\u00e1g miatt nem volt ideje interj\u00fat adni, de \u00edr\u00e1sban v\u00e1laszolt n\u00e9h\u00e1ny k\u00e9rd\u00e9sre. Arra a felvet\u00e9sre, hogy elk\u00e9pzelhet\u0151-e egy olyan vil\u00e1g, amelyben egy m\u00e1sik orsz\u00e1g, p\u00e9ld\u00e1ul K\u00edna veszi \u00e1t a hegem\u00f3n szerep\u00e9t az Egyes\u00fclt \u00c1llamokt\u00f3l, a k\u00fcl\u00fcgyminiszter azt \u00edrta, hogy ilyesmi &#8222;soha&#8221; nem fordulhat el\u0151, \u00e9s &#8222;senki nem is v\u00e1r m\u00e1st Amerik\u00e1t\u00f3l, mint azt, hogy ir\u00e1ny\u00edtson&#8221;.<br \/>\n\u00a0\u00a0\u00a0\u00a0A lap r\u00e1mutatott, hogy Kerry h\u0151sk\u00e9nt vonulhat be a t\u00f6rt\u00e9nelembe, ha siker\u00fcl meg\u00e1llapod\u00e1sra jutni Ir\u00e1nnal a perzsa \u00e1llam vitatott atomprogramj\u00e1r\u00f3l, vagy ha siker\u00fcl meg\u00e1llapod\u00e1st el\u00e9rni az izraeli-palesztin konfliktusban, de ak\u00e1r az amerikai k\u00fclpolitika hanyatl\u00e1s\u00e1nak jelk\u00e9p\u00e9v\u00e9 is v\u00e1lhat, ha t\u00f6rekv\u00e9sei mind kudarccal v\u00e9gz\u0151dnek.(MTI)<\/p>\n","protected":false},"excerpt":{"rendered":"<p>Az izraeli titkosszolg\u00e1lat lehallgatta Joh Kerry amerikai k\u00fcl\u00fcgyminisztert a legut\u00f3bbi izraeli-palesztin b\u00e9ket\u00e1rgyal\u00e1sok idej\u00e9n &#8211; \u00edrta a Der Spiegel.<\/p>\n","protected":false},"author":1,"featured_media":0,"comment_status":"open","ping_status":"closed","sticky":false,"template":"","format":"standard","meta":[],"categories":[16],"tags":[],"_links":{"self":[{"href":"https:\/\/gazdasagportal.hu\/index.php\/wp-json\/wp\/v2\/posts\/40951"}],"collection":[{"href":"https:\/\/gazdasagportal.hu\/index.php\/wp-json\/wp\/v2\/posts"}],"about":[{"href":"https:\/\/gazdasagportal.hu\/index.php\/wp-json\/wp\/v2\/types\/post"}],"author":[{"embeddable":true,"href":"https:\/\/gazdasagportal.hu\/index.php\/wp-json\/wp\/v2\/users\/1"}],"replies":[{"embeddable":true,"href":"https:\/\/gazdasagportal.hu\/index.php\/wp-json\/wp\/v2\/comments?post=40951"}],"version-history":[{"count":1,"href":"https:\/\/gazdasagportal.hu\/index.php\/wp-json\/wp\/v2\/posts\/40951\/revisions"}],"predecessor-version":[{"id":40952,"href":"https:\/\/gazdasagportal.hu\/index.php\/wp-json\/wp\/v2\/posts\/40951\/revisions\/40952"}],"wp:attachment":[{"href":"https:\/\/gazdasagportal.hu\/index.php\/wp-json\/wp\/v2\/media?parent=40951"}],"wp:term":[{"taxonomy":"category","embeddable":true,"href":"https:\/\/gazdasagportal.hu\/index.php\/wp-json\/wp\/v2\/categories?post=40951"},{"taxonomy":"post_tag","embeddable":true,"href":"https:\/\/gazdasagportal.hu\/index.php\/wp-json\/wp\/v2\/tags?post=40951"}],"curies":[{"name":"wp","href":"https:\/\/api.w.org\/{rel}","templated":true}]}}