{"id":40804,"date":"2014-07-31T16:42:48","date_gmt":"2014-07-31T14:42:48","guid":{"rendered":"http:\/\/stockportal.hu\/?p=40804"},"modified":"2014-07-31T16:43:18","modified_gmt":"2014-07-31T14:43:18","slug":"kulfoldi-sajto-magyarorszagrol-financial-times-la-libre-belgique-die-zeit-zdf-gazeta-wyborcza-rzeczpospolita","status":"publish","type":"post","link":"https:\/\/gazdasagportal.hu\/index.php\/kulfoldi-sajto-magyarorszagrol-financial-times-la-libre-belgique-die-zeit-zdf-gazeta-wyborcza-rzeczpospolita\/","title":{"rendered":"K\u00fclf\u00f6ldi sajt\u00f3 Magyarorsz\u00e1gr\u00f3l &#8211; Financial Times, La Libre Belgique, Die Zeit, ZDF, Gazeta Wyborcza, Rzeczpospolita"},"content":{"rendered":"<p><strong>\u00a0Orb\u00e1n besz\u00e9de aggodalmakat sz\u00fclt Magyarorsz\u00e1gon &#8211; \u00edrja a Financial Times c\u00edm\u0171 brit gazdas\u00e1gi \u00e9s politikai napilap eur\u00f3pai kiad\u00e1s\u00e1nak cs\u00fct\u00f6rt\u00f6ki sz\u00e1m\u00e1ban Budapestr\u0151l Kester Eddy Orb\u00e1n Viktor tusn\u00e1df\u00fcrd\u0151i besz\u00e9d\u00e9r\u0151l \u00e9s az arra sz\u00fcletett reakci\u00f3kr\u00f3l.<!--more--><\/strong><br \/>\n<div class=\"ads-in-post1\"><div id=\"gazdasagportal.hu_fullbanner_wideboard\"><\/div>\r\n<\/div>\n<p>A szerz\u0151 \u00f6sszefoglalja a besz\u00e9det, s ismerteti az Egy\u00fctt-PM-es Szigetv\u00e1ri Viktor, T\u00f3bi\u00e1s J\u00f3zsef MSZP-eln\u00f6k \u00e9s Mark\u00f3 B\u00e9la RMDSZ-politikus \u00e1ll\u00e1spontj\u00e1t. Id\u00e9zi Orb\u00e1n Viktor, hogy a liber\u00e1lis demokr\u00e1ci\u00e1k glob\u00e1lisan nem versenyk\u00e9pesek, a Magyarorsz\u00e1gon \u00e9p\u00fcl\u0151 \u00e1llam pedig nem liber\u00e1lis term\u00e9szet\u0171. Eddy kiemeli azt is, hogy a korm\u00e1nyf\u0151 hangs\u00falyozta: ez az \u00e1llam sem tagadja a liberalizmus alapvet\u0151 \u00e9rt\u00e9keit, p\u00e9ld\u00e1ul a szabads\u00e1got. Ennek ellen\u00e9re a besz\u00e9d a tud\u00f3s\u00edt\u00f3 szerint \u00e1ltal\u00e1nos felh\u00e1borod\u00e1st v\u00e1ltott ki az ellenz\u00e9k k\u00f6r\u00e9ben. A tud\u00f3s\u00edt\u00f3 \u00fagy \u00e9rt\u00e9keli, hogy a besz\u00e9d Orb\u00e1n Viktor politikai filoz\u00f3fi\u00e1j\u00e1nak eddigi legmer\u00e9szebb ismertet\u00e9se volt, amely ellenz\u0151i szerint szembehelyezi \u0151t az Eur\u00f3pai Uni\u00f3 elveivel. A lap eml\u00e9keztet, hogy tavasszal az Orb\u00e1n Viktor vezette Fidesz ism\u00e9t k\u00e9tharmados t\u00f6bbs\u00e9get tudott szerezni a v\u00e1laszt\u00e1sokon, &#8222;annak ellen\u00e9re&#8221;, hogy t\u00f6bbsz\u00f6r \u00f6sszecsapott az EU-val olyan int\u00e9zked\u00e9sek miatt, amelyek b\u00edr\u00e1l\u00f3i szerint sz\u0171k\u00edtett\u00e9k a sajt\u00f3szabads\u00e1got \u00e9s a demokratikus szabads\u00e1gjogokat.<br \/>\nBesz\u00e1mol a besz\u00e9dr\u0151l budapesti tud\u00f3s\u00edt\u00e1s\u00e1ban Belgium m\u00e1sodik legnagyobb p\u00e9ld\u00e1nysz\u00e1m\u00fa franciaajk\u00fa napilapja, a La Libre Belgique is, amely szerint a minisztereln\u00f6k olyan \u00fatvonalat v\u00e1zolt fel, amely \u00e9l\u00e9nk aggodalmakat keltett Magyarorsz\u00e1gon. Corentin L\u00e9otard, a lap budapesti tud\u00f3s\u00edt\u00f3ja megjegyzi: nem ez az els\u0151 alkalom, hogy Orb\u00e1n Viktor t\u00e1vols\u00e1got tart a Nyugatt\u00f3l, s olyan hangokat hallani, amelyek a &#8222;neofeudalizmus&#8221; egy form\u00e1ja ellen emelnek sz\u00f3t, el\u00edt\u00e9lve azt a rendszert, amelyben a lojalit\u00e1son k\u00edv\u00fcl m\u00e1s nem sz\u00e1m\u00edt. A tud\u00f3s\u00edt\u00e1s szerint Orb\u00e1n Viktor &#8222;most minden eddigin\u00e9l messzebbre ment&#8221;. A tud\u00f3s\u00edt\u00f3 szerint Magyarorsz\u00e1g &#8222;ultrapolariz\u00e1lt&#8221;, sz\u00e9ls\u0151s\u00e9gesen megosztott a jobb- \u00e9s baloldal k\u00f6z\u00f6tt, a b\u00edr\u00e1latok \u00e9lesek, \u00e9s egym\u00e1st \u00e9rik a k\u00fcl\u00f6nf\u00e9le \u00e9rtelmez\u00e9sek arra vonatkoz\u00f3an, mit \u00e9rt a minisztereln\u00f6k illiber\u00e1lis \u00e1llamon, majd ismerteti az Egy\u00fctt-PM, valamint a liber\u00e1lis Fodor G\u00e1bor, tov\u00e1bb\u00e1 Tam\u00e1s G\u00e1sp\u00e1r Mikl\u00f3s \u00e9s t\u00f6bb politikai elemz\u0151 v\u00e9lem\u00e9ny\u00e9t. &#8222;B\u00e1rmi legyen is, a dolgok felgyorsulnak Magyarorsz\u00e1gon, \u00e9s senkinek nincs hatalma ahhoz, hogy megf\u00e9kezze az orsz\u00e1g er\u0151s ember\u00e9nek amb\u00edci\u00f3it&#8221; &#8211; f\u0171zi hozz\u00e1 a tud\u00f3s\u00edt\u00f3, r\u00e1mutatva, hogy a Fideszben nem hallani a minisztereln\u00f6knek ellentmond\u00f3 hangokat, az ellenz\u00e9k pedig egyszerre megosztott \u00e9s n\u00e9pszer\u0171tlen.<br \/>\nA Die Zeit c\u00edm\u0171 liber\u00e1lis n\u00e9met hetilap is a tusn\u00e1df\u00fcrd\u0151i besz\u00e9dr\u0151l k\u00f6z\u00f6lt cikket online kiad\u00e1s\u00e1ban, a ZDF orsz\u00e1gos k\u00f6zszolg\u00e1lati tv h\u00edrport\u00e1lja pedig az Oroszorsz\u00e1ggal szembeni uni\u00f3s szankci\u00f3kkal kapcsolatban k\u00f6z\u00f6lt \u00edr\u00e1st Magyarorsz\u00e1gr\u00f3l. A Die Zeit Orb\u00e1n Putyint j\u00e1tszik c\u00edmmel k\u00f6z\u00f6lte Michal Kokot \u00edr\u00e1s\u00e1t, aki kiemelte: Orb\u00e1n Viktor &#8222;befejezettnek nyilv\u00e1n\u00edtotta orsz\u00e1g\u00e1ban a nyugati liber\u00e1lis demokr\u00e1ci\u00e1t&#8221;, s Oroszorsz\u00e1g, K\u00edna \u00e9s T\u00f6r\u00f6korsz\u00e1g &#8222;p\u00e9ld\u00e1j\u00e1t akarja k\u00f6vetni&#8221;. A korm\u00e1nyf\u0151 Tusn\u00e1df\u00fcrd\u0151n &#8222;olyan ny\u00edlts\u00e1ggal fogalmazott politikai elk\u00e9pzel\u00e9seir\u0151l, mint m\u00e9g soha&#8221;. Vil\u00e1goss\u00e1 tette, hogy &#8222;az autoriter hatalomgyakorl\u00e1s protot\u00edpusaik\u00e9nt&#8221; sz\u00e1mon tartott orsz\u00e1gokat k\u00edv\u00e1n k\u00f6vetni, s &#8222;nem szeretne t\u00f6bb k\u00fclf\u00f6ldit megt\u0171rni orsz\u00e1g\u00e1ban&#8221;, tov\u00e1bb\u00e1 &#8222;ny\u00edlt t\u00e1mad\u00e1st int\u00e9zett a civil szervezetek ellen, amelyeket \u00e9vekkel ezel\u0151tt m\u00e9g v\u00e9delm\u00e9be vett&#8221; &#8211; tette hozz\u00e1 a Die Zeit szerz\u0151je. \u00dagy v\u00e9lte, a minisztereln\u00f6k &#8222;autoriter, Nyugat-ellenes viselked\u00e9s\u00e9ben nincs \u00fajdons\u00e1g&#8221;, az viszont \u00faj, hogy &#8222;ny\u00edlt sisakkal l\u00e9p fel&#8221;, hiszen kor\u00e1bban &#8222;embereire b\u00edzta a piszkos munk\u00e1t&#8221;.<br \/>\n<a title=\"Hely megnyit\u00e1sa\" href=\"http:\/\/www.zeit.de\/politik\/ausland\/2014-07\/viktor-orban-ungarn-demokratie\/komplettansicht\" target=\"_blank\" rel=\"noopener\">http:\/\/www.zeit.de\/politik\/ausland\/2014-07\/viktor-orban-ungarn-demokratie\/komplettansicht<\/a><br \/>\nA ZDF heute.de c\u00edm\u0171 h\u00edrport\u00e1lj\u00e1n \u00f6ssze\u00e1ll\u00edt\u00e1st k\u00f6z\u00f6lt arr\u00f3l, mik\u00e9nt viszonyulnak egyes uni\u00f3s tag\u00e1llamok az Oroszorsz\u00e1ggal szembeni szankci\u00f3khoz. Az \u00f6ssze\u00e1ll\u00edt\u00e1s Magyarorsz\u00e1ggal sz\u00f3l\u00f3 r\u00e9sz\u00e9ben a szerz\u0151, Stephan Merseburger kiemelte, hogy Magyarorsz\u00e1g az energiapolitik\u00e1ban &#8222;teljes m\u00e9rt\u00e9kben Moszkv\u00e1ra t\u00e1maszkodik&#8221;, s mik\u00f6zben m\u00e1s tag\u00e1llamok az Oroszorsz\u00e1gt\u00f3l val\u00f3 f\u00fcgg\u00e9s cs\u00f6kkent\u00e9s\u00e9re t\u00f6rekszenek, &#8222;a probl\u00e9m\u00e1s gyerek Magyarorsz\u00e1g szemmel l\u00e1that\u00f3an gondtalanul rohan az orosz medve karjaiba&#8221;.<br \/>\n<a title=\"Hely megnyit\u00e1sa\" href=\"http:\/\/www.heute.de\/warum-europa-lange-die-sanktionen-gegen-putin-scheute-34285336.html\" target=\"_blank\" rel=\"noopener\">http:\/\/www.heute.de\/warum-europa-lange-die-sanktionen-gegen-putin-scheute-34285336.html<\/a><br \/>\n\u201eHa a PiS hatalomra ker\u00fcl\u201d c\u00edmmel Rafal Chwedoruk lengyel politol\u00f3gussal k\u00f6z\u00f6lt interj\u00fat kedden a Rzeczpospolita c\u00edm\u0171 napilap. Agnieszka Kalinowska, a lap \u00fajs\u00e1g\u00edr\u00f3ja mindenekel\u0151tt az egyes\u00fcl\u0151 \u00e9s az ut\u00f3bbi hetekben er\u0151s\u00f6d\u0151 lengyel jobboldal v\u00e1laszt\u00e1si strat\u00e9gi\u00e1j\u00e1r\u00f3l k\u00e9rdezte a lengyel politol\u00f3gust, ezenbel\u00fcl azokr\u00f3l az ihletekr\u0151l, amelyeket Orb\u00e1n Viktor politik\u00e1ja ny\u00fajt. Chwedoruk \u00fagy v\u00e9li, ha a k\u00f6vetkez\u0151 v\u00e1laszt\u00e1sokat Lengyelorsz\u00e1gban a most ellenz\u00e9ki Jog \u00e9s Igazs\u00e1goss\u00e1g (PiS) nyern\u00e9, gazdas\u00e1gpolitik\u00e1j\u00e1ban a mai Magyarorsz\u00e1g lesz a minta. A politol\u00f3gus \u00edgy elemzi Orb\u00e1n Viktor politikai ir\u00e1nyults\u00e1g\u00e1t: \u201eEgy konzervat\u00edv p\u00e1rt eln\u00f6kek\u00e9nt egyszerre liber\u00e1lis \u00e9s szocialista.\u201d Olyan l\u00e9p\u00e9sei \u00e9rt\u00e9kelhet\u0151k baloldalik\u00e9nt, mint a nagyv\u00e1llalatok megad\u00f3ztat\u00e1sa, az \u00e1llamh\u00e1ztart\u00e1sban v\u00e9grehajtott reformok \u00e9s az egykulcsos ad\u00f3. Chwedoruk szerint a PiS Orb\u00e1n kisv\u00e1llalkoz\u00e1sokkal szemben tan\u00fas\u00edtott magatart\u00e1s\u00e1t is k\u00f6vethetn\u00e9. \u201eOrb\u00e1n majdnem h\u00e1bor\u00faba ment a nagy nemzetk\u00f6zi c\u00e9gekkel, ugyanakkor a kedvezm\u00e9nyek r\u00e9v\u00e9n a kisv\u00e1llalkoz\u00f3kb\u00f3l \u00e1ll\u00f3 hazai k\u00f6z\u00e9pr\u00e9teg kialak\u00edt\u00e1s\u00e1ra t\u00f6rekszik\u201d. A lengyel \u00e9s a magyar konzervat\u00edvok k\u00f6z\u00f6tt viszont elt\u00e9r\u00e9st l\u00e1t egyes k\u00fclpolitikai k\u00e9rd\u00e9sekben Chwedoruk: Magyarorsz\u00e1g Szlov\u00e1ki\u00e1hoz \u00e9s Csehorsz\u00e1ghoz hasonl\u00f3an jelen van a nyugati strukt\u00far\u00e1kban, \u201ede j\u00f3 viszonyban marad Oroszorsz\u00e1ggal \u00e9s K\u00edn\u00e1val, ami gazdas\u00e1g\u00e1ra n\u00e9zve gyakran kedvez\u0151\u201d.\u00a0<a title=\"Hely megnyit\u00e1sa\" href=\"http:\/\/www.rp.pl\/artykul\/1129477-A-gdy-PiS-dojdzie-do-wladzy---.html\" target=\"_blank\" rel=\"noopener\">http:\/\/www.rp.pl\/artykul\/1129477-A-gdy-PiS-dojdzie-do-wladzy&#8212;.html<\/a><\/p>\n<p><span style=\"font-size: 14px; line-height: 1.5em;\">(MTI)<\/span><\/p>\n","protected":false},"excerpt":{"rendered":"<p>\u00a0Orb\u00e1n besz\u00e9de aggodalmakat sz\u00fclt Magyarorsz\u00e1gon &#8211; \u00edrja a Financial Times c\u00edm\u0171 brit gazdas\u00e1gi \u00e9s politikai napilap eur\u00f3pai kiad\u00e1s\u00e1nak cs\u00fct\u00f6rt\u00f6ki sz\u00e1m\u00e1ban Budapestr\u0151l Kester Eddy Orb\u00e1n Viktor tusn\u00e1df\u00fcrd\u0151i besz\u00e9d\u00e9r\u0151l \u00e9s az arra sz\u00fcletett reakci\u00f3kr\u00f3l.<\/p>\n","protected":false},"author":1,"featured_media":0,"comment_status":"open","ping_status":"closed","sticky":false,"template":"","format":"standard","meta":[],"categories":[18],"tags":[],"_links":{"self":[{"href":"https:\/\/gazdasagportal.hu\/index.php\/wp-json\/wp\/v2\/posts\/40804"}],"collection":[{"href":"https:\/\/gazdasagportal.hu\/index.php\/wp-json\/wp\/v2\/posts"}],"about":[{"href":"https:\/\/gazdasagportal.hu\/index.php\/wp-json\/wp\/v2\/types\/post"}],"author":[{"embeddable":true,"href":"https:\/\/gazdasagportal.hu\/index.php\/wp-json\/wp\/v2\/users\/1"}],"replies":[{"embeddable":true,"href":"https:\/\/gazdasagportal.hu\/index.php\/wp-json\/wp\/v2\/comments?post=40804"}],"version-history":[{"count":2,"href":"https:\/\/gazdasagportal.hu\/index.php\/wp-json\/wp\/v2\/posts\/40804\/revisions"}],"predecessor-version":[{"id":40806,"href":"https:\/\/gazdasagportal.hu\/index.php\/wp-json\/wp\/v2\/posts\/40804\/revisions\/40806"}],"wp:attachment":[{"href":"https:\/\/gazdasagportal.hu\/index.php\/wp-json\/wp\/v2\/media?parent=40804"}],"wp:term":[{"taxonomy":"category","embeddable":true,"href":"https:\/\/gazdasagportal.hu\/index.php\/wp-json\/wp\/v2\/categories?post=40804"},{"taxonomy":"post_tag","embeddable":true,"href":"https:\/\/gazdasagportal.hu\/index.php\/wp-json\/wp\/v2\/tags?post=40804"}],"curies":[{"name":"wp","href":"https:\/\/api.w.org\/{rel}","templated":true}]}}