{"id":40741,"date":"2014-07-31T02:55:26","date_gmt":"2014-07-31T00:55:26","guid":{"rendered":"http:\/\/stockportal.hu\/?p=40741"},"modified":"2014-07-30T21:56:08","modified_gmt":"2014-07-30T19:56:08","slug":"ukran-valsag-moszkva-elleni-szankciokat-helyeztek-kilatasba-a-g7-csoport-vezetoi","status":"publish","type":"post","link":"https:\/\/gazdasagportal.hu\/index.php\/ukran-valsag-moszkva-elleni-szankciokat-helyeztek-kilatasba-a-g7-csoport-vezetoi\/","title":{"rendered":"Ukr\u00e1n v\u00e1ls\u00e1g &#8211; Moszkva elleni szankci\u00f3kat helyeztek kil\u00e1t\u00e1sba a G7-csoport vezet\u0151i"},"content":{"rendered":"<p><strong>K\u00f6z\u00f6s nyilatkozatban figyelmeztett\u00e9k szerd\u00e1n a G7-csoport vezet\u0151i Oroszorsz\u00e1got, hogy szankci\u00f3kkal kell szemben\u00e9znie, ha nem v\u00e1ltoztat az Ukrajn\u00e1val kapcsolatos politik\u00e1j\u00e1n.<\/strong><!--more--><br \/>\n<div class=\"ads-in-post1\"><div id=\"gazdasagportal.hu_fullbanner_wideboard\"><\/div>\r\n<\/div>\n<p>    Az Egyes\u00fclt \u00c1llamok, Kanada, Nagy-Britannia, Franciaorsz\u00e1g, N\u00e9metorsz\u00e1g, Olaszorsz\u00e1g \u00e9s Jap\u00e1n vezet\u0151i m\u00e9lys\u00e9ges aggodalmuknak adtak hangot az orosz l\u00e9p\u00e9sek miatt, amelyek &#8222;al\u00e1akn\u00e1zt\u00e1k Ukrajna szuverenit\u00e1s\u00e1t, ter\u00fcleti \u00e9ps\u00e9g\u00e9t \u00e9s f\u00fcggetlens\u00e9g\u00e9t&#8221;.<br \/>\n    A nyilatkozat al\u00e1\u00edr\u00f3i szerint Oroszorsz\u00e1gnak m\u00e9g mindig lehet\u0151s\u00e9ge van a helyzet csillap\u00edt\u00e1s\u00e1ra. R\u00e1mutattak arra, hogy ellenkez\u0151 esetben k\u00e9szek lesznek magasabb \u00e1rat fizettetni Moszkv\u00e1val a tettei\u00e9rt.<br \/>\n    G7-csoport tag\u00e1llamainak vezet\u0151i felsz\u00f3l\u00edtottak minden felet, hogy l\u00e9ptessenek \u00e9letbe t\u0171zsz\u00fcnetet a Kelet-Ukrajna felett j\u00falius 17-\u00e9n lel\u0151tt mal\u00e1j utassz\u00e1ll\u00edt\u00f3 lezuhan\u00e1s\u00e1nak helysz\u00edn\u00e9n. Emellett s\u00fcrgett\u00e9k, hogy j\u00f6jj\u00f6n l\u00e9tre fenntarthat\u00f3 fegyvernyugv\u00e1s az ukr\u00e1n hadsereg \u00e9s az Oroszorsz\u00e1ghoz h\u00faz\u00f3 kelet-ukrajnai szakad\u00e1rok k\u00f6z\u00f6tt.(MTI)<\/p>\n","protected":false},"excerpt":{"rendered":"<p>K\u00f6z\u00f6s nyilatkozatban figyelmeztett\u00e9k szerd\u00e1n a G7-csoport vezet\u0151i Oroszorsz\u00e1got, hogy szankci\u00f3kkal kell szemben\u00e9znie, ha nem v\u00e1ltoztat az Ukrajn\u00e1val kapcsolatos politik\u00e1j\u00e1n.<\/p>\n","protected":false},"author":1,"featured_media":0,"comment_status":"open","ping_status":"closed","sticky":false,"template":"","format":"standard","meta":[],"categories":[139],"tags":[],"_links":{"self":[{"href":"https:\/\/gazdasagportal.hu\/index.php\/wp-json\/wp\/v2\/posts\/40741"}],"collection":[{"href":"https:\/\/gazdasagportal.hu\/index.php\/wp-json\/wp\/v2\/posts"}],"about":[{"href":"https:\/\/gazdasagportal.hu\/index.php\/wp-json\/wp\/v2\/types\/post"}],"author":[{"embeddable":true,"href":"https:\/\/gazdasagportal.hu\/index.php\/wp-json\/wp\/v2\/users\/1"}],"replies":[{"embeddable":true,"href":"https:\/\/gazdasagportal.hu\/index.php\/wp-json\/wp\/v2\/comments?post=40741"}],"version-history":[{"count":1,"href":"https:\/\/gazdasagportal.hu\/index.php\/wp-json\/wp\/v2\/posts\/40741\/revisions"}],"predecessor-version":[{"id":40742,"href":"https:\/\/gazdasagportal.hu\/index.php\/wp-json\/wp\/v2\/posts\/40741\/revisions\/40742"}],"wp:attachment":[{"href":"https:\/\/gazdasagportal.hu\/index.php\/wp-json\/wp\/v2\/media?parent=40741"}],"wp:term":[{"taxonomy":"category","embeddable":true,"href":"https:\/\/gazdasagportal.hu\/index.php\/wp-json\/wp\/v2\/categories?post=40741"},{"taxonomy":"post_tag","embeddable":true,"href":"https:\/\/gazdasagportal.hu\/index.php\/wp-json\/wp\/v2\/tags?post=40741"}],"curies":[{"name":"wp","href":"https:\/\/api.w.org\/{rel}","templated":true}]}}