{"id":40737,"date":"2014-07-30T21:34:45","date_gmt":"2014-07-30T19:34:45","guid":{"rendered":"http:\/\/stockportal.hu\/?p=40737"},"modified":"2014-07-30T21:34:45","modified_gmt":"2014-07-30T19:34:45","slug":"fidesz-megvedjuk-a-nyugdijrendszert","status":"publish","type":"post","link":"https:\/\/gazdasagportal.hu\/index.php\/fidesz-megvedjuk-a-nyugdijrendszert\/","title":{"rendered":"Fidesz: megv\u00e9dj\u00fck a nyugd\u00edjrendszert"},"content":{"rendered":"<p><strong>A Fidesz tov\u00e1bbra is megv\u00e9di a nyugd\u00edjrendszert, nemcsak meg\u0151rzi, hanem n\u00f6veli a nyugd\u00edjak \u00e9rt\u00e9k\u00e9t &#8211; reag\u00e1lt a korm\u00e1nyp\u00e1rt orsz\u00e1ggy\u0171l\u00e9si frakci\u00f3ja szerd\u00e1n k\u00f6zlem\u00e9nyben a DK \u00e1ll\u00e1spontj\u00e1ra.<\/strong><!--more--><br \/>\n<div class=\"ads-in-post1\"><div id=\"gazdasagportal.hu_fullbanner_wideboard\"><\/div>\r\n<\/div>\n<p>    Gy. N\u00e9meth Erzs\u00e9bet, a DK eln\u00f6ks\u00e9gi tagja el\u0151z\u0151leg embertelennek \u00e9s igazs\u00e1gtalannak nevezte a N\u00e9pesed\u00e9si Kerekasztal javaslat\u00e1t, amely a felnevelt gyermekek sz\u00e1m\u00e1t \u00e9s azok iskol\u00e1zotts\u00e1g\u00e1t is figyelembe vev\u0151 nyugd\u00edjmeg\u00e1llap\u00edt\u00e1sr\u00f3l sz\u00f3lt.<br \/>\n    A Fidesz-frakci\u00f3 k\u00f6zlem\u00e9nye szerint folytatj\u00e1k a nyugd\u00edjak v\u00e9delm\u00e9t, \u00e9s a rezsics\u00f6kkent\u00e9ssel a nyugd\u00edjasokat is seg\u00edtik, ellent\u00e9tben a Gyurcs\u00e1ny- \u00e9s a Bajnai-korm\u00e1nnyal, amelyek &#8222;egyhavi nyugd\u00edjat vettek el \u00e9s be akart\u00e1k vezetni a nyugd\u00edjad\u00f3t is&#8221;.<br \/>\n    A nap folyam\u00e1n Varga Mih\u00e1ly nemzetgazdas\u00e1gi miniszter a korm\u00e1ny\u00fcl\u00e9s sz\u00fcnet\u00e9ben tartott sajt\u00f3t\u00e1j\u00e9koztat\u00f3n azt mondta: a korm\u00e1ny sem a nyugd\u00edjrendszerben, sem a nyugd\u00edjak \u00e9rt\u00e9k\u00e9t tekintve nem tervez semmilyen v\u00e1ltoz\u00e1st.<br \/>\n    A miniszter ezt arra a k\u00e9rd\u00e9sre v\u00e1laszolva mondta, hogy mi a korm\u00e1ny v\u00e9lem\u00e9nye a N\u00e9pesed\u00e9si Kerekasztal nyugd\u00edjjavaslat\u00e1r\u00f3l, amely szerint a gyermekek sz\u00e1m\u00e1hoz kellene k\u00f6tni a nyugd\u00edj \u00f6sszeg\u00e9t.<br \/>\n(MTI)<\/p>\n","protected":false},"excerpt":{"rendered":"<p>A Fidesz tov\u00e1bbra is megv\u00e9di a nyugd\u00edjrendszert, nemcsak meg\u0151rzi, hanem n\u00f6veli a nyugd\u00edjak \u00e9rt\u00e9k\u00e9t &#8211; reag\u00e1lt a korm\u00e1nyp\u00e1rt orsz\u00e1ggy\u0171l\u00e9si frakci\u00f3ja szerd\u00e1n k\u00f6zlem\u00e9nyben a DK \u00e1ll\u00e1spontj\u00e1ra.<\/p>\n","protected":false},"author":1,"featured_media":0,"comment_status":"open","ping_status":"closed","sticky":false,"template":"","format":"standard","meta":[],"categories":[18],"tags":[],"_links":{"self":[{"href":"https:\/\/gazdasagportal.hu\/index.php\/wp-json\/wp\/v2\/posts\/40737"}],"collection":[{"href":"https:\/\/gazdasagportal.hu\/index.php\/wp-json\/wp\/v2\/posts"}],"about":[{"href":"https:\/\/gazdasagportal.hu\/index.php\/wp-json\/wp\/v2\/types\/post"}],"author":[{"embeddable":true,"href":"https:\/\/gazdasagportal.hu\/index.php\/wp-json\/wp\/v2\/users\/1"}],"replies":[{"embeddable":true,"href":"https:\/\/gazdasagportal.hu\/index.php\/wp-json\/wp\/v2\/comments?post=40737"}],"version-history":[{"count":1,"href":"https:\/\/gazdasagportal.hu\/index.php\/wp-json\/wp\/v2\/posts\/40737\/revisions"}],"predecessor-version":[{"id":40738,"href":"https:\/\/gazdasagportal.hu\/index.php\/wp-json\/wp\/v2\/posts\/40737\/revisions\/40738"}],"wp:attachment":[{"href":"https:\/\/gazdasagportal.hu\/index.php\/wp-json\/wp\/v2\/media?parent=40737"}],"wp:term":[{"taxonomy":"category","embeddable":true,"href":"https:\/\/gazdasagportal.hu\/index.php\/wp-json\/wp\/v2\/categories?post=40737"},{"taxonomy":"post_tag","embeddable":true,"href":"https:\/\/gazdasagportal.hu\/index.php\/wp-json\/wp\/v2\/tags?post=40737"}],"curies":[{"name":"wp","href":"https:\/\/api.w.org\/{rel}","templated":true}]}}